{"id":56780,"date":"2025-04-27T22:31:33","date_gmt":"2025-04-27T20:31:33","guid":{"rendered":"https:\/\/www.invarena.cz\/?p=56780"},"modified":"2025-04-27T22:31:34","modified_gmt":"2025-04-27T20:31:34","slug":"festival-mezi-ploty-letos-laka-na-nabity-program-restartovat-ho-pomohl-i-prezident","status":"publish","type":"post","link":"https:\/\/www.invarena.cz\/?p=56780","title":{"rendered":"Festival Mezi ploty letos l\u00e1k\u00e1 na nabit\u00fd program, restartovat ho pomohl i prezident"},"content":{"rendered":"\n<p>Festival Mezi ploty se po skromn\u00fdch pocovidov\u00fdch letech letos vrac\u00ed v pln\u00e9 s\u00edle. O v\u00edkendu 24. a 25. kv\u011btna bude po n\u00e1v\u0161t\u011bvn\u00edky p\u0159ipravena \u0159ada koncert\u016f a dal\u0161\u00edch akc\u00ed. Server Pra\u017esk\u00fd patriot si o leto\u0161n\u00edm ro\u010dn\u00edku tradi\u010dn\u00ed akce, kter\u00e1 se poprv\u00e9 konala v roce 1992, pov\u00eddal se zakladatelem a \u0159editelem projektu Mezi ploty Robertem Kozlerem.<\/p>\n\n\n\n<p>Cel\u00fd \u010dl\u00e1nek naleznete v Pra\u017esk\u00e9m Patriotu: <a href=\"https:\/\/www.prazskypatriot.cz\/festival-mezi-ploty-letos-laka-na-nabity-program-restartovat-ho-pomohl-i-prezident\/\" target=\"_blank\" rel=\"noreferrer noopener\">https:\/\/www.prazskypatriot.cz\/festival-mezi-ploty-letos-laka-na-nabity-program-restartovat-ho-pomohl-i-prezident\/<\/a><\/p>\n","protected":false},"excerpt":{"rendered":"<div class=\"mh-excerpt\"><p>Festival Mezi ploty se po skromn\u00fdch pocovidov\u00fdch letech letos vrac\u00ed v pln\u00e9 s\u00edle. O v\u00edkendu 24. a 25. kv\u011btna bude po n\u00e1v\u0161t\u011bvn\u00edky p\u0159ipravena \u0159ada koncert\u016f <a class=\"mh-excerpt-more\" href=\"https:\/\/www.invarena.cz\/?p=56780\" title=\"Festival Mezi ploty letos l\u00e1k\u00e1 na nabit\u00fd program, restartovat ho pomohl i prezident\">[&#8230;]<\/a><\/p>\n<\/div>","protected":false},"author":1,"featured_media":21562,"comment_status":"open","ping_status":"closed","sticky":false,"template":"","format":"standard","meta":{"footnotes":""},"categories":[9],"tags":[],"class_list":["post-56780","post","type-post","status-publish","format-standard","has-post-thumbnail","hentry","category-zpravy"],"_links":{"self":[{"href":"https:\/\/www.invarena.cz\/index.php?rest_route=\/wp\/v2\/posts\/56780","targetHints":{"allow":["GET"]}}],"collection":[{"href":"https:\/\/www.invarena.cz\/index.php?rest_route=\/wp\/v2\/posts"}],"about":[{"href":"https:\/\/www.invarena.cz\/index.php?rest_route=\/wp\/v2\/types\/post"}],"author":[{"embeddable":true,"href":"https:\/\/www.invarena.cz\/index.php?rest_route=\/wp\/v2\/users\/1"}],"replies":[{"embeddable":true,"href":"https:\/\/www.invarena.cz\/index.php?rest_route=%2Fwp%2Fv2%2Fcomments&post=56780"}],"version-history":[{"count":0,"href":"https:\/\/www.invarena.cz\/index.php?rest_route=\/wp\/v2\/posts\/56780\/revisions"}],"wp:featuredmedia":[{"embeddable":true,"href":"https:\/\/www.invarena.cz\/index.php?rest_route=\/wp\/v2\/media\/21562"}],"wp:attachment":[{"href":"https:\/\/www.invarena.cz\/index.php?rest_route=%2Fwp%2Fv2%2Fmedia&parent=56780"}],"wp:term":[{"taxonomy":"category","embeddable":true,"href":"https:\/\/www.invarena.cz\/index.php?rest_route=%2Fwp%2Fv2%2Fcategories&post=56780"},{"taxonomy":"post_tag","embeddable":true,"href":"https:\/\/www.invarena.cz\/index.php?rest_route=%2Fwp%2Fv2%2Ftags&post=56780"}],"curies":[{"name":"wp","href":"https:\/\/api.w.org\/{rel}","templated":true}]}}