{"id":5682,"date":"2013-05-28T01:07:47","date_gmt":"2013-05-27T23:07:47","guid":{"rendered":"http:\/\/www.invarena.cz\/?p=5682"},"modified":"2014-10-20T20:12:27","modified_gmt":"2014-10-20T18:12:27","slug":"zanik-skoly-kde-uci-zdrave-i-postizene-se-blizi-rodice-stale-bojuji","status":"publish","type":"post","link":"https:\/\/www.invarena.cz\/?p=5682","title":{"rendered":"Z\u00e1nik \u0161koly, kde u\u010d\u00ed zdrav\u00e9 i posti\u017een\u00e9, se bl\u00ed\u017e\u00ed. Rodi\u010de st\u00e1le bojuj\u00ed"},"content":{"rendered":"<p><strong>Konec nad\u011bj\u00ed. Tak to vypad\u00e1 s p\u0159erovskou Z\u0160 Mate\u0159\u00eddou\u0161ka, za jej\u00ed\u017e zachov\u00e1n\u00ed bojuj\u00ed rodi\u010de. Pot\u00e9, co se radn\u00ed rozhodli obl\u00edbenou \u0161kolu, kde se posti\u017een\u00e9 d\u011bti u\u010d\u00ed se zdrav\u00fdmi, slou\u010dit s nedalekou Z\u0160 a po\u017e\u00e1dali o v\u00fdmaz Mate\u0159\u00eddou\u0161ky, toti\u017e nyn\u00ed m\u011bsto zvolilo novou \u0159editelku.<\/strong><br \/>\n<!--more--><br \/>\nRodi\u010de se s kroky radn\u00edch st\u00e1le nehodlaj\u00ed sm\u00ed\u0159it a pokou\u0161ej\u00ed se rozhodnut\u00ed politik\u016f zvr\u00e1tit. Veden\u00ed m\u011bsta se k nim ale p\u0159\u00edli\u0161 vst\u0159\u00edcn\u011b nestav\u00ed.<\/p>\n<p>&#8222;Nikdy jsem se jedn\u00e1n\u00ed nebr\u00e1nil, ale nejsem si jist, \u017ee m\u016f\u017eeme v t\u00e9to f\u00e1zi doj\u00edt ke shod\u011b,&#8220; neskr\u00fdv\u00e1 pochyby n\u00e1m\u011bstek p\u0159erovsk\u00e9ho prim\u00e1tora Du\u0161an Hluz\u00edn, kter\u00fd m\u00e1 slu\u010dov\u00e1n\u00ed obou \u0161kol na starosti.<\/p>\n<p>Ve sporu jde p\u0159edev\u0161\u00edm o to, \u017ee podle rodi\u010d\u016f radnice slu\u010duje neslu\u010diteln\u00e9. Tedy \u0161kolu s integra\u010dn\u00edm programem a klasickou, kde podle nich na pot\u0159eby posti\u017een\u00fdch d\u011bt\u00ed nebude br\u00e1n takov\u00fd z\u0159etel.<\/p>\n<p>&#8222;Nem\u016f\u017eeme n\u00e1\u0161 boj vzd\u00e1t, jde o na\u0161e d\u011bti. Na magistr\u00e1t jsme p\u0159edlo\u017eili n\u00e1vrh na zru\u0161en\u00ed usnesen\u00ed, kde bylo odhlasov\u00e1no zru\u0161en\u00ed Mate\u0159\u00eddou\u0161ky a slou\u010den\u00ed \u0161kol. Podporu tomuto n\u00e1vrhu projevilo podpisem ji\u017e na tis\u00edc ob\u010dan\u016f,&#8220; \u0159\u00edk\u00e1 \u010dlenka \u0161koln\u00ed rady Eva Kretkov\u00e1, kter\u00e1 m\u00e1 ve \u0161kole dv\u011b d\u011bti. Rodi\u010de maj\u00ed z nov\u00e9 \u0159editelky obavy, \u0159ada zva\u017euje d\u00e1t d\u011bti jinam<\/p>\n<p>Jen\u017ee celou snahu rodi\u010d\u016f komplikuje fakt, \u017ee m\u011bsto p\u0159i slu\u010dov\u00e1n\u00ed \u0161kol postoupilo d\u00e1l. A na n\u00e1vrh komise zvolilo novou \u0159editelku. Pr\u00e1v\u011b toho, \u017ee \u0161kolu povede n\u011bkdo jin\u00fd ne\u017e Marie Sedl\u00e1\u010dkov\u00e1, kter\u00e1 m\u011bla b\u00fdt ve funkci \u0159editelky Mate\u0159\u00eddou\u0161ky dal\u0161\u00ed dva roky, se rodi\u010de ob\u00e1vaj\u00ed. \u0158editel toti\u017e rozhoduje o tom, zda bude v integraci d\u011bt\u00ed pokra\u010dovat.<\/p>\n<p>&#8222;Nov\u00e1 \u0159editelka V\u011bra V\u00e1clav\u00ed\u010dkov\u00e1 byla vybr\u00e1na na z\u00e1klad\u011b kvalitn\u00ed koncepce, kterou p\u0159edlo\u017eila. Ta zahrnuje pr\u00e1v\u011b i integraci d\u011bt\u00ed s posti\u017een\u00edm,&#8220; zd\u016fvodnil Hluz\u00edn.<\/p>\n<p>Rodi\u010de ale z jej\u00ed vize nov\u00e9 spojen\u00e9 \u0161koly tolik nad\u0161en\u00ed nejsou a n\u011bkte\u0159\u00ed v\u00e1\u017en\u011b uva\u017euj\u00ed o tom, \u017ee v nov\u00e9m \u0161koln\u00edm roce d\u011bti ze slou\u010den\u00e9 \u0161koly odhl\u00e1s\u00ed a daj\u00ed je jinam.<\/p>\n<p>&#8222;Pl\u00e1ny nov\u011b jmenovan\u00e9 pan\u00ed \u0159editelky jsou velice p\u016fsobiv\u00e9. Je ot\u00e1zka, nakolik je skute\u010dn\u011b bude realizovat. Tak\u00e9 se uvid\u00ed, zda rodi\u010d\u016fm z Hranick\u00e9 bude po chuti vize nov\u00e9 spojen\u00e9 \u0161koly, proto\u017ee n\u011bkter\u00e9 z bod\u016f stav\u011bly na d\u016fvodech, pro\u010d nedat d\u011bti na Mate\u0159\u00eddou\u0161ku,&#8220; oponuje Kretkov\u00e1.<\/p>\n<p>&#8222;V\u00edm o n\u011bkolika rodi\u010d\u00edch, kte\u0159\u00ed cht\u011bj\u00ed d\u00e1t d\u011bti jinam,&#8220; potvrdila tak\u00e9 jedna z maminek Iveta Poljakov\u00e1. M\u011bsto st\u00e1le m\u016f\u017ee konec \u0161koly zru\u0161it, p\u0159ipom\u00ednaj\u00ed rodi\u010de<\/p>\n<p>Rodi\u010de z Mate\u0159\u00eddou\u0161ky ale sv\u016fj boj st\u00e1le nevzd\u00e1vaj\u00ed. V n\u00e1vrhu, kter\u00fd m\u011bstu p\u0159edkl\u00e1daj\u00ed, je i \u0159e\u0161en\u00ed, jak zachovat chod obou \u0161kol.<\/p>\n<p>&#8222;Navrhujeme, \u017ee bychom do jednoho z pavilon\u016f v Hranick\u00e9 p\u0159esunuli dal\u0161\u00ed dv\u011b t\u0159\u00eddy Mate\u0159\u00eddou\u0161ky, t\u00edm by se vy\u0159e\u0161ila zapln\u011bnost \u0161koly. A z\u00e1rove\u0148 by se uvolnily m\u00edstnosti Pod Skalkou, kter\u00e9 by se mohly vyu\u017e\u00edt jako dal\u0161\u00ed t\u0159\u00eddy pro mate\u0159skou \u0161kolu a mate\u0159sk\u00e9 centrum,&#8220; uv\u00e1d\u00ed Kretkov\u00e1.<\/p>\n<p>To ov\u0161em radn\u00edho Hluz\u00edna p\u0159ekvapilo. &#8222;Po celou dobu rodi\u010de d\u011bt\u00ed z Mate\u0159\u00eddou\u0161ky mluvili o tom, \u017ee cht\u011bj\u00ed malou \u0161kolu rodinn\u00e9ho typu. A te\u010f se paradoxn\u011b dozv\u00edd\u00e1m, \u017ee cht\u011bj\u00ed roz\u0161\u00ed\u0159en\u00ed \u0161koly. Jejich n\u00e1vrh ale respektuji,&#8220; \u0159\u00edk\u00e1.<\/p>\n<p>Rodi\u010de se tak\u00e9 rozhodli v ned\u011bli na n\u00e1m\u011bst\u00ed T. G. Masaryka uspo\u0159\u00e1dat koncert pro Mate\u0159\u00eddou\u0161ku. &#8222;V\u00fdmaz \u0161koly nab\u00fdv\u00e1 \u00fa\u010dinnosti k 31. \u010dervenci. Do tohoto data ho lze zru\u0161it,&#8220; p\u0159ipom\u00edn\u00e1 Kretkov\u00e1.<\/p>\n<p>Barbora Ta\u0161evsk\u00e1<br \/>\nMlad\u00e1 fronta DNES<\/p>\n","protected":false},"excerpt":{"rendered":"<div class=\"mh-excerpt\"><p>Konec nad\u011bj\u00ed. Tak to vypad\u00e1 s p\u0159erovskou Z\u0160 Mate\u0159\u00eddou\u0161ka, za jej\u00ed\u017e zachov\u00e1n\u00ed bojuj\u00ed rodi\u010de. Pot\u00e9, co se radn\u00ed rozhodli obl\u00edbenou \u0161kolu, kde se posti\u017een\u00e9 d\u011bti <a class=\"mh-excerpt-more\" href=\"https:\/\/www.invarena.cz\/?p=5682\" title=\"Z\u00e1nik \u0161koly, kde u\u010d\u00ed zdrav\u00e9 i posti\u017een\u00e9, se bl\u00ed\u017e\u00ed. Rodi\u010de st\u00e1le bojuj\u00ed\">[&#8230;]<\/a><\/p>\n<\/div>","protected":false},"author":1,"featured_media":3553,"comment_status":"open","ping_status":"open","sticky":false,"template":"","format":"standard","meta":{"footnotes":""},"categories":[7],"tags":[],"class_list":["post-5682","post","type-post","status-publish","format-standard","has-post-thumbnail","hentry","category-spolecnost"],"_links":{"self":[{"href":"https:\/\/www.invarena.cz\/index.php?rest_route=\/wp\/v2\/posts\/5682","targetHints":{"allow":["GET"]}}],"collection":[{"href":"https:\/\/www.invarena.cz\/index.php?rest_route=\/wp\/v2\/posts"}],"about":[{"href":"https:\/\/www.invarena.cz\/index.php?rest_route=\/wp\/v2\/types\/post"}],"author":[{"embeddable":true,"href":"https:\/\/www.invarena.cz\/index.php?rest_route=\/wp\/v2\/users\/1"}],"replies":[{"embeddable":true,"href":"https:\/\/www.invarena.cz\/index.php?rest_route=%2Fwp%2Fv2%2Fcomments&post=5682"}],"version-history":[{"count":0,"href":"https:\/\/www.invarena.cz\/index.php?rest_route=\/wp\/v2\/posts\/5682\/revisions"}],"wp:featuredmedia":[{"embeddable":true,"href":"https:\/\/www.invarena.cz\/index.php?rest_route=\/wp\/v2\/media\/3553"}],"wp:attachment":[{"href":"https:\/\/www.invarena.cz\/index.php?rest_route=%2Fwp%2Fv2%2Fmedia&parent=5682"}],"wp:term":[{"taxonomy":"category","embeddable":true,"href":"https:\/\/www.invarena.cz\/index.php?rest_route=%2Fwp%2Fv2%2Fcategories&post=5682"},{"taxonomy":"post_tag","embeddable":true,"href":"https:\/\/www.invarena.cz\/index.php?rest_route=%2Fwp%2Fv2%2Ftags&post=5682"}],"curies":[{"name":"wp","href":"https:\/\/api.w.org\/{rel}","templated":true}]}}