{"id":56897,"date":"2025-05-02T12:51:13","date_gmt":"2025-05-02T10:51:13","guid":{"rendered":"https:\/\/www.invarena.cz\/?p=56897"},"modified":"2025-05-02T12:54:47","modified_gmt":"2025-05-02T10:54:47","slug":"ceske-budejovice-behaji-barevne","status":"publish","type":"post","link":"https:\/\/www.invarena.cz\/?p=56897","title":{"rendered":"\u010cesk\u00e9 Bud\u011bjovice b\u011bhaj\u00ed barevn\u011b"},"content":{"rendered":"\n<p><strong>Prvn\u00ed leto\u0161n\u00ed z\u00e1vod obl\u00edben\u00e9 a hrav\u00e9 sportovn\u00ed akce Barv\u00e1m Neute\u010de\u0161 zav\u00edt\u00e1 u\u017e z\u00edtra 3. 5. do \u010cesk\u00fdch Bud\u011bjovic. B\u011b\u017eci v\u0161ech \u00farovn\u00ed i v\u011bku se sejdou v&nbsp;sobotu od&nbsp;9 hodin na Sokolsk\u00e9m ostrov\u011b, aby si u\u017eili den pln\u00fd radosti, p\u0159\u00e1telstv\u00ed a barevn\u00fdch exploz\u00ed. Nen\u00ed to ale jen o b\u011bhu, sou\u010d\u00e1st\u00ed je bohat\u00fd doprovodn\u00fd program zam\u011b\u0159en\u00fd tak\u00e9 na prevenci zdrav\u00ed a r\u016fzn\u00e9 dal\u0161\u00ed aktivity.<\/strong><\/p>\n\n\n\n<p>Trasa je dlouh\u00e1 5 km a lze ji zdolat b\u011bhem nebo i ch\u016fz\u00ed, tak\u017ee je vhodn\u00e1 opravdu pro ka\u017ed\u00e9ho. Nutn\u00e9 je pouze prob\u011bhnout p\u011bt barevn\u00fdch z\u00f3n, kde se \u00fa\u010dastn\u00edci nechaj\u00ed zasypat z\u00e1\u0159iv\u00fdmi barvami. Z\u00e1vod startuje ve 13:15 a p\u0159edch\u00e1z\u00ed mu hromadn\u00fd v\u00fdhoz barev. Pamatov\u00e1no je i na nejmen\u0161\u00ed, pro kter\u00e9 je p\u0159ipravena d\u011btsk\u00e1 trasa (1,5 km), kter\u00e1 startuje od 14:00. Ve 14:15 se na krat\u0161\u00ed trase nakonec je\u0161t\u011b pob\u011b\u017e\u00ed charitativn\u00ed b\u011bh HEROES.<\/p>\n\n\n\n<p>Vybrat si m\u016f\u017eete ze dvou startovn\u00edch bal\u00ed\u010dk\u016f BASIC a WOW. Bal\u00ed\u010dek BASIC zahrnuje tri\u010dko Barv\u00e1m Neute\u010de\u0161, sportovn\u00ed vak, jednu barvu, tetov\u00e1n\u00ed, startovn\u00ed \u010d\u00edslo a medaili v&nbsp;c\u00edli. Varianta WOW nab\u00edz\u00ed je\u0161t\u011b nav\u00edc batoh, multifunk\u010dn\u00ed \u0161\u00e1tek, br\u00fdle a p\u011bt r\u016fzn\u00fdch barev.<\/p>\n\n\n\n<p>Partnerem akce je <strong>zdravotn\u00ed poji\u0161\u0165ovna OZP<\/strong>, kter\u00e1 zde bude m\u00edt p\u0159ipraven speci\u00e1ln\u00ed prezenta\u010dn\u00ed stan. V&nbsp;tomto stanu si pak z\u00e1jemci mohou zdarma vyzkou\u0161et anal\u00fdzu slo\u017een\u00ed lidsk\u00e9ho t\u011bla a nechat si s&nbsp;ohledem na nam\u011b\u0159en\u00e9 v\u00fdsledky poradit. Na m\u00edst\u011b budou p\u0159\u00edtomni tak\u00e9 pracovn\u00edci <strong>OZP<\/strong>, kte\u0159\u00ed mimo jin\u00e9 poskytnou z\u00e1jemc\u016fm t\u0159eba informace o benefitech a dal\u0161\u00edch v\u00fdhod\u00e1ch.<\/p>\n\n\n\n<p>Dal\u0161\u00ed z\u00e1vod se bude konat 10. kv\u011btna v Olomouci. V&nbsp;\u00dast\u00ed nad Labem se pob\u011b\u017e\u00ed 7. \u010dervna, n\u00e1sledn\u011b 21. \u010dervna v Praze a v\u0161e se zakon\u010d\u00ed 9. srpna v&nbsp;Pardubic\u00edch. Bli\u017e\u0161\u00ed informace k&nbsp;z\u00e1vodu a programu jsou zve\u0159ejn\u011bny na webu <a href=\"https:\/\/www.barvamneuteces.cz\/ceske-budejovice-2025\/\">https:\/\/www.barvamneuteces.cz\/ceske-budejovice-2025\/<\/a>.<\/p>\n\n\n\n<figure class=\"wp-block-image size-large\"><img loading=\"lazy\" decoding=\"async\" width=\"462\" height=\"260\" src=\"https:\/\/www.invarena.cz\/wp-content\/uploads\/Barvam_neuteces-462x260.jpeg\" alt=\"\" class=\"wp-image-56903\"\/><figcaption class=\"wp-element-caption\">Barv\u00e1m_neute\u010de\u0161<\/figcaption><\/figure>\n","protected":false},"excerpt":{"rendered":"<div class=\"mh-excerpt\"><p>Prvn\u00ed leto\u0161n\u00ed z\u00e1vod obl\u00edben\u00e9 a hrav\u00e9 sportovn\u00ed akce Barv\u00e1m Neute\u010de\u0161 zav\u00edt\u00e1 u\u017e z\u00edtra 3. 5. do \u010cesk\u00fdch Bud\u011bjovic. B\u011b\u017eci v\u0161ech \u00farovn\u00ed i v\u011bku se sejdou <a class=\"mh-excerpt-more\" href=\"https:\/\/www.invarena.cz\/?p=56897\" title=\"\u010cesk\u00e9 Bud\u011bjovice b\u011bhaj\u00ed barevn\u011b\">[&#8230;]<\/a><\/p>\n<\/div>","protected":false},"author":1,"featured_media":22010,"comment_status":"open","ping_status":"closed","sticky":false,"template":"","format":"standard","meta":{"footnotes":""},"categories":[7],"tags":[],"class_list":["post-56897","post","type-post","status-publish","format-standard","has-post-thumbnail","hentry","category-spolecnost"],"_links":{"self":[{"href":"https:\/\/www.invarena.cz\/index.php?rest_route=\/wp\/v2\/posts\/56897","targetHints":{"allow":["GET"]}}],"collection":[{"href":"https:\/\/www.invarena.cz\/index.php?rest_route=\/wp\/v2\/posts"}],"about":[{"href":"https:\/\/www.invarena.cz\/index.php?rest_route=\/wp\/v2\/types\/post"}],"author":[{"embeddable":true,"href":"https:\/\/www.invarena.cz\/index.php?rest_route=\/wp\/v2\/users\/1"}],"replies":[{"embeddable":true,"href":"https:\/\/www.invarena.cz\/index.php?rest_route=%2Fwp%2Fv2%2Fcomments&post=56897"}],"version-history":[{"count":0,"href":"https:\/\/www.invarena.cz\/index.php?rest_route=\/wp\/v2\/posts\/56897\/revisions"}],"wp:featuredmedia":[{"embeddable":true,"href":"https:\/\/www.invarena.cz\/index.php?rest_route=\/wp\/v2\/media\/22010"}],"wp:attachment":[{"href":"https:\/\/www.invarena.cz\/index.php?rest_route=%2Fwp%2Fv2%2Fmedia&parent=56897"}],"wp:term":[{"taxonomy":"category","embeddable":true,"href":"https:\/\/www.invarena.cz\/index.php?rest_route=%2Fwp%2Fv2%2Fcategories&post=56897"},{"taxonomy":"post_tag","embeddable":true,"href":"https:\/\/www.invarena.cz\/index.php?rest_route=%2Fwp%2Fv2%2Ftags&post=56897"}],"curies":[{"name":"wp","href":"https:\/\/api.w.org\/{rel}","templated":true}]}}