{"id":56912,"date":"2025-05-05T11:53:53","date_gmt":"2025-05-05T09:53:53","guid":{"rendered":"https:\/\/www.invarena.cz\/?p=56912"},"modified":"2025-05-05T11:54:18","modified_gmt":"2025-05-05T09:54:18","slug":"roboticke-voperovani-kochlearu-poprve-i-v-cesku-je-mnohem-setrnejsi-a-dokonce-umozni-pozdejsi-genovou-lecbu","status":"publish","type":"post","link":"https:\/\/www.invarena.cz\/?p=56912","title":{"rendered":"Robotick\u00e9 voperov\u00e1n\u00ed kochle\u00e1ru poprv\u00e9 i v \u010cesku. Je mnohem \u0161etrn\u011bj\u0161\u00ed, a dokonce umo\u017en\u00ed pozd\u011bj\u0161\u00ed genovou l\u00e9\u010dbu"},"content":{"rendered":"\n<p>Prima &#8211; Hlavn\u00ed zpr\u00e1vy<\/p>\n\n\n\n<p><br \/>Brn\u011bn\u0161t\u00ed l\u00e9ka\u0159i zavedli prvn\u00edmu\u00a0<strong>nesly\u0161\u00edc\u00edmu<\/strong>\u00a0d\u00edt\u011bti v \u010cesku kochle\u00e1rn\u00ed implant\u00e1t pomoc\u00ed robotick\u00e9ho ramene, na jeho\u017e v\u00fdvoji se sami pod\u00edleli. To d\u00e1v\u00e1 pacient\u016fm do budoucna \u0161anci, \u017ee usly\u0161\u00ed i bez implant\u00e1tu. A vy se te\u010f m\u016f\u017eete pod\u00edvat na Laurin\u010diny prvn\u00ed reakce na zvuky kolem sebe.<\/p>\n\n\n\n<p>Mal\u00e1 Laura se narodila jako\u00a0<strong>nesly\u0161\u00edc\u00ed<\/strong>. Podez\u0159en\u00ed m\u011bli l\u00e9ka\u0159i u\u017e p\u0159i novorozeneck\u00e9m screeningu, a odstartoval tak koloto\u010d vy\u0161et\u0159en\u00ed. Po p\u016fl roce se diagn\u00f3za potvrdila.<\/p>\n\n\n\n<p>Magdalena Kroupov\u00e1, Laurin\u010dina maminka<br \/>&#8212;&#8212;&#8212;&#8212;&#8212;&#8212;&#8211;<br \/>Prvn\u011b jsme dostali naslouch\u00e1tka, zji\u0161\u0165ovali jsme, jestli budou fungovat, a bohu\u017eel ne, tak\u017ee na\u0161t\u011bst\u00ed \u0159e\u0161en\u00ed implant\u00e1tu.<\/p>\n\n\n\n<p>, redaktorka<br \/>&#8212;&#8212;&#8212;&#8212;&#8212;&#8212;&#8211;<br \/>T\u00fdm brn\u011bnsk\u00fdch l\u00e9ka\u0159\u016f u Laurinky jako u prvn\u00edho d\u00edt\u011bte u n\u00e1s pou\u017eil p\u0159i operaci, kdy ji zavedli kochle\u00e1rn\u00ed implant\u00e1t, speci\u00e1ln\u011b vyvinut\u00e9 robotick\u00e9 rameno. To je podle samotn\u00fdch l\u00e9ka\u0159\u016f pro pacienta mnohem \u0161etrn\u011bj\u0161\u00ed ne\u017e ruce toho nejzku\u0161en\u011bj\u0161\u00edho operat\u00e9ra.<\/p>\n\n\n\n<p>Milan Ur\u00edk, p\u0159ednosta Kliniky d\u011btsk\u00e9 otorhinolaryngologie FN Brno<br \/>&#8212;&#8212;&#8212;&#8212;&#8212;&#8212;&#8211;<br \/>Zav\u00e1d\u00ed ten svazek elektro, toho implant\u00e1tu dovnit\u0159 hlem\u00fd\u017ed\u011b velice \u0161etrn\u011b a velice pomalu ruka operat\u00e9ra. I kdy\u017e m\u00e1m u\u017e proveden\u00fdch stovky operac\u00ed, tak v\u00edm, \u017ee ta ruka se mi v\u017edycky tro\u0161ku t\u0159ese.<\/p>\n\n\n\n<p>redaktorka<br \/>&#8212;&#8212;&#8212;&#8212;&#8212;&#8212;&#8211;<br \/>Nehroz\u00ed po\u0161kozen\u00ed vnit\u0159n\u00edch struktur ucha a to znamen\u00e1 nad\u011bji, \u017ee jednou budou pacienti sly\u0161et i d\u00edky genov\u00e9 terapii i bez implant\u00e1tu. Dnes Laurince l\u00e9ka\u0159i poprv\u00e9 nastavovali implant\u00e1t tak, aby hol\u010di\u010dce umo\u017enil sly\u0161et. Tady u\u017e vid\u00edte prvn\u00ed reakci na zvuk.<br \/>Je to pl\u00e1\u010d, kter\u00fd ale p\u0159in\u00e1\u0161\u00ed radost. Pro malou hol\u010di\u010dku v tuto chv\u00edli \u0161ok. Brzy si ale na zvuky zvykne a bude si moci norm\u00e1ln\u011b pov\u00eddat a hr\u00e1t s kamar\u00e1dy anebo se sv\u00fdm br\u00e1\u0161kou.<\/p>\n\n\n\n<p>Helena Daniel\u010d\u00edkov\u00e1, Laurin\u010dina babi\u010dka<br \/>&#8212;&#8212;&#8212;&#8212;&#8212;&#8212;&#8211;<br \/>M\u011bli jsme strach, kdy\u017e \u0161la na tu operaci, to jsme \u010dekali t\u0159i hodiny, ale je to prost\u011b \u00fa\u017easn\u00fd. \u00da\u017easnej pocit, \u017ee prost\u011b bude sly\u0161et, bude prost\u011b pt\u00e1\u010dky, v\u0161echno, prost\u011b zv\u00ed\u0159\u00e1tka, to, co my pova\u017eujeme za norm\u00e1ln\u00ed.<\/p>\n\n\n\n<p> redaktorka<br \/>&#8212;&#8212;&#8212;&#8212;&#8212;&#8212;&#8211;<br \/>L\u00e9ka\u0159i o\u010dek\u00e1vaj\u00ed, \u017ee stejnou \u0161anci jako mal\u00e1 Laura by v budoucnu mohlo dostat i 100 d\u011bt\u00ed ro\u010dn\u011b, kter\u00e9 se pot\u00fdkaj\u00ed s podobn\u00fdmi probl\u00e9my. <\/p>\n\n\n\n<p>CNN Prima News<\/p>\n","protected":false},"excerpt":{"rendered":"<div class=\"mh-excerpt\"><p>Prima &#8211; Hlavn\u00ed zpr\u00e1vy Brn\u011bn\u0161t\u00ed l\u00e9ka\u0159i zavedli prvn\u00edmu\u00a0nesly\u0161\u00edc\u00edmu\u00a0d\u00edt\u011bti v \u010cesku kochle\u00e1rn\u00ed implant\u00e1t pomoc\u00ed robotick\u00e9ho ramene, na jeho\u017e v\u00fdvoji se sami pod\u00edleli. To d\u00e1v\u00e1 pacient\u016fm do <a class=\"mh-excerpt-more\" href=\"https:\/\/www.invarena.cz\/?p=56912\" title=\"Robotick\u00e9 voperov\u00e1n\u00ed kochle\u00e1ru poprv\u00e9 i v \u010cesku. Je mnohem \u0161etrn\u011bj\u0161\u00ed, a dokonce umo\u017en\u00ed pozd\u011bj\u0161\u00ed genovou l\u00e9\u010dbu\">[&#8230;]<\/a><\/p>\n<\/div>","protected":false},"author":1,"featured_media":14511,"comment_status":"open","ping_status":"closed","sticky":false,"template":"","format":"standard","meta":{"footnotes":""},"categories":[11],"tags":[],"class_list":["post-56912","post","type-post","status-publish","format-standard","has-post-thumbnail","hentry","category-zdravi"],"_links":{"self":[{"href":"https:\/\/www.invarena.cz\/index.php?rest_route=\/wp\/v2\/posts\/56912","targetHints":{"allow":["GET"]}}],"collection":[{"href":"https:\/\/www.invarena.cz\/index.php?rest_route=\/wp\/v2\/posts"}],"about":[{"href":"https:\/\/www.invarena.cz\/index.php?rest_route=\/wp\/v2\/types\/post"}],"author":[{"embeddable":true,"href":"https:\/\/www.invarena.cz\/index.php?rest_route=\/wp\/v2\/users\/1"}],"replies":[{"embeddable":true,"href":"https:\/\/www.invarena.cz\/index.php?rest_route=%2Fwp%2Fv2%2Fcomments&post=56912"}],"version-history":[{"count":0,"href":"https:\/\/www.invarena.cz\/index.php?rest_route=\/wp\/v2\/posts\/56912\/revisions"}],"wp:featuredmedia":[{"embeddable":true,"href":"https:\/\/www.invarena.cz\/index.php?rest_route=\/wp\/v2\/media\/14511"}],"wp:attachment":[{"href":"https:\/\/www.invarena.cz\/index.php?rest_route=%2Fwp%2Fv2%2Fmedia&parent=56912"}],"wp:term":[{"taxonomy":"category","embeddable":true,"href":"https:\/\/www.invarena.cz\/index.php?rest_route=%2Fwp%2Fv2%2Fcategories&post=56912"},{"taxonomy":"post_tag","embeddable":true,"href":"https:\/\/www.invarena.cz\/index.php?rest_route=%2Fwp%2Fv2%2Ftags&post=56912"}],"curies":[{"name":"wp","href":"https:\/\/api.w.org\/{rel}","templated":true}]}}