{"id":56914,"date":"2025-05-05T12:05:15","date_gmt":"2025-05-05T10:05:15","guid":{"rendered":"https:\/\/www.invarena.cz\/?p=56914"},"modified":"2025-05-05T12:05:24","modified_gmt":"2025-05-05T10:05:24","slug":"superdavka-ano-ale-odpracujete-alespon-30-hodin-verejne-sluzby-nebo-budete-mit-deti","status":"publish","type":"post","link":"https:\/\/www.invarena.cz\/?p=56914","title":{"rendered":"Superd\u00e1vka? Ano, ale odpracujete alespo\u0148 30 hodin ve\u0159ejn\u00e9 slu\u017eby nebo budete m\u00edt d\u011bti"},"content":{"rendered":"\n<p>\u010cRo Plus <\/p>\n\n\n\n<p><br \/>Syst\u00e9m soci\u00e1ln\u00edch d\u00e1vek z\u0159ejm\u011b \u010dek\u00e1 nejv\u011bt\u0161\u00ed reforma za posledn\u00ed \u0159adu let. Sen\u00e1tn\u00ed \u00fastavn\u011bpr\u00e1vn\u00ed v\u00fdbor doporu\u010dil schv\u00e1lit beze zm\u011bn vytvo\u0159en\u00ed tzv. superd\u00e1vky, kter\u00e1 by m\u011bla slou\u010dit \u010dty\u0159i druhy p\u0159\u00edsp\u011bvk\u016f. P\u0159i schvalov\u00e1n\u00ed \u017e\u00e1dosti by m\u011bl \u00da\u0159ad pr\u00e1ce br\u00e1t v\u00edce v \u00favahu majetek, kter\u00fdm \u017eadatel disponuje. Z\u00e1kon ale kritizuj\u00ed nap\u0159\u00edklad soci\u00e1ln\u00ed pracovn\u00edci, se kter\u00fdmi \u00fadajn\u011b nikdo nekonzultoval, jak\u00fd dopad bude superd\u00e1vka m\u00edt. K \u010demu m\u00e1 tato reforma soci\u00e1ln\u00edch d\u00e1vek v\u00e9st. Hostem Interview je ministr pr\u00e1ce a soci\u00e1ln\u00edch v\u011bc\u00ed, m\u00edstop\u0159edseda vl\u00e1dy Marian Jure\u010dka z KDU-\u010cSL. Dobr\u00fd den.<br \/>Co je pro v\u00e1s osobn\u011b hlavn\u00edm c\u00edlem zaveden\u00ed on\u00e9 tzv. superd\u00e1vky?<\/p>\n\n\n\n<p>Marian Jure\u010dka, vicepremi\u00e9r, ministr pr\u00e1ce a soci\u00e1ln\u00edch v\u011bc\u00ed \/KDU-\u010cSL\/<br \/>&#8212;&#8212;&#8212;&#8212;&#8212;&#8212;&#8211;<br \/>Nastavit spravedliv\u00fd, f\u00e9rov\u00fd motiva\u010dn\u00ed syst\u00e9m, kter\u00fd bude jednoduch\u00fd a bude dostupn\u00fd pro ty, kte\u0159\u00ed tu pomoc opravdu pot\u0159ebuj\u00ed.<\/p>\n\n\n\n<p>Jan Bumba, moder\u00e1tor<br \/>&#8212;&#8212;&#8212;&#8212;&#8212;&#8212;&#8211;<br \/>Sou\u010dasn\u00fd syst\u00e9m takov\u00fd nen\u00ed f\u00e9rov\u00fd, spravedliv\u00fd?<\/p>\n\n\n\n<p>Marian Jure\u010dka, vicepremi\u00e9r, ministr pr\u00e1ce a soci\u00e1ln\u00edch v\u011bc\u00ed \/KDU-\u010cSL\/<br \/>&#8212;&#8212;&#8212;&#8212;&#8212;&#8212;&#8211;<br \/>Fakt nen\u00ed, proto\u017ee kdy\u017e tady \u010dasto mluv\u00edme o zneu\u017e\u00edv\u00e1n\u00ed d\u00e1vek, tak ano, podle sou\u010dasn\u00fdch platn\u00fdch z\u00e1kon\u016f to zneu\u017e\u00edv\u00e1n\u00ed je velmi mal\u00e9, ale j\u00e1 bych mluvil, a v\u017edycky to dopl\u0148uji o ur\u010dit\u00e9m mor\u00e1ln\u00edm zneu\u017e\u00edv\u00e1n\u00ed, kdy nap\u0159\u00edklad \u010dlov\u011bk, kter\u00fd je zdrav\u00fd v produktivn\u00edm v\u011bku, mohl by pracovat, nepracuje, nepracuje dlouh\u00e9ho m\u011bs\u00edce a n\u011bkdy i roky a my jako da\u0148ov\u00ed poplatn\u00edci mu zaplat\u00edme kompletn\u00ed n\u00e1klady na bydlen\u00ed nap\u0159\u00edklad, nebo vlastn\u011b \u010dlov\u011bka jako nemotivujeme k tomu, aby si tu pr\u00e1ci opravdu hledal, nejenom form\u00e1ln\u011b, ale skute\u010dn\u011b realisticky, nebo v\u00e1s nemotivuje pracovat leg\u00e1ln\u011b, proto\u017ee zjist\u00ed n\u011bkter\u00e9 dom\u00e1cnosti, \u017ee si vyd\u011blaj\u00ed o p\u00e1r stovek korun m\u011bs\u00ed\u010dn\u011b nav\u00edc. A vlastn\u011b jim to potom za to nestoj\u00ed, proto\u017ee p\u0159ijdou o zbytek d\u00e1vkov\u00e9 podpory. Tak\u017ee to je cel\u00e1 \u0159ada v\u011bc\u00ed, kter\u00e1 v tom syst\u00e9mu je dlouh\u00e9 roky vlastn\u011b \u0161patn\u011b, a proto vytv\u00e1\u0159\u00ed ty r\u016fzn\u00e9 cesty k tomu, \u017ee ti lid\u00e9 vlastn\u011b hledaj\u00ed r\u016fzn\u00e9 kli\u010dky a vlastn\u011b jako leg\u00e1ln\u011b t\u0159eba pracovat necht\u011bj\u00ed nebo nepracuj\u00ed v\u016fbec.<\/p>\n\n\n\n<p>Jan Bumba, moder\u00e1tor<br \/>&#8212;&#8212;&#8212;&#8212;&#8212;&#8212;&#8211;<br \/>Je na\u0161\u00edm c\u00edlem tedy zp\u0159\u00edsnit vypl\u00e1cen\u00ed soci\u00e1ln\u00edch d\u00e1vek, d\u00e1 se to tak \u0159\u00edct?<\/p>\n\n\n\n<p>Marian Jure\u010dka, vicepremi\u00e9r, ministr pr\u00e1ce a soci\u00e1ln\u00edch v\u011bc\u00ed \/KDU-\u010cSL\/<br \/>&#8212;&#8212;&#8212;&#8212;&#8212;&#8212;&#8211;<br \/>Takhle bych to ne\u0159ekl. J\u00e1 bych \u0159ekl, \u017ee to chceme opravdu f\u00e9rov\u011b nastavit, proto\u017ee my u cel\u00e9 \u0159ady lid\u00ed, kter\u00e9 jsme definovali, do tzv. zraniteln\u00e9 skupiny, tak vlastn\u011b tu podporu roz\u0161\u00ed\u0159\u00edme a zv\u00fd\u0161\u00edme, proto\u017ee jsou fakt lid\u00e9, kte\u0159\u00ed objektivn\u011b dneska tu podporu maj\u00ed n\u00edzkou a pro jejich rodiny, pro ty d\u011bti je to \u010dasto velmi sv\u00edzeln\u00e1 \u017eivotn\u00ed situace, tak\u017ee my se opravdu d\u00edv\u00e1me jenom optikou nov\u011b na to, kdy\u017e ten \u010dlov\u011bk opravdu nem\u016f\u017ee pracovat, a\u0165 u\u017e je to d\u016fchodce, \u010dlov\u011bk s r\u016fzn\u00fdm typem&nbsp;<strong>handicapu<\/strong>,&nbsp;<strong>posti\u017een\u00ed<\/strong>&nbsp;nebo rodi\u010d mal\u00e9ho d\u00edt\u011bte nebo rodi\u010d samo\u017eivitel, tam opravdu ten syst\u00e9m bude fungovat v\u00fdrazn\u011b jinak a v\u00fdrazn\u011b l\u00e9pe z hlediska podpory.<\/p>\n\n\n\n<p>Jan Bumba, moder\u00e1tor<br \/>&#8212;&#8212;&#8212;&#8212;&#8212;&#8212;&#8211;<br \/>Kdo definoval zraniteln\u00e9 skupiny, kdo definoval, kdo do n\u00ed pat\u0159\u00ed a kdo u\u017e ne?<\/p>\n\n\n\n<p>Marian Jure\u010dka, vicepremi\u00e9r, ministr pr\u00e1ce a soci\u00e1ln\u00edch v\u011bc\u00ed \/KDU-\u010cSL\/<br \/>&#8212;&#8212;&#8212;&#8212;&#8212;&#8212;&#8211;<br \/>Kdybych to m\u011bl \u0159\u00edct \u00fapln\u011b jednodu\u0161e, tak vlastn\u011b do zraniteln\u00e9 skupiny pat\u0159\u00ed ten, kdo v tom v\u011bku 18\u201365 let nem\u016f\u017ee pracovat, z objektivn\u00edch d\u016fvod\u016f nem\u016f\u017ee pracovat, anebo je u\u017e to vymezen\u00ed pr\u00e1v\u011b nad tou hranic\u00ed 65 let, anebo je to ten rodi\u010d t\u011bch mal\u00fdch d\u011bt\u00ed, ten zbytek toho obyvatelstva, ten to ch\u00e1pe opravdu jako tak, \u017ee je to ten \u010dlov\u011bk, kter\u00fd u\u017e m\u00e1 po \u0161kole, m\u011bl by pracovat a ch\u00e1peme to, kdy\u017e t\u0159eba p\u00e1r m\u011bs\u00edc\u016f si tu pr\u00e1ci nem\u016f\u017ee naj\u00edt. A ten syst\u00e9m revize d\u00e1vek jasn\u011b \u0159\u00edk\u00e1, jestli\u017ee ten \u010dlov\u011bk je bez pr\u00e1ce d\u00e9le jak p\u016fl roku, tak my s n\u00edm sjedn\u00e1me tzv. individu\u00e1ln\u00ed podp\u016frn\u00fd pl\u00e1n, proto\u017ee se fakt sna\u017e\u00edme t\u011bm lidem naj\u00edt tu cestu a zlep\u0161it tu \u017eivotn\u00ed situaci, ale z\u00e1rove\u0148 s podm\u00ednkou alespo\u0148 30 hodin ve\u0159ejn\u00e9 slu\u017eby, aby tam byly n\u011bjak\u00e9 minim\u00e1ln\u00ed pracovn\u00ed n\u00e1vyky. A kdy\u017e ten \u010dlov\u011bk to odm\u00edtne, tak pak \u0159\u00edk\u00e1me, tak pardon, tak vlastn\u011b ten syst\u00e9m v\u00e1s podporovat nebude.<\/p>\n\n\n\n<p>Jan Bumba, moder\u00e1tor<br \/>&#8212;&#8212;&#8212;&#8212;&#8212;&#8212;&#8211;<br \/>A z t\u011bch lid\u00ed se stane, co kdy\u017e je syst\u00e9m p\u0159estane podporovat?<\/p>\n\n\n\n<p>Marian Jure\u010dka, vicepremi\u00e9r, ministr pr\u00e1ce a soci\u00e1ln\u00edch v\u011bc\u00ed \/KDU-\u010cSL\/<br \/>&#8212;&#8212;&#8212;&#8212;&#8212;&#8212;&#8211;<br \/>No, z t\u011bch lid\u00ed v ten okam\u017eik, samoz\u0159ejm\u011b jinak to bude, kdy\u017e ti lidi t\u0159eba budou m\u00edt d\u011bti, tam samoz\u0159ejm\u011b na to pamatujeme, ale ta superd\u00e1vka jako takov\u00e1 vlastn\u011b u\u017e pro n\u011b jako nebude ur\u010dena. Tam potom bude syst\u00e9m hmotn\u00e9 nouze, kde m\u00e1me mimo\u0159\u00e1dnou okam\u017eitou pomoc, proto j\u00e1 v\u017edycky \u0159\u00edk\u00e1m, ani tato revize d\u00e1vek nepokryje 99,9 % v\u0161ech p\u0159\u00edpad\u016f nebo 100 %, v\u017edycky tam mus\u00ed b\u00fdt ta individu\u00e1ln\u00ed mo\u017enost t\u00e9 individu\u00e1ln\u00ed podpory a tak\u00e9 individu\u00e1ln\u00edho posouzen\u00ed, a proto m\u00e1me st\u00e1le i po t\u00e9to super d\u00e1vce tu hmotnou nouzi a ten institut mimo\u0159\u00e1dn\u00e9 okam\u017eit\u00e9 pomoci. Ale u\u017e to nebude tak, \u017ee dneska ten \u010dlov\u011bk, kter\u00fd nepracuje roky, tak m\u00e1 vlastn\u011b dneska n\u00e1rok na kompletn\u00ed zaplacen\u00ed n\u00e1klad\u016f na bydlen\u00ed, kdy\u017e to se\u010dtu, p\u0159\u00edsp\u011bvek a doplatek na bydlen\u00ed, a to p\u0159ece nen\u00ed mo\u017en\u00e9, to nen\u00ed m\u00edt motivuj\u00edc\u00ed, ani v\u00fdchovn\u00e9.<\/p>\n\n\n\n<p>Jan Bumba, moder\u00e1tor<br \/>&#8212;&#8212;&#8212;&#8212;&#8212;&#8212;&#8211;<br \/>Mysl\u00edte, \u017ee takov\u00fdch lid\u00ed je hodn\u011b opravdu?<\/p>\n\n\n\n<p>Marian Jure\u010dka, vicepremi\u00e9r, ministr pr\u00e1ce a soci\u00e1ln\u00edch v\u011bc\u00ed \/KDU-\u010cSL\/<br \/>&#8212;&#8212;&#8212;&#8212;&#8212;&#8212;&#8211;<br \/>Takov\u00fdch lid\u00ed jsou minim\u00e1ln\u011b tis\u00edce. A j\u00e1 mus\u00edm \u0159\u00edct, \u017ee pro m\u011b ta revize d\u00e1vek, jak mn\u011b n\u011bkdo ob\u010das \u0159\u00edk\u00e1, a zkou\u0161\u00ed podsouvat, \u017ee t\u00edm chceme n\u011bco u\u0161et\u0159it, my opravdu f\u00e9rov\u011b p\u0159izn\u00e1v\u00e1me, \u017ee tu revizi d\u00e1vek ned\u011bl\u00e1me, proto\u017ee bychom cht\u011bli u\u0161et\u0159it v\u00fddaje st\u00e1tn\u00edho rozpo\u010dtu, ale nastavit ty spr\u00e1vn\u00e9 motivace a ty pen\u00edze doru\u010dit opravdu tam, kam maj\u00ed pat\u0159it, aby ten da\u0148ov\u00fd poplatn\u00edk v\u011bd\u011bl, \u017ee kdy\u017e to plat\u00ed, proto\u017ee to jsou pen\u00edze da\u0148ov\u00fdch poplatn\u00edk\u016f v tom syst\u00e9mu, tak\u017ee pom\u00e1h\u00e1 opravdu tam, kde to je nezbytn\u011b nutn\u00e9 a kde je to opravdu opodstatn\u011bn\u00e9.<\/p>\n\n\n\n<p>Jan Bumba, moder\u00e1tor<br \/>&#8212;&#8212;&#8212;&#8212;&#8212;&#8212;&#8211;<br \/>J\u00e1 se takhle pt\u00e1m kv\u016fli tomu, \u017ee n\u011bkte\u0159\u00ed odborn\u00edci zpochyb\u0148uj\u00ed v\u016fbec to, \u017ee doch\u00e1z\u00ed k n\u011bjak\u00e9mu \u010dast\u00e9mu zneu\u017e\u00edv\u00e1n\u00ed d\u00e1vek, t\u0159eba p\u0159edsedkyn\u011b \u010cesk\u00e9 asociaci streetwork Martina Zikmundov\u00e1 v podcastu \u010cesk\u00e9ho rozhlasu Chyba syst\u00e9mu, \u0159\u00edk\u00e1, \u017ee d\u00e1vky zneu\u017e\u00edvaj\u00ed jen jednotlivci, \u017ee rozhodn\u011b nejde o syst\u00e9mov\u00fd probl\u00e9m. Podle v\u00e1s, ano, podle v\u00e1s to je syst\u00e9mov\u00fd probl\u00e9m?<\/p>\n\n\n\n<p>Marian Jure\u010dka, vicepremi\u00e9r, ministr pr\u00e1ce a soci\u00e1ln\u00edch v\u011bc\u00ed \/KDU-\u010cSL\/<br \/>&#8212;&#8212;&#8212;&#8212;&#8212;&#8212;&#8211;<br \/>J\u00e1 jsem tady pr\u00e1v\u011b v t\u00e9 sv\u00e9 druh\u00e9 odpov\u011bdi na \u00favod toho rozhovoru pr\u00e1v\u011b \u0159\u00edkal, \u017ee bych odli\u0161il to zneu\u017e\u00edv\u00e1n\u00ed v\u016f\u010di platn\u00e9 legislativ\u011b a zneu\u017e\u00edv\u00e1n\u00ed, \u0159ekn\u011bme, mor\u00e1ln\u00ed, kter\u00e9 je mo\u017en\u00e9, proto\u017ee ta legislativa je t\u011bch 35 blb\u011b nastavena a v tom ten probl\u00e9m j\u00e1 vid\u00edm. J\u00e1 opravdu vid\u00edm probl\u00e9m v tom, \u017ee ta legislativa vlastn\u011b v\u00e1s dneska dostate\u010dn\u011b nemotivuje, nech\u00e1v\u00e1 v\u00e1s klidn\u011b dlouh\u00e9 roky pracovat na\u010derno, proto\u017ee vlastn\u011b nen\u00ed motiva\u010dn\u00ed pro to, aby v\u00e1s zdv\u00edhala z toho dna, \u0159\u00edkala, pracuj, pracuj leg\u00e1ln\u011b. A kdy\u017e se ti ten v\u00fdd\u011blek bude zvy\u0161ovat, tak my ti neodsekneme okam\u017eit\u011b celou tu d\u00e1vku, podporu, ale naopak ta d\u00e1vkov\u00e1 podpora ti bude postupn\u011b klesat, a to jsou d\u016fle\u017eit\u00e9 zm\u011bny, kter\u00e1 ta revize d\u00e1vek p\u0159in\u00e1\u0161\u00ed, mimo jin\u00e9 motivovat k poctiv\u00e9 leg\u00e1ln\u00ed pr\u00e1ci.<\/p>\n\n\n\n<p>Jan Bumba, moder\u00e1tor<br \/>&#8212;&#8212;&#8212;&#8212;&#8212;&#8212;&#8211;<br \/>Jak ta reforma, ta, v uvozovk\u00e1ch, superd\u00e1vka, tedy v tomto ohledu, jak \u0159\u00edk\u00e1te, kdy\u017e lid\u00e9 budou pracovat, budou na tom l\u00e9pe, \u0159e\u0161\u00ed probl\u00e9m exekuc\u00ed a insolvenc\u00ed, nebo jak s t\u00edm pracuje?<\/p>\n\n\n\n<p>Marian Jure\u010dka, vicepremi\u00e9r, ministr pr\u00e1ce a soci\u00e1ln\u00edch v\u011bc\u00ed \/KDU-\u010cSL\/<br \/>&#8212;&#8212;&#8212;&#8212;&#8212;&#8212;&#8211;<br \/>V p\u0159\u00edpad\u011b exekuc\u00ed, insolvenc\u00ed, ten stav, ta superd\u00e1vka se nem\u011bn\u00ed nijak, z\u016fst\u00e1v\u00e1 vlastn\u011b sou\u010dasn\u00fd stav, kter\u00fd m\u00e1me dnes a, ano, p\u0159edm\u011btem debaty o t\u00e9to p\u0159ipravovan\u00e9 superd\u00e1vky bylo to, zdali bychom ty lidi, kte\u0159\u00ed maj\u00ed exekuci \u010di insolvenci, n\u011bjak\u00fdm zp\u016fsobem, jak se \u0159\u00edk\u00e1, nemotivovali v\u00edce, nebo v\u00edce zv\u00fdhodnili. J\u00e1 osobn\u011b jsem t\u00e9 cest\u011b byl i naklon\u011bn, \u0159\u00edkal jsem to opakovan\u011b p\u0159i t\u011bch jedn\u00e1n\u00edch, sna\u017eil jsem se i tu cestu naj\u00edt, ale vlastn\u011b narazilo to na m\u00e9 koali\u010dn\u00ed partnery a vlastn\u011b i na v\u011bt\u0161inu ve sn\u011bmovn\u011b, kdy tento princip nebyl podpo\u0159en, proto\u017ee mimo jin\u00e9, a\u0165 to do\u0159eknu, kdy\u017e \u0159ekneme A, je pot\u0159eba \u0159\u00edct i to B, vlastn\u011b pak je pot\u0159eba tak\u00e9 \u0159\u00edci, jak se budeme vyrovn\u00e1vat s t\u00edm, \u017ee m\u00e1m jin\u00e9ho \u010dlov\u011bka, jinou dom\u00e1cnost, kter\u00fd m\u00e1 t\u0159eba tak\u00e9 relativn\u011b n\u00edzk\u00e9 p\u0159\u00edjmy, ale vlastn\u011b jemu nep\u0159\u00edmo na jeho placen\u00ed exeku\u010dn\u00ed \u010di insolven\u010dn\u00ed zp\u00e1tky nep\u0159isp\u011bjeme nijak, tak\u017ee to je pot\u0159eba \u0159\u00edct je\u0161t\u011b do toho kontextu, ale j\u00e1 jsem s\u00e1m \u0159\u00edkal opakovan\u011b, proto\u017ee to byl n\u00e1vrh Dana Prokopa a jeho t\u00fdmu, poj\u010fme n\u011bjak\u00fdm zp\u016fsobem tyto lidi je\u0161t\u011b v\u00edce motivovat k tomu, aby do toho procesu \u0159\u00e1dn\u011b platit sv\u00e9 exekuce a p\u0159edev\u0161\u00edm p\u0159ej\u00edt do insolvence, abychom je i v t\u00e9 super d\u00e1vce podpo\u0159ili, to se nakonec nepoda\u0159ilo, ale oproti sou\u010dasn\u00e9mu stavu tam \u017e\u00e1dn\u00e1 zm\u011bna nen\u00ed.<\/p>\n\n\n\n<p>Jan Bumba, moder\u00e1tor<br \/>&#8212;&#8212;&#8212;&#8212;&#8212;&#8212;&#8211;<br \/>Nen\u00ed to chyba, proto\u017ee pr\u00e1v\u011b ten probl\u00e9m exekuc\u00ed, kdy\u017e hovo\u0159\u00edte o tom, \u017ee by m\u011blo doj\u00edt k n\u011bjak\u00e9 lep\u0161\u00ed motivaci t\u011bch lid\u00ed, aby se postavili na vlastn\u00ed nohy, aby pracovali a tak d\u00e1l, nejsou to pr\u00e1v\u011b exekuce, kdo je \u010dasto sr\u00e1\u017e\u00ed a demotivuje.<\/p>\n\n\n\n<p>Marian Jure\u010dka, vicepremi\u00e9r, ministr pr\u00e1ce a soci\u00e1ln\u00edch v\u011bc\u00ed \/KDU-\u010cSL\/<br \/>&#8212;&#8212;&#8212;&#8212;&#8212;&#8212;&#8211;<br \/>No, \u0159\u00edk\u00e1m, j\u00e1 bych si p\u0159edstavoval, aby to \u0159e\u0161en\u00ed bylo je\u0161t\u011b v tomhle ohledu, \u0159ekn\u011bme, otev\u0159en\u011bj\u0161\u00ed, ale poj\u010fme si uv\u011bdomit, \u017ee za posledn\u00ed 4 roky se tady odehr\u00e1lo t\u0159i kola nebo t\u0159i vlny milostiv\u00e9ho l\u00e9ta, kter\u00e9 pomohly statis\u00edc\u016fm lid\u00ed v exekuc\u00edch odmazat ty jejich dluhy, v\u00fdrazn\u011b kles\u00e1 po\u010det exekuc\u00ed, to si mus\u00edme \u0159\u00edci, a zkr\u00e1tili jsme p\u0159ed rokem v\u00fdrazn\u011b dobu insolvence z 5 let na 3 a dali jsme daleko flexibiln\u011bj\u0161\u00ed podm\u00ednky pro to oddlu\u017een\u00ed v r\u00e1mci insolvence, kdy ten soud dneska nemus\u00ed vy\u017eadovat t\u011bch 30 %, alespo\u0148 t\u00e9 \u010d\u00e1stky, kterou ten \u010dlov\u011bk mus\u00ed v t\u00e9 insolvenci uhradit, m\u016f\u017ee to b\u00fdt \u010d\u00e1stka i ni\u017e\u0161\u00ed ne\u017e 30 %. A je to na pom\u011brn\u011b individu\u00e1ln\u00ed posouzen\u00ed toho soudu, tak\u017ee ty podm\u00ednky pro oddlu\u017een\u00ed se v\u00fdrazn\u011b zlep\u0161ily oproti tomu, co tady bylo posledn\u00edch 10, 15 let.<\/p>\n\n\n\n<p>Jan Bumba, moder\u00e1tor<br \/>&#8212;&#8212;&#8212;&#8212;&#8212;&#8212;&#8211;<br \/>A sta\u010d\u00ed to?<\/p>\n\n\n\n<p>Marian Jure\u010dka, vicepremi\u00e9r, ministr pr\u00e1ce a soci\u00e1ln\u00edch v\u011bc\u00ed \/KDU-\u010cSL\/<br \/>&#8212;&#8212;&#8212;&#8212;&#8212;&#8212;&#8211;<br \/>\u0158\u00edk\u00e1m, j\u00e1 bych, a v tento okam\u017eik u\u017e je realita takov\u00e1, je pot\u0159eba to vyhodnotit, uvid\u011bt \u010d\u00edsla, vid\u011bt, jak se ten syst\u00e9m chov\u00e1 za posledn\u00ed rok a p\u016fl a p\u0159\u00edpadn\u011b k n\u011bjak\u00e9 zm\u011bn\u011b p\u0159istoupit za rok, za dva, proto\u017ee i j\u00e1 u t\u00e9to super d\u00e1vky \u0159\u00edk\u00e1m, \u017ee tak, jak by to m\u011blo b\u00fdt spr\u00e1vn\u011b, u ka\u017ed\u00e9ho z\u00e1kona, m\u011bli bychom po roce a\u017e dvou vyhodnotit ve\u0161ker\u00e9 dopady a p\u0159\u00edpadn\u011b p\u0159istoupit k n\u011bjak\u00e9mu dolad\u011bn\u00ed t\u011bch parametr\u016f v tom syst\u00e9mu.<\/p>\n\n\n\n<p>Jan Bumba, moder\u00e1tor<br \/>&#8212;&#8212;&#8212;&#8212;&#8212;&#8212;&#8211;<br \/> Kdy\u017e \u0159\u00edk\u00e1te, pod\u00edvejme se na \u010d\u00edsla, pod\u00edvejme se na data a pak je poj\u010fme n\u011bjak vyhodnotit. Je v tuto chv\u00edli n\u011bjak\u00e1 kalkula\u010dka, na kter\u00e9 by si lid\u00e9 mohli spo\u010d\u00edtat, na co budou a na co nebudou m\u00edt n\u00e1rok po zaveden\u00ed tzv. superd\u00e1vky?<\/p>\n\n\n\n<p>Marian Jure\u010dka, vicepremi\u00e9r, ministr pr\u00e1ce a soci\u00e1ln\u00edch v\u011bc\u00ed \/KDU-\u010cSL\/<br \/>&#8212;&#8212;&#8212;&#8212;&#8212;&#8212;&#8211;<br \/>V tuto chv\u00edli nen\u00ed, proto\u017ee m\u00e1me je\u0161t\u011b st\u00e1le b\u011b\u017e\u00edc\u00ed legislativn\u00ed proces. A j\u00e1 to \u0159eknu na p\u0159\u00edkladu d\u016fchodov\u00e9 reformy. D\u016fchodovou reformu jsme schv\u00e1lili v pr\u016fb\u011bhu podzimu a teprve te\u010f dofinalizujeme tu kalkula\u010dku, kter\u00e1 po\u010d\u00edt\u00e1 na port\u00e1lu \u010desk\u00e9 spr\u00e1vy ty p\u0159edpokl\u00e1dan\u00e9 v\u00fd\u0161e d\u016fchod\u016f, tak\u017ee my nejsme schopni, fakt jako nejsme schopni, kdy\u017e m\u00e1me prob\u00edhaj\u00edc\u00ed druh\u00e9 a t\u0159et\u00ed \u010dten\u00ed ve sn\u011bmovn\u011b, ud\u011blat slo\u017eitou kalkula\u010dku, kter\u00e1 mus\u00ed zohled\u0148ovat vlastn\u011b des\u00edtky r\u016fzn\u00fdch okolnost\u00ed a situac\u00ed, tak\u017ee ano, my se ke kalkula\u010dce dostaneme, uzav\u0159eme legislativn\u00ed proces a ur\u010dit\u011b v budoucnu kalkula\u010dka bude, respektive ten syst\u00e9m vlastn\u011b bude tak dobr\u00fd, \u017ee v okam\u017eiku, kdy ten \u010dlov\u011bk tam zad\u00e1 od toho 1. 10. ty sv\u00e9 \u00fadaje do toho Jendy a budeme je m\u00edt komplexn\u00ed, tak velmi rychle bude vlastn\u011b vyhodnocovat, zdali ten \u010dlov\u011bk m\u00e1 n\u00e1rok na podporu, nem\u00e1 a v jak\u00e9 v\u00fd\u0161i.<\/p>\n\n\n\n<p>Jan Bumba, moder\u00e1tor<br \/>&#8212;&#8212;&#8212;&#8212;&#8212;&#8212;&#8211;<br \/>A v tuto chv\u00edli ale teda to nikdo nev\u00ed, nebo se to bude dopracov\u00e1vat \u010dasem a nebo n\u011bkdo z va\u0161ich lid\u00ed to m\u00e1 propo\u010d\u00edt\u00e1no, jak\u00fd dopad, na koho to bude m\u00edt?<\/p>\n\n\n\n<p>Marian Jure\u010dka, vicepremi\u00e9r, ministr pr\u00e1ce a soci\u00e1ln\u00edch v\u011bc\u00ed \/KDU-\u010cSL\/<br \/>&#8212;&#8212;&#8212;&#8212;&#8212;&#8212;&#8211;<br \/>My m\u00e1me, my m\u00e1me dopady, kdy\u017e jsme tady prob\u00edrali v legislativn\u00edm procesu ty konkr\u00e9tn\u00ed p\u0159\u00edklady, kter\u00e9 byly v tom medi\u00e1ln\u00edm prostoru, tam jsme to v\u017edycky byli schopni dopo\u010d\u00edtat na z\u00e1klad\u011b opravdu skute\u010dn\u00fdch situac\u00ed, kdy p\u0159i\u0161el, n\u011bkdo \u0159ekl, \u017ee je to takov\u00fd a takov\u00fd typ, t\u0159eba dom\u00e1cnosti z takov\u00e9ho a takov\u00e9ho m\u011bsta, to um\u00edme dopo\u010d\u00edtat velmi p\u0159esn\u011b. A vlastn\u011b tento z\u00e1kon m\u00e1 jednu z nejrozs\u00e1hlej\u0161\u00edch v\u016fbec studi\u00ed dopad\u016f, tak\u017ee tam jsou velmi, kdo si to p\u0159e\u010dte, velmi dob\u0159e pops\u00e1ny vlastn\u011b v\u0161echny ty dopady, v\u010detn\u011b toho, jak to bude dopadat na r\u016fzn\u00e9 ty c\u00edlov\u00e9 skupiny t\u011bch lid\u00ed, tak\u017ee v tom legislativn\u00edm podkladu, to je velmi p\u0159esn\u011b, v\u010detn\u011b p\u0159\u00edloh, kter\u00e9 tam jsou podrobn\u011b pops\u00e1ny, ale znovu \u0159\u00edk\u00e1m, m\u00edt jako jednoduchou kalkula\u010dku, kter\u00e1 v\u00e1m dneska takhle online bude vyhodnocovat te\u010f v tento okam\u017eik na p\u0159elomu dubna a kv\u011btna nap\u0159\u00edklad data z katastru nemovitost\u00ed a z motorov\u00fdch vozidel, to je\u0161t\u011b jako logicky nejsme schopni tady v tento okam\u017eik m\u00edt.<\/p>\n\n\n\n<p>Jan Bumba, moder\u00e1tor<br \/>&#8212;&#8212;&#8212;&#8212;&#8212;&#8212;&#8211;<br \/>Kdy\u017e si teda p\u0159edstav\u00edm sebe jako hypotetick\u00e9ho p\u0159\u00edjemce soci\u00e1ln\u00edch d\u00e1vek, tak j\u00e1 se ocit\u00e1m v docela velk\u00e9 nejistot\u011b, jak to se mnou bude a co budu pob\u00edrat, na co budu m\u00edt n\u00e1rok?<\/p>\n\n\n\n<p>Marian Jure\u010dka, vicepremi\u00e9r, ministr pr\u00e1ce a soci\u00e1ln\u00edch v\u011bc\u00ed \/KDU-\u010cSL\/<br \/>&#8212;&#8212;&#8212;&#8212;&#8212;&#8212;&#8211;<br \/>No, to si \u00fapln\u011b nemysl\u00edm. J\u00e1 to \u0159eknu velmi jako jednodu\u0161e v tom z\u00e1kladn\u00edm principu, a to \u0159\u00edk\u00e1me tak\u00e9 i v tom podkladu toho z\u00e1kona. U t\u0159etiny lid\u00ed, u t\u011bch zraniteln\u00fdch p\u0159edev\u0161\u00edm to bude znamenat vy\u0161\u0161\u00ed podporu, t\u0159etina d\u00e1vky klient\u016f z\u016fstane na sv\u00e9m a u t\u0159etiny klient\u016f ta podpora klesne. U koho to klesne? Klesne n\u00e1m to u dom\u00e1cnost\u00ed, kter\u00e9 dneska t\u0159eba, nap\u0159\u00edklad pro p\u0159edstavu poslucha\u010d\u016f, m\u00e1me v Praze dom\u00e1cnost 55 000 K\u010d, \u010dist\u00fd p\u0159\u00edjem, je to dneska d\u00e1vkov\u00fd klient, ta dom\u00e1cnost, tak u takov\u00e9 v\u00fd\u0161e p\u0159\u00edjm\u016f ta podpora u\u017e nebude, tak\u017ee tam dojde k ur\u010dit\u00e9mu poklesu z hlediska \u010dist\u00e9ho p\u0159\u00edjmu t\u00e9 dom\u00e1cnosti. Dal\u0161\u00ed bod, kde to klesne, skupina lid\u00ed, kte\u0159\u00ed by pr\u00e1v\u011b mohli pracovat, objektivn\u011b jsou zdrav\u00ed ve v\u011bku 18 a\u017e 65 let a nepracuj\u00ed n\u00e1m, tak\u017ee tam my \u0159\u00edk\u00e1me, bu\u010fto ten \u010dlov\u011bk zm\u011bn\u00ed sv\u016fj p\u0159\u00edstup, za\u010dne pracovat, rekvalifikovat se, nebo bude d\u011blat alespo\u0148 tu ve\u0159ejnou slu\u017ebu, anebo op\u011bt jeho podpora v\u00fdrazn\u011b klesne, jo, tak\u017ee to jsou typick\u00e9 jako uk\u00e1zky, kdy \u0159\u00edk\u00e1m, kde dojde k poklesu, plus, kde dojde k poklesu, jsou lid\u00e9, kte\u0159\u00ed bydl\u00ed v \u010dasto ve velmi nestandardn\u00edm bydlen\u00ed a jsou tam ale fakturovan\u00e9 jedny z nejvy\u0161\u0161\u00edch n\u00e1jm\u016f v\u016fbec v tom m\u011bst\u011b, \u010dasto v krajsk\u00e9m m\u011bst\u011b, nejvy\u0161\u0161\u00ed n\u00e1klady na bydlen\u00ed maj\u00ed lid\u00e9 v t\u011bch, opravdu t\u011bch na p\u016fl vybydlen\u00fdch bytov\u00fdch domech. A tam my \u0159\u00edk\u00e1me, budeme to rovnat na to, aby ti lid\u00e9 bydleli za pr\u016fm\u011brn\u00fdch n\u00e1klad\u016f jako bydl\u00ed ostatn\u00ed spoluob\u010dan\u00e9 v dan\u00e9 lokalit\u011b.<\/p>\n\n\n\n<p>Jan Bumba, moder\u00e1tor<br \/>&#8212;&#8212;&#8212;&#8212;&#8212;&#8212;&#8211;<br \/>Co maj\u00ed d\u011blat ti lid\u00e9, pokud takov\u00e9 levn\u011bj\u0161\u00ed bydlen\u00ed nese\u017eenou. Mysl\u00edte, \u017ee tam jdou schv\u00e1ln\u011b takhle zaplatit vy\u0161\u0161\u00ed cenu za tak mizern\u00e9 bydlen\u00ed.<\/p>\n\n\n\n<p>Marian Jure\u010dka, vicepremi\u00e9r, ministr pr\u00e1ce a soci\u00e1ln\u00edch v\u011bc\u00ed \/KDU-\u010cSL\/<br \/>&#8212;&#8212;&#8212;&#8212;&#8212;&#8212;&#8211;<br \/>Oni ne, ale ti majitel\u00e9 z\u00e1m\u011brn\u011b p\u0159epaluj\u00ed to n\u00e1jemn\u00e9, proto\u017ee v\u00ed, \u017ee jim to ten syst\u00e9m zaplat\u00ed. A j\u00e1 \u0159\u00edk\u00e1m, ani pro toho vlastn\u00edka domu nen\u00ed jin\u00fd klient v t\u00e9to zemi. Tak\u017ee pokud on chce m\u00edt ten p\u0159\u00edjem d\u00e1l, nechce m\u00edt pr\u00e1zdnou nemovitost, tak se mus\u00ed za\u010d\u00edt chovat norm\u00e1ln\u011b a ne, \u017ee ten syst\u00e9m vys\u00e1v\u00e1 jako dost nef\u00e9rov\u00fdm zp\u016fsobem. Ne\u0159\u00edk\u00e1m, \u017ee v\u0161ichni z nich, ale mnoho z nich, opravdu tam p\u0159ijdete a hled\u00edte, jak\u00e1 v\u00fd\u0161e n\u00e1jm\u016f je fakturovan\u00e1. A jenom d\u00e1m pozn\u00e1mku je\u0161t\u011b. A mimo jin\u00e9, kdy\u017e jsme u byznysu s chudobou, tak se tam d\u00edv\u00e1 ten z\u00e1kon tak\u00e9 na to, \u017ee bude vy\u017eadovat alespo\u0148 koupelnu, z\u00e1chod, kuchy\u0148, prost\u011b n\u011bjak\u00e9 minim\u00e1ln\u00ed d\u016fstojn\u00e9 podm\u00ednky pro \u017eivot v t\u00e9 dom\u00e1cnosti, to taky tam dneska nen\u00ed a my to budeme chodit kontrolovat.<\/p>\n\n\n\n<p>Jan Bumba, moder\u00e1tor<br \/>&#8212;&#8212;&#8212;&#8212;&#8212;&#8212;&#8211;<br \/>Rozum\u00edm tomu spr\u00e1vn\u011b tedy tak, \u017ee celkov\u011b sp\u00ed\u0161e se sn\u00ed\u017e\u00ed ty d\u00e1vky nebo ty prost\u0159edky, kter\u00e9 lid\u00e9 dostanou na bydlen\u00ed?<\/p>\n\n\n\n<p>Marian Jure\u010dka, vicepremi\u00e9r, ministr pr\u00e1ce a soci\u00e1ln\u00edch v\u011bc\u00ed \/KDU-\u010cSL\/<br \/>&#8212;&#8212;&#8212;&#8212;&#8212;&#8212;&#8211;<br \/>To se takto \u00fapln\u011b \u0159\u00edct jednodu\u0161e ned\u00e1. J\u00e1 jsem tady uv\u00e1d\u011bl ty p\u0159\u00edklady, u koho ten pokles nastane. Ano, m\u016f\u017ee to b\u00fdt, tam dneska m\u00e1me velmi vysok\u00e9 neadekv\u00e1tn\u00ed n\u00e1klady na bydlen\u00ed, proto \u0159\u00edk\u00e1me, jdeme na ty pr\u016fm\u011brn\u00e9 hodnoty n\u00e1kladov\u00e9, kter\u00e9 jsou v t\u00e9 dan\u00e9 lokalit\u011b a my ty data m\u00e1me velmi p\u0159esn\u00e1.<\/p>\n\n\n\n<p>Jan Bumba, moder\u00e1tor<br \/>&#8212;&#8212;&#8212;&#8212;&#8212;&#8212;&#8211;<br \/>Moc se omlouv\u00e1m, \u017ee do toho sk\u00e1\u010du, ale ta data, o kter\u00fdch te\u010f hovo\u0159\u00edte, odpov\u00eddaj\u00ed tomu, co b\u011b\u017en\u00ed lid\u00e9 znaj\u00ed jako komer\u010dn\u00ed n\u00e1jmy?<\/p>\n\n\n\n<p>Marian Jure\u010dka, vicepremi\u00e9r, ministr pr\u00e1ce a soci\u00e1ln\u00edch v\u011bc\u00ed \/KDU-\u010cSL\/<br \/>&#8212;&#8212;&#8212;&#8212;&#8212;&#8212;&#8211;<br \/>Ne. A d\u011bkuju za tu ot\u00e1zku, to je i vlastn\u011b ten spor, kter\u00fd vedeme, kdy\u017e n\u011bkdo \u0159\u00edk\u00e1, ministerstvo nep\u0159istoupilo na tzv. cenovou kalkulaci, kterou m\u00e1 ministerstvo financ\u00ed, ty cenov\u00e9 mapy. J\u00e1 jenom vysv\u011btl\u00edm pro poslucha\u010de, pro\u010d jsme na to nep\u0159istoupili, proto\u017ee tato datab\u00e1ze vych\u00e1z\u00ed \u010dist\u011b z inzertn\u00edch nab\u00eddek.<\/p>\n\n\n\n<p>Jan Bumba, moder\u00e1tor<br \/>&#8212;&#8212;&#8212;&#8212;&#8212;&#8212;&#8211;<br \/>No, ale z toho p\u0159ece vych\u00e1zej\u00ed i ti lid\u00e9, i ti klienti&#8230;<\/p>\n\n\n\n<p>Marian Jure\u010dka, <br \/>&#8212;&#8212;&#8212;&#8212;&#8212;&#8212;&#8211;<br \/>Ano, po\u010dkejte&#8230;<\/p>\n\n\n\n<p>Jan Bumba, moder\u00e1tor<br \/>&#8212;&#8212;&#8212;&#8212;&#8212;&#8212;&#8211;<br \/>Pot\u0159ebuj\u00ed bydlet.<\/p>\n\n\n\n<p>Marian Jure\u010dka, vicepremi\u00e9r, ministr pr\u00e1ce a soci\u00e1ln\u00edch v\u011bc\u00ed \/KDU-\u010cSL\/<br \/>&#8212;&#8212;&#8212;&#8212;&#8212;&#8212;&#8211;<br \/>To je velmi d\u016fle\u017eit\u00e9 se pod\u00edvat, jak\u00e1 je realita. My jsme se pod\u00edvali na lo\u0148sk\u00fd rok u na\u0161ich nov\u00fdch klient\u016f, kte\u0159\u00ed vstoupili do podpory bydlen\u00ed a pod\u00edvali jsme se na jejich konkr\u00e9tn\u00ed uzav\u0159en\u00e9 v\u00fd\u0161e n\u00e1klad\u016f, pokud jde o n\u00e1jemn\u00e9. A n\u00e1jemn\u00e9 se nerovn\u00e1, to, co je na inzertn\u00ed nab\u00eddce, \u017ee je tak\u00e9 v\u017edycky fin\u00e1ln\u011b dohodnut\u00e9 n\u00e1jemn\u00e9, to je pot\u0159eba odli\u0161it, tak\u017ee my bereme, my m\u00e1me dneska zhruba z\u00e1kladnu skoro 400 000 dat dom\u00e1cnosti, kde my p\u0159esn\u011b vid\u00edme, i u t\u011bch nej\u010derstv\u011bj\u0161\u00edch n\u00e1jm\u016f, kolik je n\u00e1jemn\u00e9, kolik jsou energie, elekt\u0159ina, teplo, plyn a tak d\u00e1le a z toho my vych\u00e1z\u00edme, to znamen\u00e1&#8230;<\/p>\n\n\n\n<p>Jan Bumba, moder\u00e1tor<br \/>&#8212;&#8212;&#8212;&#8212;&#8212;&#8212;&#8211;<br \/>Vych\u00e1z\u00edte z toho, \u017ee ta sou\u010dasn\u00e1 podpora bydlen\u00ed je p\u0159\u00edli\u0161 velkorys\u00e1?<\/p>\n\n\n\n<p>Marian Jure\u010dka, vicepremi\u00e9r, ministr pr\u00e1ce a soci\u00e1ln\u00edch v\u011bc\u00ed \/KDU-\u010cSL\/<br \/>&#8212;&#8212;&#8212;&#8212;&#8212;&#8212;&#8211;<br \/>Ne, byla by p\u0159\u00edli\u0161 velkorys\u00e1, pokud bychom p\u0159istoupili na to, \u017ee to budeme br\u00e1t z t\u011bch cenov\u00fdch nab\u00eddek inzertn\u00edch port\u00e1l\u016f a je\u0161t\u011b bychom z toho ud\u011blali v\u00fdrazn\u011b cenotvorn\u00fd faktor, kter\u00fd by za\u010dala rozt\u00e1\u010det spir\u00e1lu n\u00e1klad\u016f na bydlen\u00ed, tak\u017ee proto my bereme opravdu tu skute\u010dnost, tu realitu, nikoliv pouze inzertn\u00ed nab\u00eddky, u kter\u00fdch vlastn\u011b nev\u00edme, za kolik se to ve fin\u00e1le uzav\u0159elo to n\u00e1jemn\u00e9, za jakou \u010d\u00e1stku, ale my to vid\u00edme z na\u0161ich dat od na\u0161ich klient\u016f.<\/p>\n\n\n\n<p>Jan Bumba, moder\u00e1tor<br \/>&#8212;&#8212;&#8212;&#8212;&#8212;&#8212;&#8211;<br \/>Ta z\u00e1sadn\u00ed ot\u00e1zka je, jestli nehroz\u00ed, \u017ee po zaveden\u00ed superd\u00e1vky se roz\u0161\u00ed\u0159\u00ed n\u011bjak skupina lid\u00ed, kte\u0159\u00ed prost\u011b nemaj\u00ed na bydlen\u00ed, kte\u0159\u00ed nemaj\u00ed na n\u00e1jem?<\/p>\n\n\n\n<p>Marian Jure\u010dka, vicepremi\u00e9r, ministr pr\u00e1ce a soci\u00e1ln\u00edch v\u011bc\u00ed \/KDU-\u010cSL\/<br \/>&#8212;&#8212;&#8212;&#8212;&#8212;&#8212;&#8211;<br \/>Neroz\u0161\u00ed\u0159\u00ed se tato skupina lid\u00ed, pokud ten \u010dlov\u011bk bude cht\u00edt s t\u00edm \u00da\u0159adem pr\u00e1ce a bude m\u00edt v\u016fli kooperovat a spolupracovat.<\/p>\n\n\n\n<p>Jan Bumba, moder\u00e1tor<br \/>&#8212;&#8212;&#8212;&#8212;&#8212;&#8212;&#8211;<br \/>Kdy\u017e j\u00ed nebude m\u00edt, skon\u010d\u00ed na ulici.<\/p>\n\n\n\n<p>Marian Jure\u010dka, vicepremi\u00e9r, ministr pr\u00e1ce a soci\u00e1ln\u00edch v\u011bc\u00ed \/KDU-\u010cSL\/<br \/>&#8212;&#8212;&#8212;&#8212;&#8212;&#8212;&#8211;<br \/>Pokud ten \u010dlov\u011bk \u0159ekne, nem\u00e1m vlastn\u011b \u017e\u00e1dnou chu\u0165 a nebudu tady d\u011blat \u017e\u00e1dnou ve\u0159ejnou slu\u017ebu, i kdyby cht\u011bl, tak potom ano, ta jeho \u017eivotn\u00ed situace m\u016f\u017ee se zkomplikovat, ale znovu \u0159\u00edk\u00e1m, m\u00e1me tam je\u0161t\u011b ten institut tzv. hmotn\u00e9 nouze, ostatn\u011b i u toho institutu i dneska plat\u00ed to, i kdy\u017e ten \u010dlov\u011bk nechce kooperovat a ned\u00e1 t\u0159eba z\u00e1kladn\u00ed podklady o jeho p\u0159\u00edjmech a o jeho majetku, tak my mu ani dneska tu podporu ned\u00e1me. V\u017edycky ten klient mus\u00ed vyk\u00e1zat n\u011bjakou v\u016fli a chu\u0165 s n\u00e1mi spolupracovat, jo. A jenom je\u0161t\u011b pozn\u00e1mka, kdy\u017e jsme u bydlen\u00ed. Tady se te\u010f vz\u00e1jemn\u011b potk\u00e1 dob\u0159e kooperace dvou z\u00e1kon\u016f, kdy n\u00e1m te\u010f fin\u00e1ln\u011b b\u011b\u017e\u00ed legislativn\u00edm procesem i z\u00e1kon o bydlen\u00ed. A ty dv\u011b v\u011bci spolu jsou vlastn\u011b dob\u0159e parametricky vylad\u011bn\u00fd, tak\u017ee my budeme vlastn\u011b schopni ty lidi zabydlovat, udr\u017eet je v bydlen\u00ed, d\u00e1t jim podporu, pokud nemaj\u00ed ty kompetence k tomu bydlen\u00ed, tak\u017ee jsou to fakt zm\u011bny, kter\u00e9 si te\u010f jako dob\u0159e sedaj\u00ed a jsou prov\u00e1z\u00e1ny, a j\u00e1 v\u011b\u0159\u00edm, \u017ee pro ten syst\u00e9m p\u0159inesou daleko v\u00edc pozitiva ne\u017e t\u011bch obav, kter\u00e9 tady dneska t\u0159eba zazn\u00edvaj\u00ed.<\/p>\n\n\n\n<p>Jan Bumba, moder\u00e1tor<br \/>&#8212;&#8212;&#8212;&#8212;&#8212;&#8212;&#8211;<br \/>Vy osobn\u011b ji nem\u00e1te, tu obavu, \u017ee se zv\u00fd\u0161\u00ed po\u010det bezdomovc\u016f?<\/p>\n\n\n\n<p>Marian Jure\u010dka, vicepremi\u00e9r, ministr pr\u00e1ce a soci\u00e1ln\u00edch v\u011bc\u00ed \/KDU-\u010cSL\/<br \/>&#8212;&#8212;&#8212;&#8212;&#8212;&#8212;&#8211;<br \/>Ne, naopak, naopak jsem p\u0159esv\u011bd\u010den, \u017ee t\u011bmito kombinacemi t\u011bchto dvou z\u00e1kon\u016f ve st\u0159edn\u011b a dlouhodob\u00e9m horizontu dok\u00e1\u017eeme po\u010det lid\u00ed bez domova sn\u00ed\u017eit. Proto\u017ee \u0159eknu je\u0161t\u011b jednu v\u011bc, kter\u00e1 je z\u00e1sadn\u00ed, my v\u00fdrazn\u011b budeme zvy\u0161ovat dostupnost t\u00e9 podpory. Pro\u010d n\u00e1m dneska cel\u00e1 \u0159ada lid\u00ed skon\u010d\u00ed opravdu bez toho bydlen\u00ed, proto\u017ee v\u010das nep\u0159i\u0161la si po\u017e\u00e1dat o podporu nebo nepo\u017e\u00e1dala o n\u011bjakou \u010d\u00e1st t\u00e9 podpory, proto\u017ee jsou to r\u016fzn\u00e9 \u010dty\u0159i d\u00e1vky, \u010dty\u0159i \u017e\u00e1dosti, \u010dty\u0159i \u0159\u00edzen\u00ed a podobn\u011b, a to dneska bude v\u0161echno v jednom kroku a bude to daleko dostupn\u011bj\u0161\u00ed a rychlej\u0161\u00ed, proto j\u00e1 \u0159\u00edk\u00e1m, \u017ee toto bude daleko siln\u011bj\u0161\u00ed soci\u00e1ln\u00ed s\u00ed\u0165 a soci\u00e1ln\u00ed trampol\u00edna, ne\u017e to, co tady bylo posledn\u00edch 35 let.<\/p>\n\n\n\n<p>Jan Bumba, moder\u00e1tor<br \/>&#8212;&#8212;&#8212;&#8212;&#8212;&#8212;&#8211;<br \/>Poslouch\u00e1te Interview Plus, na\u0161\u00edm hostem je ministr pr\u00e1ce a soci\u00e1ln\u00edch v\u011bc\u00ed, vicepremi\u00e9r Marian Jure\u010dka z KDU-\u010cSL. \u010c\u00e1st t\u00e9 kritiky, nap\u0159\u00edklad od novin\u00e1\u0159e Davida Klime\u0161e, se t\u00fdk\u00e1 toho, \u017ee ta reforma je usp\u011bchan\u00e1 a je na n\u00ed \u00fadajn\u011b vid\u011bt, \u017ee jste ji cht\u011bli stihnout p\u0159ed volbami, abyste to mohli d\u00e1t na billboardy. Je to tak?<\/p>\n\n\n\n<p>Marian Jure\u010dka, vicepremi\u00e9r, ministr pr\u00e1ce a soci\u00e1ln\u00edch v\u011bc\u00ed \/KDU-\u010cSL\/<br \/>&#8212;&#8212;&#8212;&#8212;&#8212;&#8212;&#8211;<br \/>Tak m\u011b mrz\u00ed, \u017ee pan Klime\u0161 nep\u0159i\u0161el nikdy na na\u0161\u00ed tiskovku, ani na \u017e\u00e1dn\u00e9 na\u0161e setk\u00e1n\u00ed s novin\u00e1\u0159i, kde jsme vysv\u011btlovali v\u0161ecky ty v\u011bci a d\u00e1vali jsme prostor pro dotazy a v\u011bnovali jsme se tomu fakt dlouho t\u00e9 komunikaci, ale j\u00e1 s t\u00edm naprosto kategoricky nebudu souhlasit. J\u00e1 jsem od za\u010d\u00e1tku n\u00e1stupu na sv\u016fj resort dal jeden z \u00fakol\u016f, poj\u010fme upravit, modernizovat a ud\u011blat lep\u0161\u00ed soci\u00e1ln\u00ed syst\u00e9m, ne\u017e m\u00e1me doposud. A my jsme na tom str\u00e1vili 2 roky analytick\u00e9 pr\u00e1ce, 2 roky opravdu podklad\u016f ze statis\u00edc\u016f dat, kter\u00e9 jako MPSV m\u00e1me a na z\u00e1klad\u011b toho jsme designovali ty zm\u011bny. J\u00e1 jako \u010dlov\u011bk, jako politik bych si nedovolil tady p\u0159in\u00e9st n\u011bco, co by znamenalo n\u011bjak\u00fd Armagedon soci\u00e1ln\u00ed, spole\u010densk\u00fd a podobn\u011b.<\/p>\n\n\n\n<p>Jan Bumba, moder\u00e1tor<br \/>&#8212;&#8212;&#8212;&#8212;&#8212;&#8212;&#8211;<br \/>Jestli jsem to spr\u00e1vn\u011b pochopil, tam sp\u00ed\u0161 \u0161lo o to, jestli to chcete prezentovat jako p\u0159edvolebn\u00ed t\u00e9ma, \u017ee m\u00e1te za sebou tuhle \u010d\u00e1rku, \u017ee jste to zvl\u00e1dli.<\/p>\n\n\n\n<p>Marian Jure\u010dka, vicepremi\u00e9r, ministr pr\u00e1ce a soci\u00e1ln\u00edch v\u011bc\u00ed \/KDU-\u010cSL\/<br \/>&#8212;&#8212;&#8212;&#8212;&#8212;&#8212;&#8211;<br \/>J\u00e1 jsem to prezentoval na za\u010d\u00e1tku sv\u00e9ho volebn\u00edho obdob\u00ed, b\u011bhem n\u011bho i te\u010f. A te\u010f jsem jenom r\u00e1d, a zase mi to p\u0159ijde jako spr\u00e1vn\u00e9, \u017ee vlastn\u011b ned\u011bl\u00e1m to tak, \u017ee bych p\u0159ipravil z\u00e1kon a \u0159ekl za rok a p\u016fl, za dva to n\u011bkdo uve\u010fte v \u010dinnost, j\u00e1 s t\u00edm t\u00fdmem lid\u00ed beru na sebe i to, \u017ee ten rozjezd a p\u0159\u00edpravu toho \u00da\u0159adu pr\u00e1ce a ty v\u011bci, kter\u00e9 se s t\u00edm maj\u00ed st\u00e1t, odpracujeme je\u0161t\u011b v tomto volebn\u00edm obdob\u00ed.<\/p>\n\n\n\n<p>Jan Bumba, moder\u00e1tor<br \/>&#8212;&#8212;&#8212;&#8212;&#8212;&#8212;&#8211;<br \/>Jak\u00e9 bylo hlavn\u00ed zad\u00e1n\u00ed, kter\u00e9 od v\u00e1s dostal ten t\u00fdm lid\u00ed, kter\u00fd pracoval na t\u00e9to reform\u011b?<\/p>\n\n\n\n<p>Marian Jure\u010dka, vicepremi\u00e9r, ministr pr\u00e1ce a soci\u00e1ln\u00edch v\u011bc\u00ed \/KDU-\u010cSL\/<br \/>&#8212;&#8212;&#8212;&#8212;&#8212;&#8212;&#8211;<br \/>Aby to bylo jednodu\u0161\u0161\u00ed, v\u00edce motiva\u010dn\u00ed, aby to bylo digitalizovan\u00e9 a rozhodn\u011b v tom zad\u00e1n\u00ed nebylo to, \u017ee t\u00edm chceme u\u0161et\u0159it, mimochodem v t\u00e9 dopadov\u00e9 studii \u0159\u00edk\u00e1me, \u017ee ty n\u00e1klady mohou b\u00fdt sice mo\u017en\u00e1 o 2 miliardy korun ni\u017e\u0161\u00ed, ale tak\u00e9 a\u017e o 6 miliard korun vy\u0161\u0161\u00ed. Proto\u017ee pr\u00e1v\u011b jedna z velk\u00fdch nezn\u00e1m\u00fdch je to, jak lid\u00e9 zareaguj\u00ed na to chov\u00e1n\u00ed a nakolik se poda\u0159\u00ed je motivovat pozitivn\u011b a ty, u kter\u00fdch dneska vid\u00edme, \u017ee ta pracovn\u00ed aktivita nen\u00ed, tak pokud nastane a ti lid\u00e9 opravdu za\u010dnou n\u00e1m leg\u00e1ln\u011b pracovat nebo n\u011bkte\u0159\u00ed \u00fapln\u011b nov\u011b pracovat, tak pak \u0159\u00edk\u00e1me, ano, vyd\u00e1me v\u00edc a p\u0159ijde mi to f\u00e9rov\u00e9, p\u0159ijde mi to vlastn\u011b jako spr\u00e1vn\u00fd c\u00edl, mysl\u00edm i pro toho da\u0148ov\u00e9ho poplatn\u00edka, kdy\u017e v\u00edc t\u011bch lid\u00ed n\u00e1m za\u010dne pracovat nebo nov\u011b leg\u00e1ln\u011b pracovat.<\/p>\n\n\n\n<p>Jan Bumba, moder\u00e1tor<br \/>&#8212;&#8212;&#8212;&#8212;&#8212;&#8212;&#8211;<br \/>Efektem t\u00e9to superd\u00e1vky tedy m\u016f\u017ee b\u00fdt v d\u016fsledku i to, \u017ee se vlastn\u011b v\u00edc lid\u00ed p\u0159ihl\u00e1s\u00ed o n\u011bjakou podporu, o n\u011bjak\u00e9 d\u00e1vky, proto\u017ee tam bude sn\u00ed\u017een\u00fd ten pr\u00e1h, proto\u017ee to bude, jak jste \u0159\u00edkal, jednodu\u0161\u0161\u00ed \u017e\u00e1dost?<\/p>\n\n\n\n<p>Marian Jure\u010dka, vicepremi\u00e9r, ministr pr\u00e1ce a soci\u00e1ln\u00edch v\u011bc\u00ed \/KDU-\u010cSL\/<br \/>&#8212;&#8212;&#8212;&#8212;&#8212;&#8212;&#8211;<br \/>Ano, efektem. A j\u00e1 bych \u0159ekl, jedn\u00edm z kl\u00ed\u010dov\u00fdch vlastn\u011b soci\u00e1ln\u00edch jako krok\u016f za t\u011bch 30 let, kter\u00fd tady jako bude podle m\u011b jako naprosto z\u00e1sadn\u00ed u t\u00e9 superd\u00e1vky je ta daleko v\u011bt\u0161\u00ed dostupnost. Tak\u017ee na jedn\u00e9 stran\u011b ano, my m\u00e1me dneska daleko l\u00e9pe definovan\u00e9 parametry, komu a pro\u010d tu podporu d\u00e1v\u00e1me, ale z\u00e1rove\u0148 tak\u00e9 daleko l\u00e9pe jsme schopn\u00ed lidem \u0159\u00edct, kdy\u017e tu pomoc pot\u0159ebujete, m\u00e1te ji jednodu\u0161e dostupnou. A o tom podle m\u011b m\u00e1 b\u00fdt soci\u00e1ln\u00ed syst\u00e9m, proto\u017ee v minulosti vlastn\u011b ten soci\u00e1ln\u00ed syst\u00e9m do ur\u010dit\u00e9 m\u00edry byl nastaven tak, \u017ee vlastn\u011b \u010d\u00e1st lid\u00ed vyhazovali d\u00edky t\u00e9 slo\u017eit\u00e9 administrativ\u011b, ne proto, \u017ee nepro\u0161li, ale proto\u017ee to bylo slo\u017eit\u00e9 a odrazuj\u00edc\u00ed, a to soci\u00e1ln\u00ed syst\u00e9m jako nem\u00e1 dopou\u0161t\u011bt, ale on to dopou\u0161t\u011bl, a to nikomu tady bohu\u017eel nevadilo.<\/p>\n\n\n\n<p>Jan Bumba, moder\u00e1tor<br \/>&#8212;&#8212;&#8212;&#8212;&#8212;&#8212;&#8211;<br \/>Pane minist\u0159e, co ten aspekt, \u017ee by \u00fa\u0159ady pr\u00e1ce m\u011bly n\u011bjak prov\u011b\u0159ovat, jak\u00fdm majetkem disponuj\u00ed \u017eadatel\u00e9 o d\u00e1vky?<\/p>\n\n\n\n<p>Marian Jure\u010dka, vicepremi\u00e9r, ministr pr\u00e1ce a soci\u00e1ln\u00edch v\u011bc\u00ed \/KDU-\u010cSL\/<br \/>&#8212;&#8212;&#8212;&#8212;&#8212;&#8212;&#8211;<br \/>Naprosto v po\u0159\u00e1dku. J\u00e1 si mysl\u00edm, \u017ee da\u0148ov\u00fd poplatn\u00edk, kter\u00fd n\u00e1m vst\u00e1v\u00e1, jde do pr\u00e1ce, tak nem\u00e1 ze sv\u00fdch dan\u00ed platit na d\u00e1vky n\u011bkomu, kdo m\u00e1 t\u0159eba milion a p\u016fl korun na \u00fa\u010dt\u011b, anebo m\u00e1 8 aut nebo m\u00e1 6 nemovitost\u00ed.<\/p>\n\n\n\n<p>Jan Bumba, moder\u00e1tor<br \/>&#8212;&#8212;&#8212;&#8212;&#8212;&#8212;&#8211;<br \/>To se d\u011bje?<\/p>\n\n\n\n<p>Marian Jure\u010dka, vicepremi\u00e9r, ministr pr\u00e1ce a soci\u00e1ln\u00edch v\u011bc\u00ed \/KDU-\u010cSL\/<br \/>&#8212;&#8212;&#8212;&#8212;&#8212;&#8212;&#8211;<br \/>I to se, takhle, my to vlastn\u011b v\u016fbec nev\u00edme, proto\u017ee my \u017e\u00e1dn\u00fd takov\u00fd test nem\u00e1me.<\/p>\n\n\n\n<p>Jan Bumba, moder\u00e1tor<br \/>&#8212;&#8212;&#8212;&#8212;&#8212;&#8212;&#8211;<br \/>Tak t\u0159eba se to ned\u011bje.<\/p>\n\n\n\n<p>Marian Jure\u010dka, vicepremi\u00e9r, ministr pr\u00e1ce a soci\u00e1ln\u00edch v\u011bc\u00ed \/KDU-\u010cSL\/<br \/>&#8212;&#8212;&#8212;&#8212;&#8212;&#8212;&#8211;<br \/>Mn\u011b mnoho lid\u00ed vlastn\u011b \u0159\u00edkalo, a ty parametry toho testu m\u00e1te nastaveny moc vysoko a podobn\u011b. J\u00e1 \u0159\u00edk\u00e1m, uv\u011bdomujete si, \u017ee dneska mi t\u0159eba u p\u0159\u00edsp\u011bvku na bydlen\u00ed v\u016fbec \u017e\u00e1dn\u00fd test nem\u00e1me. Na Z\u00e1pad od n\u00e1s, v mnoha zem\u00ed je to naprosto b\u011b\u017en\u00e9, \u017ee je opravdu majetkov\u011b p\u0159\u00edjmov\u00fd test, ano, u hmotn\u00e9 nouze ur\u010dit\u00fd majetkov\u00fd a p\u0159\u00edjmov\u00fd test je, a\u0165 jsme zase korektn\u00ed, ale u st\u00e1tn\u00ed soci\u00e1ln\u00ed podpory vlastn\u011b nen\u00ed, a proto j\u00e1 \u0159\u00edk\u00e1m, tak jak to m\u00e1me nastaveno, to znamen\u00e1 jedna nemovitost pro bydlen\u00ed, ta druh\u00e1 pro bydlen\u00ed po dobu t\u0159\u00ed let, ch\u00e1peme r\u016fzn\u00e9 \u017eivotn\u00ed p\u0159\u00edb\u011bhy, d\u011bdick\u00e1 \u0159\u00edzen\u00ed a tak d\u00e1le, jedno auto, motorov\u00e9 vozidlo na osobu star\u0161\u00ed 18 let v dom\u00e1cnosti a 200 000 K\u010d na \u00fa\u010dtu plus za ka\u017ed\u00e9ho \u010dlena dom\u00e1cnosti 50 000, mn\u011b to p\u0159ijde dostate\u010dn\u011b rozumn\u011b nastaven\u00e9, nepo\u010d\u00edt\u00e1me do toho ty produkty s p\u0159\u00edsp\u011bvkem st\u00e1tu, jako je penzijko, stavebko, ale fakt si mysl\u00edm, \u017ee da\u0148ov\u00fd poplatn\u00edk, kter\u00fd jde dneska d\u011blat za 30 000 hrub\u00e9ho, nem\u00e1 platit na d\u00e1vky n\u011bkomu, kdo m\u00e1 milion a p\u016fl korun na \u00fa\u010dt\u011b. A na to jsme se dodne\u0161ka neptali.<\/p>\n\n\n\n<p>Jan Bumba, moder\u00e1tor<br \/>&#8212;&#8212;&#8212;&#8212;&#8212;&#8212;&#8211;<br \/>Ale to je zat\u00edm jenom takov\u00e1 teoretick\u00e1 postava n\u011bkde, kdy\u017e \u0159\u00edk\u00e1te, \u017ee nejsou ta data k dispozici, tak nev\u00edte o tom, \u017ee by tu byly opravdu lid\u00e9 s milionem a p\u016fl na \u00fa\u010dtu, kte\u0159\u00ed \u017e\u00e1daj\u00ed o d\u00e1vku?<\/p>\n\n\n\n<p>Marian Jure\u010dka, vicepremi\u00e9r, ministr pr\u00e1ce a soci\u00e1ln\u00edch v\u011bc\u00ed \/KDU-\u010cSL\/<br \/>&#8212;&#8212;&#8212;&#8212;&#8212;&#8212;&#8211;<br \/>Nebo maj\u00ed t\u0159eba v\u00edce nemovitost\u00ed k bydlen\u00ed. A takov\u00ed ur\u010dit\u011b jsou. A znovu \u0159\u00edk\u00e1m, my jsme se na to vlastn\u011b dote\u010f nikdy neptali, tak\u017ee j\u00e1 \u0159\u00edk\u00e1m jenom, te\u010f se na to pt\u00e1t budeme, p\u0159ijde mi to vlastn\u011b f\u00e9rov\u00e9, spr\u00e1vn\u00e9 a uvid\u00edme, zase jsem \u0159\u00edkal i u toho majetkov\u00e9ho testu, proto\u017ee n\u00e1s n\u011bkte\u0159\u00ed kritizovali, \u017ee je to nastaveno p\u0159\u00edli\u0161 velkoryse, n\u011bkte\u0159\u00ed naopak se ptali, pro\u010d tam nepo\u010d\u00edt\u00e1me pole, louky, lesy, ostatn\u00ed plochu, jin\u00e1 motorov\u00e1 vozidla, traktory, n\u00e1kladn\u00ed auta, veter\u00e1ny. \u0158\u00edk\u00e1m, d\u00edvejte se, my to rozb\u00edh\u00e1me vlastn\u011b poprv\u00e9 takto, nechme to zase n\u011bjak\u00fd \u010das b\u011b\u017eet, po 2 letech vyhodno\u0165me a p\u0159\u00edpadn\u011b upravme.<\/p>\n\n\n\n<p>Jan Bumba, moder\u00e1tor<br \/>&#8212;&#8212;&#8212;&#8212;&#8212;&#8212;&#8211;<br \/>Bude v sil\u00e1ch \u00da\u0159adu pr\u00e1ce kontrolovat, zda ti \u017eadatel\u00e9 poskytuj\u00ed pravdiv\u00e9 informace?<\/p>\n\n\n\n<p>Marian Jure\u010dka, vicepremi\u00e9r, ministr pr\u00e1ce a soci\u00e1ln\u00edch v\u011bc\u00ed \/KDU-\u010cSL\/<br \/>&#8212;&#8212;&#8212;&#8212;&#8212;&#8212;&#8211;<br \/>Bude, proto vlastn\u011b u toho majetkov\u00e9ho testu d\u011bl\u00e1me ten krok, j\u00e1 bych \u0159ekl, uv\u00e1\u017eliv\u011b, tak, abychom to byli schopni zvl\u00e1dnout vlastn\u011b digit\u00e1ln\u011b, to znamen\u00e1, aby to byla jednoduch\u00e1 datov\u00e1 v\u011bta, bez nutnosti administrativn\u00edho z\u00e1sahu, kdy se dopt\u00e1me na katastr nemovitost\u00ed, dopt\u00e1me se na registr vozidel a vlastn\u011b digit\u00e1ln\u011b, automatizovan\u011b tu informaci budeme m\u00edt sp\u00e1rovanou a budeme v\u011bd\u011bt, jestli ten \u010dlov\u011bk vlastn\u011b d\u00e1l m\u016f\u017ee b\u00fdt t\u00edm \u017eadatelem nebo ne.<\/p>\n\n\n\n<p>Jan Bumba, moder\u00e1tor<br \/>&#8212;&#8212;&#8212;&#8212;&#8212;&#8212;&#8211;<br \/>Podle ji\u017e citovan\u00e9 streetworkerky Martiny Zikmundov\u00e9 je pot\u0159eba syst\u00e9m nastavit tak, abychom zde nem\u011bli velkou skupinu chud\u00fdch lid\u00ed. To je z\u00e1m\u011br, se kter\u00fdm byste souhlasil?<\/p>\n\n\n\n<p>Marian Jure\u010dka, vicepremi\u00e9r, ministr pr\u00e1ce a soci\u00e1ln\u00edch v\u011bc\u00ed \/KDU-\u010cSL\/<br \/>&#8212;&#8212;&#8212;&#8212;&#8212;&#8212;&#8211;<br \/>No, my vlastn\u011b se sna\u017e\u00edme tu revizi d\u00e1vek, abychom tu skupinu v dlouhodob\u00e9m horizontu dok\u00e1zali zmen\u0161ovat, abysme vlastn\u011b tu d\u011bdi\u010dnou chudobu, kterou u n\u00e1s m\u00e1me, dok\u00e1zali postupn\u011b taky eliminovat, abychom vlastn\u011b d\u011btem d\u00e1vali \u0161anci i z chud\u00fdch rodin na lep\u0161\u00ed vzd\u011bl\u00e1n\u00ed, proto mimochodem ta revize d\u00e1vek m\u00e1 v sob\u011b \u00fapravu vysoko\u0161kolsk\u00e9ho stipendia, m\u00e1 tam hl\u00edda\u010dkovn\u00e9, podpora rodi\u010d\u016f \/nesrozumiteln\u00e9\/ studia na vysok\u00fdch \u0161kol\u00e1ch a tak d\u00e1le. A pr\u00e1v\u011b d\u00edky t\u00e9 dostupnosti, to fakt jako podtrhuju dvakr\u00e1t, ta dostupnost je jedn\u00edm z t\u011bch parametr\u016f, kter\u00fd m\u00e1 velk\u00fd potenci\u00e1l pozitivn\u011b ovlivnit lidi, kte\u0159\u00ed jsou opravdu n\u011bkde dneska na hranici spole\u010dnosti, na velmi n\u00edzkop\u0159\u00edjmov\u00fdch hodnot\u00e1ch, tak\u017ee j\u00e1 v\u011b\u0159\u00edm tomu, \u017ee toto opravdu n\u00e1m pomoc dok\u00e1\u017ee nebo dok\u00e1\u017ee pomoc hlavn\u011b t\u011bm lidem.<\/p>\n\n\n\n<p>Jan Bumba, moder\u00e1tor<br \/>&#8212;&#8212;&#8212;&#8212;&#8212;&#8212;&#8211;<br \/>Kdy se projev\u00ed efekty t\u00e9to reformy, za jak dlouho?<\/p>\n\n\n\n<p>Marian Jure\u010dka, vicepremi\u00e9r, ministr pr\u00e1ce a soci\u00e1ln\u00edch v\u011bc\u00ed \/KDU-\u010cSL\/<br \/>&#8212;&#8212;&#8212;&#8212;&#8212;&#8212;&#8211;<br \/>Za\u010dnou se n\u00e1m vlastn\u011b projevovat v pr\u016fb\u011bhu, naplno v pr\u016fb\u011bhu p\u0159\u00ed\u0161t\u00edho roku, a v tom st\u0159edn\u011bdob\u00e9m horizontu, to uvid\u00edme b\u011bhem t\u011bch p\u0159\u00ed\u0161t\u00edch 2-3 let, jak vlastn\u011b na to zareaguj\u00ed i ti lid\u00e9, kolik t\u011bch lid\u00ed vystoup\u00ed z t\u00e9 \u0161ed\u00e9 ekonomiky, za\u010dnou leg\u00e1ln\u011b pracovat a tak d\u00e1le, jak zareaguj\u00ed na tu motivaci, \u017ee vlastn\u011b chce motivovat k tomu, aby jinak pracovali, aby rodi\u010de pos\u00edlali d\u011bti do \u0161koly a podobn\u011b.<\/p>\n\n\n\n<p>Jan Bumba, moder\u00e1tor<br \/>&#8212;&#8212;&#8212;&#8212;&#8212;&#8212;&#8211;<br \/>\u0158\u00edk\u00e1 ministr pr\u00e1ce a soci\u00e1ln\u00edch v\u011bc\u00ed, vicepremi\u00e9r Marian Jure\u010dka z KDU-\u010cSL, kter\u00fd byl hostem dne\u0161n\u00edho Interview. D\u011bkuji za rozhovor.<\/p>\n","protected":false},"excerpt":{"rendered":"<div class=\"mh-excerpt\"><p>\u010cRo Plus Syst\u00e9m soci\u00e1ln\u00edch d\u00e1vek z\u0159ejm\u011b \u010dek\u00e1 nejv\u011bt\u0161\u00ed reforma za posledn\u00ed \u0159adu let. Sen\u00e1tn\u00ed \u00fastavn\u011bpr\u00e1vn\u00ed v\u00fdbor doporu\u010dil schv\u00e1lit beze zm\u011bn vytvo\u0159en\u00ed tzv. superd\u00e1vky, kter\u00e1 by <a class=\"mh-excerpt-more\" href=\"https:\/\/www.invarena.cz\/?p=56914\" title=\"Superd\u00e1vka? Ano, ale odpracujete alespo\u0148 30 hodin ve\u0159ejn\u00e9 slu\u017eby nebo budete m\u00edt d\u011bti\">[&#8230;]<\/a><\/p>\n<\/div>","protected":false},"author":1,"featured_media":42307,"comment_status":"open","ping_status":"closed","sticky":false,"template":"","format":"standard","meta":{"footnotes":""},"categories":[12],"tags":[],"class_list":["post-56914","post","type-post","status-publish","format-standard","has-post-thumbnail","hentry","category-rozhovory"],"_links":{"self":[{"href":"https:\/\/www.invarena.cz\/index.php?rest_route=\/wp\/v2\/posts\/56914","targetHints":{"allow":["GET"]}}],"collection":[{"href":"https:\/\/www.invarena.cz\/index.php?rest_route=\/wp\/v2\/posts"}],"about":[{"href":"https:\/\/www.invarena.cz\/index.php?rest_route=\/wp\/v2\/types\/post"}],"author":[{"embeddable":true,"href":"https:\/\/www.invarena.cz\/index.php?rest_route=\/wp\/v2\/users\/1"}],"replies":[{"embeddable":true,"href":"https:\/\/www.invarena.cz\/index.php?rest_route=%2Fwp%2Fv2%2Fcomments&post=56914"}],"version-history":[{"count":0,"href":"https:\/\/www.invarena.cz\/index.php?rest_route=\/wp\/v2\/posts\/56914\/revisions"}],"wp:featuredmedia":[{"embeddable":true,"href":"https:\/\/www.invarena.cz\/index.php?rest_route=\/wp\/v2\/media\/42307"}],"wp:attachment":[{"href":"https:\/\/www.invarena.cz\/index.php?rest_route=%2Fwp%2Fv2%2Fmedia&parent=56914"}],"wp:term":[{"taxonomy":"category","embeddable":true,"href":"https:\/\/www.invarena.cz\/index.php?rest_route=%2Fwp%2Fv2%2Fcategories&post=56914"},{"taxonomy":"post_tag","embeddable":true,"href":"https:\/\/www.invarena.cz\/index.php?rest_route=%2Fwp%2Fv2%2Ftags&post=56914"}],"curies":[{"name":"wp","href":"https:\/\/api.w.org\/{rel}","templated":true}]}}