{"id":56984,"date":"2025-05-06T00:19:57","date_gmt":"2025-05-05T22:19:57","guid":{"rendered":"https:\/\/www.invarena.cz\/?p=56984"},"modified":"2025-05-06T00:19:58","modified_gmt":"2025-05-05T22:19:58","slug":"tancici-dum-a-budova-riverview-budou-svitit-modre-na-podporu-pacientu","status":"publish","type":"post","link":"https:\/\/www.invarena.cz\/?p=56984","title":{"rendered":"Tan\u010d\u00edc\u00ed d\u016fm a budova Riverview budou sv\u00edtit mod\u0159e na podporu pacient\u016f"},"content":{"rendered":"\n<p>V pond\u011bl\u00ed 5. kv\u011btna u p\u0159\u00edle\u017eitosti Sv\u011btov\u00e9ho dne plicn\u00ed hypertenze se v Praze po setm\u011bn\u00ed modrou barvou rozz\u00e1\u0159\u00ed Tan\u010d\u00edc\u00ed d\u016fm a budova Riverview na Sm\u00edchov\u011b. Modr\u00e1 je barvou t\u00e9to nemoci, proto\u017ee pacienti m\u00edvaj\u00ed \u010dasto modr\u00e9 rty.<\/p>\n\n\n\n<p>Nemoc postupuje pomalu a \u010dasto se zam\u011b\u0148uje s jin\u00fdmi chorobami, nap\u0159\u00edklad s astmatem. Pokud se ale na ni p\u0159ijde a\u017e v pokro\u010dil\u00e9m stadiu, hroz\u00ed pacient\u016fm v krajn\u00edm p\u0159\u00edpad\u011b i smrt, nemocn\u00ed v\u011bt\u0161inou kon\u010d\u00ed v invalidn\u00edm d\u016fchodu a jsou odk\u00e1z\u00e1ni na pomoc druh\u00fdch. Sou\u010dasn\u00fd pokrok v terapii p\u0159itom sk\u00fdt\u00e1 nad\u011bji na kvalitn\u011bj\u0161\u00ed a del\u0161\u00ed \u017eivot.<\/p>\n\n\n\n<p>Cel\u00fd \u010dl\u00e1nek naleznete v Pra\u017esk\u00e9m Patriotu: <a href=\"https:\/\/www.prazskypatriot.cz\/tancici-dum-a-budova-riverview-budou-svitit-modre-na-podporu-pacientu\/\" target=\"_blank\" rel=\"noreferrer noopener\">https:\/\/www.prazskypatriot.cz\/tancici-dum-a-budova-riverview-budou-svitit-modre-na-podporu-pacientu\/<\/a><\/p>\n","protected":false},"excerpt":{"rendered":"<div class=\"mh-excerpt\"><p>V pond\u011bl\u00ed 5. kv\u011btna u p\u0159\u00edle\u017eitosti Sv\u011btov\u00e9ho dne plicn\u00ed hypertenze se v Praze po setm\u011bn\u00ed modrou barvou rozz\u00e1\u0159\u00ed Tan\u010d\u00edc\u00ed d\u016fm a budova Riverview na Sm\u00edchov\u011b. <a class=\"mh-excerpt-more\" href=\"https:\/\/www.invarena.cz\/?p=56984\" title=\"Tan\u010d\u00edc\u00ed d\u016fm a budova Riverview budou sv\u00edtit mod\u0159e na podporu pacient\u016f\">[&#8230;]<\/a><\/p>\n<\/div>","protected":false},"author":1,"featured_media":48623,"comment_status":"open","ping_status":"closed","sticky":false,"template":"","format":"standard","meta":{"footnotes":""},"categories":[9],"tags":[],"class_list":["post-56984","post","type-post","status-publish","format-standard","has-post-thumbnail","hentry","category-zpravy"],"_links":{"self":[{"href":"https:\/\/www.invarena.cz\/index.php?rest_route=\/wp\/v2\/posts\/56984","targetHints":{"allow":["GET"]}}],"collection":[{"href":"https:\/\/www.invarena.cz\/index.php?rest_route=\/wp\/v2\/posts"}],"about":[{"href":"https:\/\/www.invarena.cz\/index.php?rest_route=\/wp\/v2\/types\/post"}],"author":[{"embeddable":true,"href":"https:\/\/www.invarena.cz\/index.php?rest_route=\/wp\/v2\/users\/1"}],"replies":[{"embeddable":true,"href":"https:\/\/www.invarena.cz\/index.php?rest_route=%2Fwp%2Fv2%2Fcomments&post=56984"}],"version-history":[{"count":0,"href":"https:\/\/www.invarena.cz\/index.php?rest_route=\/wp\/v2\/posts\/56984\/revisions"}],"wp:featuredmedia":[{"embeddable":true,"href":"https:\/\/www.invarena.cz\/index.php?rest_route=\/wp\/v2\/media\/48623"}],"wp:attachment":[{"href":"https:\/\/www.invarena.cz\/index.php?rest_route=%2Fwp%2Fv2%2Fmedia&parent=56984"}],"wp:term":[{"taxonomy":"category","embeddable":true,"href":"https:\/\/www.invarena.cz\/index.php?rest_route=%2Fwp%2Fv2%2Fcategories&post=56984"},{"taxonomy":"post_tag","embeddable":true,"href":"https:\/\/www.invarena.cz\/index.php?rest_route=%2Fwp%2Fv2%2Ftags&post=56984"}],"curies":[{"name":"wp","href":"https:\/\/api.w.org\/{rel}","templated":true}]}}