{"id":57005,"date":"2025-05-09T05:20:57","date_gmt":"2025-05-09T03:20:57","guid":{"rendered":"https:\/\/www.invarena.cz\/?p=57005"},"modified":"2025-05-09T05:27:24","modified_gmt":"2025-05-09T03:27:24","slug":"u-mladsich-zen-se-zvysuje-zajem-o-vysetreni-prsou-bude-se-snizovat-vekova-hranice","status":"publish","type":"post","link":"https:\/\/www.invarena.cz\/?p=57005","title":{"rendered":"Bude se sni\u017eovat v\u011bkov\u00e1 hranice pro vy\u0161et\u0159en\u00ed prsou?"},"content":{"rendered":"\n<p>Prima &#8211; Hlavn\u00ed zpr\u00e1vy<\/p>\n\n\n\n<p>na stole le\u017e\u00ed ot\u00e1zka, zda nesn\u00ed\u017eit v\u011bkovou hranici pro bezplatn\u00e9 mamografick\u00e9 vy\u0161et\u0159en\u00ed prsou. <strong>Nemoc<\/strong>\u00a0toti\u017e \u010dasto postihuje i \u017eeny mlad\u0161\u00ed 45 let. Kdo by ji ale m\u011bl p\u0159\u00edpadn\u011b sn\u00ed\u017eit? Ministerstvo to pr\u00fd rozhodnout nem\u016f\u017ee. Poji\u0161\u0165ovny zase d\u00e1vaj\u00ed na doporu\u010den\u00ed odborn\u00fdch spole\u010dnost\u00ed. A ty zase vych\u00e1zej\u00ed z evropsk\u00fdch n\u00e1vod\u016f a statistik. Za\u010darovan\u00fd kruh.<\/p>\n\n\n\n<p>Sn\u00ed\u017eit, nebo nesn\u00ed\u017eit v\u011bkovou hranici u preventivn\u00edch prohl\u00eddek prsou? Ministerstvo se debat\u011b nebr\u00e1n\u00ed, ale fin\u00e1ln\u00ed rozhodnut\u00ed na n\u011bm pr\u00fd nen\u00ed.<\/p>\n\n\n\n<p>Ond\u0159ej Jakob, mluv\u010d\u00ed Ministerstva zdravotnictv\u00ed<br \/>&#8212;&#8212;&#8212;&#8212;&#8212;&#8212;&#8211;<br \/>Jde hlavn\u011b o rozhodnut\u00ed odborn\u00fdch spole\u010dnost\u00ed, mezin\u00e1rodn\u00edch doporu\u010den\u00ed a tak\u00e9 o rozhodnut\u00ed poji\u0161\u0165oven.<\/p>\n\n\n\n<p>Monika Ber\u00e1nkov\u00e1, redaktorka<br \/>&#8212;&#8212;&#8212;&#8212;&#8212;&#8212;&#8211;<br \/>Zdravotn\u00ed poji\u0161\u0165ovny zaznamen\u00e1vaj\u00ed sice zv\u00fd\u0161en\u00fd z\u00e1jem o vy\u0161et\u0159en\u00ed, p\u0159esto se nechystaj\u00ed a pr\u00fd ani nemohou v\u011bkovou hranici sni\u017eovat.<\/p>\n\n\n\n<p>Viktorie Pl\u00edvov\u00e1, mluv\u010d\u00ed, V\u0161eobecn\u00e1 zdravotn\u00ed poji\u0161\u0165ovna<br \/>&#8212;&#8212;&#8212;&#8212;&#8212;&#8212;&#8211;<br \/>VZP se tedy stejn\u011b jako dosud bude \u0159\u00eddit doporu\u010den\u00edm N\u00e1rodn\u00ed screeningov\u00e9 komise. Pokud navrhne sn\u00ed\u017een\u00ed v\u011bkov\u00e9 hranice, t\u00e9to debat\u011b se ur\u010dit\u011b nebr\u00e1n\u00edme. Za posledn\u00edch p\u011bt let se jeho n\u00e1v\u0161t\u011bvnost zv\u00fd\u0161ila zhruba o 13 %.<\/p>\n\n\n\n<p>Jan Dane\u0161, p\u0159edseda komise pro mamografick\u00fd screening, N\u00e1rodn\u00ed screeningov\u00e9 centrum<br \/>&#8212;&#8212;&#8212;&#8212;&#8212;&#8212;&#8211;<br \/>Mysl\u00edm si, \u017ee to je tak spr\u00e1vn\u011b. Nebylo by dobr\u00e9, kdyby poji\u0161\u0165ovny \u0159ekly, budeme d\u011blat screening mamografick\u00fd od t\u0159eba, j\u00e1 nev\u00edm, 30. roku v\u011bku.<\/p>\n\n\n\n<p>Jana Schillerov\u00e1, mluv\u010d\u00ed Zdravotn\u00ed poji\u0161\u0165ovny Ministerstva vnitra \u010cR<br \/>&#8212;&#8212;&#8212;&#8212;&#8212;&#8212;&#8211;<br \/>P\u0159isp\u00edv\u00e1me a\u017e 500 K\u010d na mamografick\u00e9 vy\u0161et\u0159en\u00ed prsu ka\u017ed\u00e9 dva roky \u017een\u00e1m mezi 40 a 45 lety, \u017een\u00e1m od 35 let p\u0159isp\u00edv\u00e1me na ultrazvukov\u00e9 vy\u0161et\u0159en\u00ed. O toto vy\u0161et\u0159en\u00ed je v posledn\u00edch letech z\u00e1jem, za posledn\u00ed \u010dty\u0159i roky se zv\u00fd\u0161il a\u017e na dvojn\u00e1sobek.<\/p>\n\n\n\n<p>redaktorka<br \/>&#8212;&#8212;&#8212;&#8212;&#8212;&#8212;&#8211;<br \/>N\u011bkte\u0159\u00ed odborn\u00edci by ale v\u011bkovou hranici vy\u0161et\u0159en\u00ed nesni\u017eovali, a to hned z n\u011bkolika d\u016fvod\u016f.<\/p>\n\n\n\n<p>Jan Dane\u0161, p\u0159edseda komise pro mamografick\u00fd screening, N\u00e1rodn\u00ed screeningov\u00e9 centrum<br \/>&#8212;&#8212;&#8212;&#8212;&#8212;&#8212;&#8211;<br \/>Nen\u00ed \u017e\u00e1dn\u00fd d\u016fkaz, \u017ee by to sni\u017eovalo \u00famrtnost. Pokud by se d\u011blala u\u017e od mlad\u00e9ho v\u011bku, tak by byl probl\u00e9m i n\u011bjak\u00e1 zv\u00fd\u0161en\u00e1 radia\u010dn\u00ed z\u00e1t\u011b\u017e. Zji\u0161\u0165uj\u00ed se t\u0159eba v\u011bci, kter\u00e9 v\u016fbec nemaj\u00ed \u017e\u00e1dnou spojitost s rakovinou prsu. Nemaj\u00ed vy\u0161\u0161\u00ed riziko rakoviny prsu. Zbyte\u010dn\u00e9 pak navazuj\u00ed t\u0159eba operace nebo zbyte\u010dn\u00e9 biopsie atd.<\/p>\n\n\n\n<p>redaktorka<br \/>&#8212;&#8212;&#8212;&#8212;&#8212;&#8212;&#8211;<br \/>Opozi\u010dn\u00ed politici by naopak uv\u00edtali, aby vy\u0161et\u0159en\u00ed m\u011bly hrazen\u00e9 i mlad\u0161\u00ed \u017eeny. A je to pr\u00fd na rozhodnut\u00ed ministerstva.<\/p>\n\n\n\n<p>Ivana M\u00e1dlov\u00e1, poslankyn\u011b, v\u00fdbor pto zdravotnictv\u00ed \/ANO\/<br \/>&#8212;&#8212;&#8212;&#8212;&#8212;&#8212;&#8211;<br \/>Ministerstvo zdravotnictv\u00ed mus\u00ed spolu s poji\u0161\u0165ovnami vytvo\u0159it dostatek financ\u00ed na to, aby prevence rakoviny prsu byla jednou z priorit.<\/p>\n\n\n\n<p>Karla Ma\u0159\u00edkov\u00e1, poslankyn\u011b, v\u00fdbor pro zdravotnictv\u00ed \/SPD\/<br \/>&#8212;&#8212;&#8212;&#8212;&#8212;&#8212;&#8211;<br \/>J\u00e1 jsem t\u0159eba pro, aby byly hrazeny od ur\u010dit\u00e9ho n\u011bjak\u00e9ho u\u017e ni\u017e\u0161\u00edho v\u011bku. P\u0159itom je to mnohem levn\u011bj\u0161\u00ed ne\u017e ta samotn\u00e1 l\u00e9\u010dba a n\u011bkdy bohu\u017eel pr\u00e1v\u011b t\u0159eba pro ty \u017eeny to kon\u010d\u00ed fat\u00e1ln\u011b.<\/p>\n\n\n\n<p> redaktorka<br \/>&#8212;&#8212;&#8212;&#8212;&#8212;&#8212;&#8211;<br \/>V\u011bkov\u00e1 hranice 45 let vych\u00e1z\u00ed z evropsk\u00fdch doporu\u010den\u00ed, kter\u00e1 jsou podlo\u017een\u00e1 v\u011bdeck\u00fdmi studiemi. Proto ani \u010cesko se nechyst\u00e1 v\u011bkovou hranici sni\u017eovat. <\/p>\n\n\n\n<p> CNN Prima News<\/p>\n","protected":false},"excerpt":{"rendered":"<div class=\"mh-excerpt\"><p>Prima &#8211; Hlavn\u00ed zpr\u00e1vy na stole le\u017e\u00ed ot\u00e1zka, zda nesn\u00ed\u017eit v\u011bkovou hranici pro bezplatn\u00e9 mamografick\u00e9 vy\u0161et\u0159en\u00ed prsou. Nemoc\u00a0toti\u017e \u010dasto postihuje i \u017eeny mlad\u0161\u00ed 45 let. <a class=\"mh-excerpt-more\" href=\"https:\/\/www.invarena.cz\/?p=57005\" title=\"Bude se sni\u017eovat v\u011bkov\u00e1 hranice pro vy\u0161et\u0159en\u00ed prsou?\">[&#8230;]<\/a><\/p>\n<\/div>","protected":false},"author":1,"featured_media":57096,"comment_status":"open","ping_status":"closed","sticky":false,"template":"","format":"standard","meta":{"footnotes":""},"categories":[11],"tags":[],"class_list":["post-57005","post","type-post","status-publish","format-standard","has-post-thumbnail","hentry","category-zdravi"],"_links":{"self":[{"href":"https:\/\/www.invarena.cz\/index.php?rest_route=\/wp\/v2\/posts\/57005","targetHints":{"allow":["GET"]}}],"collection":[{"href":"https:\/\/www.invarena.cz\/index.php?rest_route=\/wp\/v2\/posts"}],"about":[{"href":"https:\/\/www.invarena.cz\/index.php?rest_route=\/wp\/v2\/types\/post"}],"author":[{"embeddable":true,"href":"https:\/\/www.invarena.cz\/index.php?rest_route=\/wp\/v2\/users\/1"}],"replies":[{"embeddable":true,"href":"https:\/\/www.invarena.cz\/index.php?rest_route=%2Fwp%2Fv2%2Fcomments&post=57005"}],"version-history":[{"count":0,"href":"https:\/\/www.invarena.cz\/index.php?rest_route=\/wp\/v2\/posts\/57005\/revisions"}],"wp:featuredmedia":[{"embeddable":true,"href":"https:\/\/www.invarena.cz\/index.php?rest_route=\/wp\/v2\/media\/57096"}],"wp:attachment":[{"href":"https:\/\/www.invarena.cz\/index.php?rest_route=%2Fwp%2Fv2%2Fmedia&parent=57005"}],"wp:term":[{"taxonomy":"category","embeddable":true,"href":"https:\/\/www.invarena.cz\/index.php?rest_route=%2Fwp%2Fv2%2Fcategories&post=57005"},{"taxonomy":"post_tag","embeddable":true,"href":"https:\/\/www.invarena.cz\/index.php?rest_route=%2Fwp%2Fv2%2Ftags&post=57005"}],"curies":[{"name":"wp","href":"https:\/\/api.w.org\/{rel}","templated":true}]}}