{"id":57023,"date":"2025-05-09T05:23:35","date_gmt":"2025-05-09T03:23:35","guid":{"rendered":"https:\/\/www.invarena.cz\/?p=57023"},"modified":"2025-05-09T05:23:43","modified_gmt":"2025-05-09T03:23:43","slug":"novy-lek-pro-pacienty-s-alzheimerovou-chorobou-bude-od-pristiho-roku","status":"publish","type":"post","link":"https:\/\/www.invarena.cz\/?p=57023","title":{"rendered":"Nov\u00fd l\u00e9k pro pacienty s Alzheimerovou chorobou bude od p\u0159\u00ed\u0161t\u00edho roku"},"content":{"rendered":"\n<p>NOVA &#8211; Televizn\u00ed noviny<\/p>\n\n\n\n<p><\/p>\n\n\n\n<p>V \u010cesku by m\u011bl vyj\u00edt od p\u0159\u00ed\u0161t\u00edho roku dostupn\u00fd p\u0159evratn\u00fd\u00a0<strong>l\u00e9k<\/strong>\u00a0pro pacienty s Alzheimerovou chorobou. Na rozd\u00edl od dosavadn\u00ed l\u00e9\u010dby, kter\u00e1 jen potla\u010dovala p\u0159\u00edznaky, c\u00edl\u00ed nov\u00fd japonsk\u00fd\u00a0<strong>l\u00e9k<\/strong>\u00a0p\u0159\u00edmo na zm\u011bny procesu v mozku. Podobn\u00e9 prepar\u00e1ty testuj\u00ed v\u011bdci po cel\u00e9m sv\u011bt\u011b. Kv\u016fli st\u00e1rnut\u00ed populace toti\u017e p\u0159ib\u00fdv\u00e1 nemocn\u00fdch.<\/p>\n\n\n\n<p>Alzheimerovu chorobu m\u00e1 po cel\u00e9m sv\u011bt\u011b zhruba 50 milion\u016f lid\u00ed a ka\u017edoro\u010dn\u011b je diagnostikov\u00e1na u dal\u0161\u00edch 10 milion\u016f. Podle zdravotnick\u00fdch statistik n\u011bjakou formu demence m\u00e1 v \u010cesk\u00e9 republice zhruba 140 000 lid\u00ed.<\/p>\n\n\n\n<p>Martin Tolar, neurolog a odborn\u00edk na Alzheimerovu chorobu<br \/>&#8212;&#8212;&#8212;&#8212;&#8212;&#8212;&#8211;<br \/>Alzheimerova&nbsp;<strong>nemoci<\/strong>&nbsp;se vyv\u00edj\u00ed 20 a\u017e 30 let, ne\u017e jsou p\u0159\u00edznaky. Ty prvn\u00ed vlastn\u011b poruchy jsou v\u011bt\u0161inou, \u017ee ztr\u00e1ta takov\u00fd kr\u00e1tkodob\u00fd pam\u011bti. Kdy\u017e \u010dlov\u011bk \u017eije dost dlouho, tak ka\u017ed\u00fd dostane Alzheimera.<\/p>\n\n\n\n<p>redaktorka<br \/>&#8212;&#8212;&#8212;&#8212;&#8212;&#8212;&#8211;<br \/>Nad\u011bj\u00ed je\u00a0<strong>l\u00e9k<\/strong>, kter\u00fd v Japonsku a ve Spojen\u00fdch st\u00e1tech u\u017e u\u017e\u00edvaj\u00ed tis\u00edce lid\u00ed. V \u010cesku by se m\u011bl objevit za\u010d\u00e1tkem p\u0159\u00ed\u0161t\u00edho roku a bude pln\u011b hrazen\u00fd ze zdravotn\u00edho poji\u0161t\u011bn\u00ed. <strong>L\u00e9k<\/strong>\u00a0podle\u00a0<strong>l\u00e9ka\u0159\u016f<\/strong>\u00a0zpomaluje\u00a0<strong>onemocn\u011bn\u00ed<\/strong>\u00a0a br\u00e1n\u00ed tomu, aby se pacient dostal do f\u00e1ze, kdy u\u017e se o sebe nepostar\u00e1 s\u00e1m. Pro ka\u017ed\u00e9ho pacienta s Alzheimerem ale vhodn\u00fd nen\u00ed.<\/p>\n\n\n\n<p>Jakub Dvo\u0159\u00e1\u010dek (n\u00e1m\u011bstek ministra zdravotnictv\u00ed),<br \/>&#8212;&#8212;&#8212;&#8212;&#8212;&#8212;&#8211;<br \/>Mysl\u00edm, \u017ee to l\u00e9\u010divo je pom\u011brn\u011b n\u00e1ro\u010dn\u00e9 vlastn\u011b na aplikaci, na pod\u00e1v\u00e1n\u00ed, m\u00e1 ur\u010dit\u00e1 rizika, bude n\u011bjak\u00fd \u010das trvat, ne\u017e vlastn\u011b p\u0159iprav\u00edme s\u00ed\u0165 center, kde by to l\u00e9\u010divo mohlo b\u00fdt pod\u00e1v\u00e1no, evropsk\u00e1 l\u00e9kov\u00e1 agentura stanovila nutnost vytvo\u0159it speci\u00e1ln\u00ed registr, kde budou pacienti, kter\u00fdm to l\u00e9\u010divo bude pod\u00e1v\u00e1no?<\/p>\n\n\n\n<p> redaktorka<br \/>&#8212;&#8212;&#8212;&#8212;&#8212;&#8212;&#8211;<br \/>Podle\u00a0<strong>l\u00e9ka\u0159\u016f<\/strong>\u00a0jsme schopni vznik Alzheimerovy choroby ovlivnit, a to a\u017e z 50 %.<\/p>\n\n\n\n<p>Martin Tolar, neurolog a odborn\u00edk na Alzheimerovu chorobu<br \/>&#8212;&#8212;&#8212;&#8212;&#8212;&#8212;&#8211;<br \/>N\u00e1\u0161 mozek se \u010dist\u00ed, jenom kdy\u017e sp\u00edme. Tak\u017ee kvalita sp\u00e1nku a vlastn\u011b nesna\u017eit se nespat.<\/p>\n\n\n\n<p> redaktorka<br \/>&#8212;&#8212;&#8212;&#8212;&#8212;&#8212;&#8211;<br \/>Roli pr\u00fd hraj\u00ed i zdrav\u00e9 c\u00e9vy. D\u016fle\u017eit\u00e9 je tedy pravideln\u00e9 cvi\u010den\u00ed a vyv\u00e1\u017een\u00e1 zdrav\u00e1 strava. <\/p>\n\n\n\n<p>televize Nova<\/p>\n","protected":false},"excerpt":{"rendered":"<div class=\"mh-excerpt\"><p>NOVA &#8211; Televizn\u00ed noviny V \u010cesku by m\u011bl vyj\u00edt od p\u0159\u00ed\u0161t\u00edho roku dostupn\u00fd p\u0159evratn\u00fd\u00a0l\u00e9k\u00a0pro pacienty s Alzheimerovou chorobou. Na rozd\u00edl od dosavadn\u00ed l\u00e9\u010dby, kter\u00e1 jen <a class=\"mh-excerpt-more\" href=\"https:\/\/www.invarena.cz\/?p=57023\" title=\"Nov\u00fd l\u00e9k pro pacienty s Alzheimerovou chorobou bude od p\u0159\u00ed\u0161t\u00edho roku\">[&#8230;]<\/a><\/p>\n<\/div>","protected":false},"author":1,"featured_media":14162,"comment_status":"open","ping_status":"closed","sticky":false,"template":"","format":"standard","meta":{"footnotes":""},"categories":[11],"tags":[],"class_list":["post-57023","post","type-post","status-publish","format-standard","has-post-thumbnail","hentry","category-zdravi"],"_links":{"self":[{"href":"https:\/\/www.invarena.cz\/index.php?rest_route=\/wp\/v2\/posts\/57023","targetHints":{"allow":["GET"]}}],"collection":[{"href":"https:\/\/www.invarena.cz\/index.php?rest_route=\/wp\/v2\/posts"}],"about":[{"href":"https:\/\/www.invarena.cz\/index.php?rest_route=\/wp\/v2\/types\/post"}],"author":[{"embeddable":true,"href":"https:\/\/www.invarena.cz\/index.php?rest_route=\/wp\/v2\/users\/1"}],"replies":[{"embeddable":true,"href":"https:\/\/www.invarena.cz\/index.php?rest_route=%2Fwp%2Fv2%2Fcomments&post=57023"}],"version-history":[{"count":0,"href":"https:\/\/www.invarena.cz\/index.php?rest_route=\/wp\/v2\/posts\/57023\/revisions"}],"wp:featuredmedia":[{"embeddable":true,"href":"https:\/\/www.invarena.cz\/index.php?rest_route=\/wp\/v2\/media\/14162"}],"wp:attachment":[{"href":"https:\/\/www.invarena.cz\/index.php?rest_route=%2Fwp%2Fv2%2Fmedia&parent=57023"}],"wp:term":[{"taxonomy":"category","embeddable":true,"href":"https:\/\/www.invarena.cz\/index.php?rest_route=%2Fwp%2Fv2%2Fcategories&post=57023"},{"taxonomy":"post_tag","embeddable":true,"href":"https:\/\/www.invarena.cz\/index.php?rest_route=%2Fwp%2Fv2%2Ftags&post=57023"}],"curies":[{"name":"wp","href":"https:\/\/api.w.org\/{rel}","templated":true}]}}