{"id":57366,"date":"2025-05-19T06:25:38","date_gmt":"2025-05-19T04:25:38","guid":{"rendered":"https:\/\/www.invarena.cz\/?p=57366"},"modified":"2025-05-19T06:26:07","modified_gmt":"2025-05-19T04:26:07","slug":"lecebne-konopi-na-prepis","status":"publish","type":"post","link":"https:\/\/www.invarena.cz\/?p=57366","title":{"rendered":"L\u00e9\u010debn\u00e9 konop\u00ed je u\u017e na p\u0159edpis"},"content":{"rendered":"\n<p>\u010cT 1 <\/p>\n\n\n\n<p>L\u00e9\u010debn\u00e9 konop\u00ed na tlumen\u00ed bolest\u00ed m\u016f\u017ee p\u0159edepisovat u\u017e p\u0159es 70 praktick\u00fdch\u00a0<strong>l\u00e9ka\u0159\u016f<\/strong>. Od dubna maj\u00ed mo\u017enost \u017e\u00e1dat o registraci St\u00e1tn\u00ed l\u00e9kov\u00fd \u00fastav. Mnoz\u00ed ale kritizuj\u00ed slo\u017eit\u00fd proces. I n\u011bkte\u0159\u00ed pacienti \u0159\u00edkaj\u00ed, \u017ee trv\u00e1 dlouho, ne\u017e se k l\u00e1tce dostanou.<\/p>\n\n\n\n<p>Krabi\u010dka s l\u00e9\u010debn\u00fdm konop\u00edm a pouzdro s vaporiz\u00e9rem Vojt\u011bchovi Karbanovi pom\u00e1h\u00e1 ti\u0161it silnou bolest z neurologick\u00e9ho\u00a0<strong>onemocn\u011bn\u00ed<\/strong>.<\/p>\n\n\n\n<p>Vojt\u011bch Karban, pacient, \u010dlen spolku KOPAC<br \/>&#8212;&#8212;&#8212;&#8212;&#8212;&#8212;&#8211;<br \/>V pr\u016fb\u011bhu dne u\u017e\u00edv\u00e1m tedy gabapentin. V moment\u011b, kdy nem\u00e1m u\u017e potom \u017e\u00e1dn\u00e9 povinnosti, v\u00edm, \u017ee u\u017e budu v klidov\u00e9m re\u017eimu, za\u010d\u00edn\u00e1m u\u017e\u00edvat konop\u00ed.<\/p>\n\n\n\n<p> redaktorka \u010cT<br \/>&#8212;&#8212;&#8212;&#8212;&#8212;&#8212;&#8211;<br \/>Dostat se ke konopn\u00e9 l\u00e9\u010db\u011b mu trvalo n\u011bkolik m\u011bs\u00edc\u016f.<\/p>\n\n\n\n<p>Vojt\u011bch Karban, pacient, \u010dlen spolku KOPAC<br \/>&#8212;&#8212;&#8212;&#8212;&#8212;&#8212;&#8211;<br \/>Specialist\u00e9, kte\u0159\u00ed to dnes mohou p\u0159edepisovat, jsou extr\u00e9mn\u011b p\u0159et\u00ed\u017een\u00ed, aby si na\u0161el na toho konopn\u00e9ho pacienta \u010das, tak je to v\u011bt\u0161inou v term\u00ednu 4\u20135 m\u011bs\u00edc\u016f.<\/p>\n\n\n\n<p> redaktorka \u010cT<br \/>&#8212;&#8212;&#8212;&#8212;&#8212;&#8212;&#8211;<br \/>Pomoci maj\u00ed praktici, ti te\u010f ale \u0159e\u0161\u00ed, jak v\u016fbec l\u00e9kov\u00fd \u00fastav po\u017e\u00e1dat o registraci.<\/p>\n\n\n\n<p>Jakub \u0160ediv\u00fd, praktick\u00fd&nbsp;<strong>l\u00e9ka\u0159<\/strong><br \/>&#8212;&#8212;&#8212;&#8212;&#8212;&#8212;&#8211;<br \/>Tohle je ta str\u00e1nka, kde vy si vlastn\u011b \u017e\u00e1d\u00e1te o p\u0159\u00edstup psan\u00ed toho l\u00e9\u010div\u00e9ho p\u0159\u00edpravku.<\/p>\n\n\n\n<p> redaktorka \u010cT<br \/>&#8212;&#8212;&#8212;&#8212;&#8212;&#8212;&#8211;<br \/>N\u00e1ro\u010dn\u00e9 je podle n\u011bj u\u017e jenom naj\u00edt to spr\u00e1vn\u00e9 okno.<\/p>\n\n\n\n<p>Jakub \u0160ediv\u00fd, praktick\u00fd&nbsp;<strong>l\u00e9ka\u0159<\/strong><br \/>&#8212;&#8212;&#8212;&#8212;&#8212;&#8212;&#8211;<br \/>P\u0159id\u00e1n\u00ed specializace pro kolegy. P\u0159\u00edmo mus\u00edm explicitn\u011b \u0159\u00edct, bude to vlevo dole, u m\u011b t\u0159eba t\u0159i t\u00fddny jsem nedostal v\u011bd\u011bt, \u017ee ta registrace je p\u0159ijat\u00e1, a\u017e jsem se po tom s\u00e1m p\u00eddil.<\/p>\n\n\n\n<p> redaktorka \u010cT<br \/>&#8212;&#8212;&#8212;&#8212;&#8212;&#8212;&#8211;<br \/>Podle \u00fastavu syst\u00e9m funguje dob\u0159e a je u\u017eivatelsky p\u0159\u00edv\u011btiv\u00fd. \u0158\u00edk\u00e1, \u017ee pokud potvrzen\u00ed nedoraz\u00ed,\u00a0<strong>l\u00e9ka\u0159<\/strong>\u00a0zadal \u0161patn\u00e9 \u00fadaje. A s p\u0159ek\u00e1\u017ekami se setk\u00e1vali tak\u00e9 pacienti v l\u00e9k\u00e1rn\u00e1ch. Nov\u011b jim\u00a0<strong>l\u00e9ka\u0159i<\/strong>\u00a0mohou p\u0159edepsat konop\u00ed a\u017e na t\u0159i m\u011bs\u00edce.<\/p>\n\n\n\n<p>Filip \u0160karda, majitel l\u00e9k\u00e1rny ve Votic\u00edch<br \/>&#8212;&#8212;&#8212;&#8212;&#8212;&#8212;&#8211;<br \/>Pacienti, kte\u0159\u00ed m\u011bli p\u0159edepsan\u00e9 n\u011bjak\u00e9 konop\u00ed p\u0159ed 1. dubnem nap\u0159\u00edklad v b\u0159eznu, tak jim ne\u0161lo vydat to konop\u00ed na t\u0159i m\u011bs\u00edce v l\u00e9k\u00e1rn\u00e1ch.<\/p>\n\n\n\n<p> redaktorka \u010cT<br \/>&#8212;&#8212;&#8212;&#8212;&#8212;&#8212;&#8211;<br \/>Podle \u00fastavu se probl\u00e9my t\u00fdkaly jen pacient\u016f s nejvy\u0161\u0161\u00ed p\u0159edepsanou d\u00e1vkou, proces vyd\u00e1v\u00e1n\u00ed konop\u00ed popisuje na str\u00e1nk\u00e1ch.<\/p>\n\n\n\n<p>Pavel Kub\u016f,&nbsp;<strong>l\u00e9ka\u0159<\/strong>, p\u0159edseda spolku KOPAC<br \/>&#8212;&#8212;&#8212;&#8212;&#8212;&#8212;&#8211;<br \/>Nepovedlo se to nejenom v m\u00e9m p\u0159\u00edpad\u011b, ale cel\u00e9 \u0159ady dal\u0161\u00edch pacient\u016f, s kter\u00fdmi jsme to ov\u011b\u0159ovali.<\/p>\n\n\n\n<p>Kate\u0159ina Golasovsk\u00e1, redaktorka \u010cT<br \/>&#8212;&#8212;&#8212;&#8212;&#8212;&#8212;&#8211;<br \/>Konop\u00ed na p\u0159edpis loni u\u017e\u00edvalo kolem 3000 pacient\u016f m\u011bs\u00ed\u010dn\u011b. <\/p>\n\n\n\n<p>\u010cesk\u00e1 televize<\/p>\n","protected":false},"excerpt":{"rendered":"<div class=\"mh-excerpt\"><p>\u010cT 1 L\u00e9\u010debn\u00e9 konop\u00ed na tlumen\u00ed bolest\u00ed m\u016f\u017ee p\u0159edepisovat u\u017e p\u0159es 70 praktick\u00fdch\u00a0l\u00e9ka\u0159\u016f. Od dubna maj\u00ed mo\u017enost \u017e\u00e1dat o registraci St\u00e1tn\u00ed l\u00e9kov\u00fd \u00fastav. Mnoz\u00ed ale <a class=\"mh-excerpt-more\" href=\"https:\/\/www.invarena.cz\/?p=57366\" title=\"L\u00e9\u010debn\u00e9 konop\u00ed je u\u017e na p\u0159edpis\">[&#8230;]<\/a><\/p>\n<\/div>","protected":false},"author":1,"featured_media":15538,"comment_status":"open","ping_status":"closed","sticky":false,"template":"","format":"standard","meta":{"footnotes":""},"categories":[11],"tags":[],"class_list":["post-57366","post","type-post","status-publish","format-standard","has-post-thumbnail","hentry","category-zdravi"],"_links":{"self":[{"href":"https:\/\/www.invarena.cz\/index.php?rest_route=\/wp\/v2\/posts\/57366","targetHints":{"allow":["GET"]}}],"collection":[{"href":"https:\/\/www.invarena.cz\/index.php?rest_route=\/wp\/v2\/posts"}],"about":[{"href":"https:\/\/www.invarena.cz\/index.php?rest_route=\/wp\/v2\/types\/post"}],"author":[{"embeddable":true,"href":"https:\/\/www.invarena.cz\/index.php?rest_route=\/wp\/v2\/users\/1"}],"replies":[{"embeddable":true,"href":"https:\/\/www.invarena.cz\/index.php?rest_route=%2Fwp%2Fv2%2Fcomments&post=57366"}],"version-history":[{"count":0,"href":"https:\/\/www.invarena.cz\/index.php?rest_route=\/wp\/v2\/posts\/57366\/revisions"}],"wp:featuredmedia":[{"embeddable":true,"href":"https:\/\/www.invarena.cz\/index.php?rest_route=\/wp\/v2\/media\/15538"}],"wp:attachment":[{"href":"https:\/\/www.invarena.cz\/index.php?rest_route=%2Fwp%2Fv2%2Fmedia&parent=57366"}],"wp:term":[{"taxonomy":"category","embeddable":true,"href":"https:\/\/www.invarena.cz\/index.php?rest_route=%2Fwp%2Fv2%2Fcategories&post=57366"},{"taxonomy":"post_tag","embeddable":true,"href":"https:\/\/www.invarena.cz\/index.php?rest_route=%2Fwp%2Fv2%2Ftags&post=57366"}],"curies":[{"name":"wp","href":"https:\/\/api.w.org\/{rel}","templated":true}]}}