{"id":57370,"date":"2025-05-22T06:38:52","date_gmt":"2025-05-22T04:38:52","guid":{"rendered":"https:\/\/www.invarena.cz\/?p=57370"},"modified":"2025-05-22T06:38:52","modified_gmt":"2025-05-22T04:38:52","slug":"sedo-malo-lidi-si-uvedomuje-jakym-nebezpecim-je-obezita","status":"publish","type":"post","link":"https:\/\/www.invarena.cz\/?p=57370","title":{"rendered":"\u0160edo: M\u00e1lo lid\u00ed si uv\u011bdomuje, jak\u00fdm nebezpe\u010d\u00edm je obezita"},"content":{"rendered":"\n<p> NOVA<\/p>\n\n\n\n<p>Ka\u017edoro\u010dn\u011b\u00a0<strong>l\u00e9ka\u0159i<\/strong>\u00a0diagnostikuj\u00ed p\u0159es 80 000 nov\u00fdch pacient\u016f se zhoubn\u00fdm n\u00e1dorem. Znepokojiv\u00e9 statistiky ukazuj\u00ed, \u017ee v \u010cesku onemocn\u00ed rakovinou ka\u017ed\u00fd t\u0159et\u00ed \u010dlov\u011bk a ka\u017ed\u00fd \u010dtvrt\u00fd na onkologick\u00e9\u00a0<strong>onemocn\u011bn\u00ed<\/strong>\u00a0zem\u0159e, to odpov\u00edd\u00e1 zhruba jednomu \u00famrt\u00ed ka\u017ed\u00fdch 20 minut. Na druhou stranu se d\u00edky pokroku ve v\u00fdzkumu v\u00fdrazn\u011b zvy\u0161uje po\u010det vyl\u00e9\u010den\u00fdch pacient\u016f, v pr\u016fm\u011bru jich je a\u017e 200 denn\u011b. Vzniku t\u00e9m\u011b\u0159 poloviny zhoubn\u00fdch\u00a0<strong>onemocn\u011bn\u00ed<\/strong>\u00a0se p\u0159itom d\u00e1 podle odborn\u00edk\u016f p\u0159edch\u00e1zet zdrav\u011bj\u0161\u00edm \u017eivotn\u00edm stylem. Kl\u00ed\u010dov\u00e1 je tak\u00e9 prevence v podob\u011b screeningov\u00fdch vy\u0161et\u0159en\u00ed. Pr\u00e1v\u011b ta toti\u017e\u00a0<strong>l\u00e9ka\u0159\u016fm<\/strong>\u00a0umo\u017e\u0148uj\u00ed zachytit n\u00e1dorov\u00e1\u00a0<strong>onemocn\u011bn\u00ed<\/strong>\u00a0v\u010das, p\u0159esto je \u00fa\u010dast na pravideln\u00fdch screeningov\u00fdch programech st\u00e1le nedostate\u010dn\u00e1.<\/p>\n\n\n\n<p>A m\u00fdm hostem t\u00fddne je \u0159editel N\u00e1rodn\u00edho \u00fastavu pro v\u00fdzkum rakoviny Aleksi \u0160edo. Pane profesore, d\u011bkuji, \u017ee jste dorazil.<br \/>M\u011b trochu zd\u011bsila ta statistika, \u017ee na n\u00e1dorov\u00e9\u00a0<strong>onemocn\u011bn\u00ed<\/strong>\u00a0u n\u00e1s n\u011bkdo zem\u0159e Ka\u017ed\u00fdch 20 minut. M\u016f\u017eete to d\u00e1t do kontextu?<\/p>\n\n\n\n<p>Aleksi \u0160edo, \u0159editel N\u00e1rodn\u00edho \u00fastavu pro v\u00fdzkum rakoviny, 1. l\u00e9ka\u0159sk\u00e1 fakulta UK<br \/>&#8212;&#8212;&#8212;&#8212;&#8212;&#8212;&#8211;<br \/>Tak toto zn\u00ed skute\u010dn\u011b hroziv\u011b, ale je faktem to, \u017ee pr\u00e1v\u011b paradoxn\u011b v rozvinut\u00fdch zem\u00edch, v zem\u00edch s pokro\u010dilou infrastrukturou, s kvalitn\u00ed l\u00e9ka\u0159skou p\u00e9\u010d\u00ed, vlastn\u011b nej\u010dast\u011bj\u0161\u00edmi zabij\u00e1ky jsou kardiovaskul\u00e1rn\u00ed\u00a0<strong>onemocn\u011bn\u00ed<\/strong>\u00a0a rakovina, a vlastn\u011b je to jist\u00fdm d\u016fsledkem toho, \u017ee se do\u017e\u00edv\u00e1me vy\u0161\u0161\u00edho v\u011bku, tak\u017ee to je do ur\u010dit\u00e9 m\u00edry dobr\u00e1 zpr\u00e1va, ale faktem je to, \u017ee v \u0159ad\u011b p\u0159\u00edpad\u016f se dosud s t\u011bmito\u00a0<strong>onemocn\u011bn\u00edmi<\/strong>\u00a0neum\u00edme vyrovnat. A jde n\u00e1m o to, abychom prodlu\u017eovali nejenom \u017eivot, ale tak\u00e9 kvalitn\u00ed \u017eivot.<\/p>\n\n\n\n<p>Martin \u010cerm\u00e1k, moder\u00e1tor<br \/>&#8212;&#8212;&#8212;&#8212;&#8212;&#8212;&#8211;<br \/>Souvis\u00ed to i n\u011bjak s na\u0161\u00edm \u017eivotn\u00edm stylem, strava, alkohol, cigarety?<\/p>\n\n\n\n<p>Aleksi \u0160edo, \u0159editel N\u00e1rodn\u00edho \u00fastavu pro v\u00fdzkum rakoviny, 1. l\u00e9ka\u0159sk\u00e1 fakulta UK<br \/>&#8212;&#8212;&#8212;&#8212;&#8212;&#8212;&#8211;<br \/>Zcela bezpochyby, proto\u017ee na jednu stranu ta modern\u00ed spole\u010dnost p\u0159in\u00e1\u0161\u00ed spoustu benefit\u016f, proto se, jak jsem zmi\u0148oval, do\u017e\u00edv\u00e1me vy\u0161\u0161\u00edho v\u011bku, ale vlastn\u011b to udr\u017eov\u00e1n\u00ed toho spr\u00e1vn\u00e9ho \u017eivotn\u00edho stylu, dalo by se \u0159\u00edct, \u017e\u00edt podle zdrav\u00e9ho rozumu, to n\u00e1m tak \u00fapln\u011b nejde. Existuj\u00ed na to stra\u0161n\u011b zaj\u00edmav\u00e9 statistiky, ale tak ka\u017ed\u00fd v\u00ed, \u017ee kou\u0159en\u00ed je zabij\u00e1k, ka\u017ed\u00fd v\u00ed, \u017ee po\u017e\u00edv\u00e1n\u00ed alkoholu nep\u0159im\u011b\u0159en\u00e9, ale v z\u00e1sad\u011b i jak\u00e9koliv jin\u00e9, p\u0159edstavuje zdravotn\u00ed riziko. Dost m\u00e1lo lid\u00ed si uv\u011bdomuje, jak\u00fdm nebezpe\u010d\u00edm z tohoto hlediska je obezita, zejm\u00e9na pr\u00e1v\u011b v kontextu s tou onkologi\u00ed, proto\u017ee ta nadbyte\u010dn\u00e1 tukov\u00e1 tk\u00e1\u0148 vlastn\u011b p\u0159edstavuju jak\u00fdsi endokrinn\u00ed org\u00e1n patologick\u00fd, kter\u00fd, nebudu zab\u00edhat do detail\u016f fyziologie, ale je to v\u011bc, kter\u00e1 skute\u010dn\u011b zvy\u0161uje riziko n\u00e1dorov\u00fdch\u00a0<strong>onemocn\u011bn\u00ed<\/strong>, soub\u011bh zv\u00fd\u0161en\u00e9 hmotnosti, obezity, s karcinomem prsu, na to v\u0161echno jsou zcela jasn\u00e1 \u010d\u00edsla, evidence. A my m\u00e1me tak\u00e9 velk\u00e9 mno\u017estv\u00ed ji\u017e ob\u00e9zn\u00edch d\u011bt\u00ed a jejich zastoupen\u00ed v populaci je jak\u00fdmsi prediktorem, jak\u00e1 dal\u0161\u00ed\u00a0<strong>onemocn\u011bn\u00ed<\/strong>\u00a0budou m\u00edt velkou pravd\u011bpodobnost, \u017ee se s nimi setkaj\u00ed.<\/p>\n\n\n\n<p>Martin \u010cerm\u00e1k, moder\u00e1tor<br \/>&#8212;&#8212;&#8212;&#8212;&#8212;&#8212;&#8211;<br \/>Vy jste mluvil o tom, \u017ee d\u00edky v\u011bd\u011b se do\u017e\u00edv\u00e1me vy\u0161\u0161\u00edho v\u011bku, z\u00e1rove\u0148, jak se d\u00edky v\u011bd\u011b m\u011bn\u00ed l\u00e9\u010dba onkologick\u00fdch&nbsp;<strong>onemocn\u011bn\u00ed<\/strong>. J\u00e1 t\u0159eba v\u00edm, \u017ee u leuk\u00e9mie se za posledn\u00ed dek\u00e1dy d\u00edky v\u011bd\u011b poda\u0159ilo oto\u010dit ten trend, kdy d\u0159\u00edve p\u0159e\u017e\u00edvali, t\u0159eba 2 lid\u00e9 z 10. Dnes je to naopak skoro a\u017e 90% ta vyl\u00e9\u010denost. Tak jak se posouv\u00e1 v dal\u0161\u00edch t\u011bch odv\u011btv\u00edch?<\/p>\n\n\n\n<p>Aleksi \u0160edo, \u0159editel N\u00e1rodn\u00edho \u00fastavu pro v\u00fdzkum rakoviny, 1. l\u00e9ka\u0159sk\u00e1 fakulta UK<br \/>&#8212;&#8212;&#8212;&#8212;&#8212;&#8212;&#8211;<br \/>Ta vyl\u00e9\u010denost v p\u0159\u00edpad\u011b hematoonkologie se t\u00fdk\u00e1 hlavn\u011b d\u011btsk\u00fdch malignit, ale je pravda, \u017ee medic\u00edna u\u010dinila fantastick\u00fd pokrok. Od t\u00e9 doby, kdy\u017e bych to projikoval t\u0159eba do toho, kdy\u017e jsem studoval j\u00e1, tak co jsme se u\u010dil, jak\u00e1 je \u0161ance na p\u0159e\u017eit\u00ed toho kter\u00e9ho n\u00e1dorov\u00e9ho\u00a0<strong>onemocn\u011bn\u00ed<\/strong>, tak to se v mnoha p\u0159\u00edpadech z\u00e1sadn\u00edm zp\u016fsobem zm\u011bnilo. Nicm\u00e9n\u011b z\u016fst\u00e1vaj\u00ed n\u011bkter\u00e1 n\u00e1dorov\u00e1\u00a0<strong>onemocn\u011bn\u00ed<\/strong>, s kter\u00fdmi si poradit prost\u011b neum\u00edme. Vlastn\u011b my je, zn\u00ed to tak tro\u0161ku smutn\u011b, my je um\u00edme l\u00e9\u010dit, ale neum\u00edme je vyl\u00e9\u010dit a v\u00edme, \u017ee je velmi \u0161patn\u00e1 progn\u00f3za, t\u0159eba karcinom pankreatu, nebo n\u011bkter\u00fdch mozkov\u00fdch n\u00e1dor\u016f, slinivky b\u0159i\u0161n\u00ed, ano, a v t\u00e9to oblasti, p\u0159esto\u017ee dosp\u011bli jsme \u0159ady r\u016fzn\u00fdch pokrok\u016f, zrovna tyto diagn\u00f3zy jsou jasn\u00fdm indik\u00e1torem toho, \u017ee u toho\u00a0<strong>onemocn\u011bn\u00ed<\/strong>\u00a0je n\u011bjak\u00fd dal\u0161\u00ed biologick\u00fd faktor, kter\u00fd my neum\u00edme postihnout, neum\u00edme ho pojmenovat, neum\u00edme ho zdiagnostikovat a, \u0159ekn\u011bme, vyu\u017e\u00edt jako trojsk\u00e9ho kon\u011b k \u00fatoku na ten n\u00e1dor, a to je pr\u00e1v\u011b to, pro\u010d je ta v\u011bda tak d\u016fle\u017eit\u00e1. Tak\u017ee ona ta v\u011bda, mnohdy si to laick\u00e1 ve\u0159ejnost p\u0159edstavuje tak, \u017ee to je n\u011bco, co d\u011blaj\u00ed v nemocnic\u00edch, na klinik\u00e1ch klini\u010dt\u00ed\u00a0<strong>l\u00e9ka\u0159i<\/strong>, ale ta v\u011bda je discipl\u00edna, kter\u00e1 postihuje obrovsk\u00e9 mno\u017estv\u00ed profes\u00ed, za t\u00edm jsou medicin\u00e1ln\u00ed chemici, za t\u00edm jsou fyzici, za t\u00edm my pot\u0159ebujeme lidi, kte\u0159\u00ed um\u00ed pracovat s daty &#8211; informatiky, a teprve ten komplexn\u00ed pohled p\u0159in\u00e1\u0161\u00ed \u0161anci na to, abychom skute\u010dn\u011b mohli n\u011bjak\u00fdm pr\u016flomov\u00fdm zp\u016fsobem n\u011bco ud\u011blat.<\/p>\n\n\n\n<p>Martin \u010cerm\u00e1k, moder\u00e1tor<br \/>&#8212;&#8212;&#8212;&#8212;&#8212;&#8212;&#8211;<br \/>M\u011bn\u00ed se d\u00edky tomu i ta samotn\u00e1 l\u00e9\u010dba, te\u010f mluv\u00edm o tom, jestli je t\u0159eba krat\u0161\u00ed d\u00e9lka nebo \u0161etrnost, v\u00edme, \u017ee jestli je k tomu pacientovi \u0161etrn\u011bj\u0161\u00ed, nebo prost\u011b oza\u0159ov\u00e1n\u00ed a chemoterapie bude v\u017edycky tak drastick\u00e1, jako byla.<\/p>\n\n\n\n<p>Aleksi \u0160edo, \u0159editel N\u00e1rodn\u00edho \u00fastavu pro v\u00fdzkum rakoviny, 1. l\u00e9ka\u0159sk\u00e1 fakulta UK<br \/>&#8212;&#8212;&#8212;&#8212;&#8212;&#8212;&#8211;<br \/>To v\u0161echno pat\u0159\u00ed mezi c\u00edle, mezi takov\u00e9 portfolio c\u00edl\u016f t\u00e9 biomedic\u00ednsk\u00e9 v\u011bdy, kter\u00e1 je za tou onkologi\u00ed. A n\u00e1m jde o to, abychom, \u0159ekn\u011bme, mohli definovat n\u011bjak\u00e9 nov\u00e9 koncepty l\u00e9\u010debn\u00e9, tak jako vy jste s\u00e1m zm\u00ednil chemoterapii a oza\u0159ov\u00e1n\u00ed, co\u017e jsou metody, kter\u00e9 jsou v n\u011bkter\u00fdch p\u0159\u00edpadech vlastn\u011b jedin\u00e9 mo\u017en\u00e9, ale ty mo\u017enosti l\u00e9\u010dby, ty se zna\u010dn\u011b roz\u0161\u00ed\u0159ily, u\u017e ur\u010dit\u011b&#8230;<\/p>\n\n\n\n<p>Martin \u010cerm\u00e1k, moder\u00e1tor<br \/>&#8212;&#8212;&#8212;&#8212;&#8212;&#8212;&#8211;<br \/>Biol\u00e9\u010dba.<\/p>\n\n\n\n<p>Aleksi \u0160edo, \u0159editel N\u00e1rodn\u00edho \u00fastavu pro v\u00fdzkum rakoviny, 1. l\u00e9ka\u0159sk\u00e1 fakulta UK<br \/>&#8212;&#8212;&#8212;&#8212;&#8212;&#8212;&#8211;<br \/>B\u011b\u017en\u00e1 ve\u0159ejnost samoz\u0159ejm\u011b zn\u00e1 ten pojem, biologick\u00e1 l\u00e9\u010dba se tomu \u0159\u00edk\u00e1, nebo p\u0159esn\u011bj\u0161\u00ed je c\u00edlen\u00e1 l\u00e9\u010dba, my tomu konceptu \u0159\u00edk\u00e1me precizn\u00ed onkologie, tak\u017ee vlastn\u011b my dnes diagnostikujeme n\u00e1dor nikoliv podle toho, jestli je to n\u00e1dor prsu nebo t\u0159eba t\u00e9 slinivky, ale i podle toho, jak\u00e9 m\u00e1 sv\u00e9 genetick\u00e9 uspo\u0159\u00e1d\u00e1n\u00ed, co je na n\u011bm specifick\u00e9ho, co jej odli\u0161uje od jin\u00fdch n\u00e1dor\u016f a v \u0159ad\u011b p\u0159\u00edpad\u016f na z\u00e1klad\u011b t\u00e9 genetick\u00e9 anal\u00fdzy my m\u016f\u017eeme nab\u00eddnout\u00a0<strong>l\u00e9ky<\/strong>, kter\u00e9 op\u011bt, zjednodu\u0161en\u011b \u0159e\u010deno, \u00fato\u010d\u00ed pr\u00e1v\u011b p\u0159\u00edmo na tu jednu chybu v tom n\u00e1doru.<\/p>\n\n\n\n<p>Martin \u010cerm\u00e1k, moder\u00e1tor<br \/>&#8212;&#8212;&#8212;&#8212;&#8212;&#8212;&#8211;<br \/>Ne obecn\u011b na rakovin prsu, ale na tu konkr\u00e9tn\u00ed&#8230;<\/p>\n\n\n\n<p>Aleksi \u0160edo, \u0159editel N\u00e1rodn\u00edho \u00fastavu pro v\u00fdzkum rakoviny, 1. l\u00e9ka\u0159sk\u00e1 fakulta UK<br \/>&#8212;&#8212;&#8212;&#8212;&#8212;&#8212;&#8211;<br \/>P\u0159esn\u011b tak, a to pat\u0159\u00ed zase do konceptu individualizovan\u00e9 medic\u00edny, a to je samoz\u0159ejm\u011b vynikaj\u00edc\u00ed, proto\u017ee p\u016fsob\u00edte-li individu\u00e1ln\u011b na specifick\u00fd c\u00edl, tak pacienta nevystavujete riziku vedlej\u0161\u00edch ne\u017e\u00e1douc\u00edch \u00fa\u010dink\u016f, tak\u017ee ta l\u00e9\u010dba je opravdu c\u00edlen\u00e1.<\/p>\n\n\n\n<p>Martin \u010cerm\u00e1k, moder\u00e1tor<br \/>&#8212;&#8212;&#8212;&#8212;&#8212;&#8212;&#8211;<br \/>Obrovsk\u00fdm trendem ve zdravotnictv\u00ed, nejen ve zdravotnictv\u00ed, je um\u011bl\u00e1 inteligence, pom\u00e1h\u00e1 t\u0159eba u\u017e i p\u0159i l\u00e9\u010db\u011b nebo prevenci onkologick\u00fdch&nbsp;<strong>onemocn\u011bn\u00ed<\/strong>?<\/p>\n\n\n\n<p>Aleksi \u0160edo, \u0159editel N\u00e1rodn\u00edho \u00fastavu pro v\u00fdzkum rakoviny, 1. l\u00e9ka\u0159sk\u00e1 fakulta UK<br \/>&#8212;&#8212;&#8212;&#8212;&#8212;&#8212;&#8211;<br \/>Jasn\u011b. Tak v dne\u0161n\u00ed dob\u011b v jak\u00fdchkoliv diskurzech a diskuz\u00edch um\u011bl\u00e1 inteligence je takov\u00fd must have &#8211; mus\u00ed se zm\u011bnit. Jasn\u011b, samoz\u0159ejm\u011b, ono toti\u017e jak onkologie jako klinick\u00e1 discipl\u00edna, tak ta biomedic\u00edna, kter\u00e1 je za n\u00ed, p\u0159edstavuj\u00ed mimo jin\u00e9 pr\u00e1ci s obrovsk\u00fdm mno\u017estv\u00edm dat, tak\u017ee pro n\u00e1s jsou d\u016fle\u017eit\u00e1 data obecn\u011b.<\/p>\n\n\n\n<p>Martin \u010cerm\u00e1k, moder\u00e1tor<br \/>&#8212;&#8212;&#8212;&#8212;&#8212;&#8212;&#8211;<br \/>Na to je um\u011bl\u00e1 inteligence dobr\u00e1.<\/p>\n\n\n\n<p>Aleksi \u0160edo, \u0159editel N\u00e1rodn\u00edho \u00fastavu pro v\u00fdzkum rakoviny, 1. l\u00e9ka\u0159sk\u00e1 fakulta UK<br \/>&#8212;&#8212;&#8212;&#8212;&#8212;&#8212;&#8211;<br \/>Na to je skv\u011bl\u00e1. Ta data, abychom si vypo\u010d\u00edtali, jak\u00e9 jsou \u00fasp\u011bchy, s jakou prevenc\u00ed, co m\u00e1 smysl, \u0159ekn\u011bme, z toho pohledu obecn\u011b zdravotnick\u00e9ho a nejenom z t\u00e9 jakoby logick\u00e9 str\u00e1nky, ale um\u011bl\u00e1 inteligence je vyu\u017e\u00edvan\u00e1 z\u00e1sadn\u00edm zp\u016fsobem pr\u00e1v\u011b pro datov\u00e9 anal\u00fdzy, kter\u00e9 jsou d\u016fle\u017eit\u00e9 t\u0159eba pro interpretaci n\u011bjak\u00fdch slo\u017eit\u00fdch vy\u0161et\u0159ovac\u00edch metod, pro anal\u00fdzu obrazu, to znamen\u00e1,&#8230;<\/p>\n\n\n\n<p>Martin \u010cerm\u00e1k, moder\u00e1tor<br \/>&#8212;&#8212;&#8212;&#8212;&#8212;&#8212;&#8211;<br \/>N\u011bco, \u010deho si b\u011b\u017en\u011b nev\u0161imneme, tak ta um\u011bl\u00e1 inteligence tam m\u016f\u017ee vid\u011bt.<\/p>\n\n\n\n<p>Aleksi \u0160edo, \u0159editel N\u00e1rodn\u00edho \u00fastavu pro v\u00fdzkum rakoviny, 1. l\u00e9ka\u0159sk\u00e1 fakulta UK<br \/>&#8212;&#8212;&#8212;&#8212;&#8212;&#8212;&#8211;<br \/>Dalo by se \u0159\u00edci, \u017ee to sp\u00ed\u0161 zasad\u00ed do spr\u00e1vn\u011bj\u0161\u00edho kontextu, \u017ee l\u00e9pe zinterpretuje t\u0159eba v\u00fdsledky zobrazovac\u00edch metod, \u017ee pacienti, co maj\u00ed r\u016fzn\u00e9 rentgenologick\u00e9 vy\u0161et\u0159en\u00ed a tak, um\u011bl\u00e1 inteligence je vlastn\u011b velk\u00fdm pomocn\u00edkem t\u0159eba pro patology, kte\u0159\u00ed vy\u0161et\u0159uj\u00ed biopsii, kte\u0159\u00ed vy\u0161et\u0159uj\u00ed ty vzorky tk\u00e1n\u00ed. Tak\u017ee um\u011bl\u00e1 inteligence je, \u0159ekn\u011bme, obecn\u00fdm instrumentem, nen\u00ed specifickou dom\u00e9nou n\u011bjak\u00e9ho jednoho oboru.<\/p>\n\n\n\n<p>Martin \u010cerm\u00e1k, moder\u00e1tor<br \/>&#8212;&#8212;&#8212;&#8212;&#8212;&#8212;&#8211;<br \/>Kdy\u017e se bav\u00edme o v\u011bd\u011b a technologii, mysl\u00edte si, \u017ee m\u016f\u017eeme v budoucnu jako civilizace t\u0159eba zcela p\u0159emoct rakovinu?<\/p>\n\n\n\n<p>Aleksi \u0160edo, \u0159editel N\u00e1rodn\u00edho \u00fastavu pro v\u00fdzkum rakoviny, 1. l\u00e9ka\u0159sk\u00e1 fakulta UK<br \/>&#8212;&#8212;&#8212;&#8212;&#8212;&#8212;&#8211;<br \/>M\u016fj obl\u00edben\u00fd fyzik Niels Bohr \u0159\u00edkal, \u017ee d\u011blat p\u0159edpov\u011bdi je velice t\u011b\u017ek\u00e9, zejm\u00e9na maj\u00ed-li se t\u00fdkat budoucnosti. Ale j\u00e1 se skoro ob\u00e1v\u00e1m, \u017ee v t\u00e9to oblasti ta p\u0159edpov\u011b\u010f je dost takov\u00e1 vlastn\u011b negativistick\u00e1, proto\u017ee podstata vzniku toho n\u00e1dorov\u00e9ho\u00a0<strong>onemocn\u011bn\u00ed<\/strong>\u00a0spo\u010d\u00edv\u00e1 v tom, \u017ee v bu\u0148k\u00e1ch se kumuluj\u00ed mutace, kter\u00e9 samy o sob\u011b mohou b\u00fdt bezv\u00fdznamn\u00e9, ale kter\u00e9 se mohou st\u00e1t v\u00fdznamn\u00fdmi, zas\u00e1hnou-li to \u0161patn\u00e9 m\u00edsto, kdy\u017e to takhle \u0159eknu, tak to je to, co m\u016f\u017ee v\u00e9st k t\u00e9 n\u00e1dorov\u00e9 transformaci, tak\u017ee t\u00edm, jak se prodlu\u017euje v\u011bk, tak nar\u016fst\u00e1 riziko toho, \u017ee se do\u010dk\u00e1me toho n\u00e1dorov\u00e9ho\u00a0<strong>onemocn\u011bn\u00ed<\/strong>, je to bohu\u017eel vid\u011bt t\u0159eba i v tom, \u017ee je-li v\u010das l\u00e9\u010den\u00e9 n\u00e1dorov\u00e9\u00a0<strong>onemocn\u011bn\u00ed<\/strong>, pacient je vyl\u00e9\u010den, tak, jak bylo optimisticky zmi\u0148ov\u00e1no tady, a ten pacient se n\u00e1sledn\u011b do\u017eije dal\u0161\u00edho n\u00e1dorov\u00e9ho\u00a0<strong>onemocn\u011bn\u00ed<\/strong>, proto\u017ee ten koncept je pom\u011brn\u011b ne\u00faprosn\u00fd.<\/p>\n\n\n\n<p>Martin \u010cerm\u00e1k, moder\u00e1tor<br \/>&#8212;&#8212;&#8212;&#8212;&#8212;&#8212;&#8211;<br \/>Pane profesore, j\u00e1 d\u011bkuji, \u017ee jste p\u0159i\u0161el a p\u0159ejeme mnoho \u00fasp\u011bch\u016f v boji s rakovinou.<\/p>\n","protected":false},"excerpt":{"rendered":"<div class=\"mh-excerpt\"><p>NOVA Ka\u017edoro\u010dn\u011b\u00a0l\u00e9ka\u0159i\u00a0diagnostikuj\u00ed p\u0159es 80 000 nov\u00fdch pacient\u016f se zhoubn\u00fdm n\u00e1dorem. Znepokojiv\u00e9 statistiky ukazuj\u00ed, \u017ee v \u010cesku onemocn\u00ed rakovinou ka\u017ed\u00fd t\u0159et\u00ed \u010dlov\u011bk a ka\u017ed\u00fd \u010dtvrt\u00fd na <a class=\"mh-excerpt-more\" href=\"https:\/\/www.invarena.cz\/?p=57370\" title=\"\u0160edo: M\u00e1lo lid\u00ed si uv\u011bdomuje, jak\u00fdm nebezpe\u010d\u00edm je obezita\">[&#8230;]<\/a><\/p>\n<\/div>","protected":false},"author":1,"featured_media":24987,"comment_status":"open","ping_status":"closed","sticky":false,"template":"","format":"standard","meta":{"footnotes":""},"categories":[9],"tags":[],"class_list":["post-57370","post","type-post","status-publish","format-standard","has-post-thumbnail","hentry","category-zpravy"],"_links":{"self":[{"href":"https:\/\/www.invarena.cz\/index.php?rest_route=\/wp\/v2\/posts\/57370","targetHints":{"allow":["GET"]}}],"collection":[{"href":"https:\/\/www.invarena.cz\/index.php?rest_route=\/wp\/v2\/posts"}],"about":[{"href":"https:\/\/www.invarena.cz\/index.php?rest_route=\/wp\/v2\/types\/post"}],"author":[{"embeddable":true,"href":"https:\/\/www.invarena.cz\/index.php?rest_route=\/wp\/v2\/users\/1"}],"replies":[{"embeddable":true,"href":"https:\/\/www.invarena.cz\/index.php?rest_route=%2Fwp%2Fv2%2Fcomments&post=57370"}],"version-history":[{"count":0,"href":"https:\/\/www.invarena.cz\/index.php?rest_route=\/wp\/v2\/posts\/57370\/revisions"}],"wp:featuredmedia":[{"embeddable":true,"href":"https:\/\/www.invarena.cz\/index.php?rest_route=\/wp\/v2\/media\/24987"}],"wp:attachment":[{"href":"https:\/\/www.invarena.cz\/index.php?rest_route=%2Fwp%2Fv2%2Fmedia&parent=57370"}],"wp:term":[{"taxonomy":"category","embeddable":true,"href":"https:\/\/www.invarena.cz\/index.php?rest_route=%2Fwp%2Fv2%2Fcategories&post=57370"},{"taxonomy":"post_tag","embeddable":true,"href":"https:\/\/www.invarena.cz\/index.php?rest_route=%2Fwp%2Fv2%2Ftags&post=57370"}],"curies":[{"name":"wp","href":"https:\/\/api.w.org\/{rel}","templated":true}]}}