{"id":5773,"date":"2013-05-29T09:46:08","date_gmt":"2013-05-29T07:46:08","guid":{"rendered":"http:\/\/www.invarena.cz\/?p=5773"},"modified":"2013-05-29T09:46:37","modified_gmt":"2013-05-29T07:46:37","slug":"vzp-pomuze-hendikepovanym-studentum-ziskat-praxi","status":"publish","type":"post","link":"https:\/\/www.invarena.cz\/?p=5773","title":{"rendered":"VZP pom\u016f\u017ee hendikepovan\u00fdm student\u016fm z\u00edskat praxi"},"content":{"rendered":"<style type=\"text\/css\"><!--\nP { margin-bottom: 0cm; direction: ltr; color: rgb(0, 0, 0); widows: 2; orphans: 2; }P.western { font-family: \"Times New Roman\",serif; font-size: 12pt; font-weight: bold; }P.cjk { font-family: \"Times New Roman\",serif; font-size: 12pt; font-weight: bold; }P.ctl { font-family: \"Times New Roman\",serif; font-size: 12pt; font-weight: bold; }A:visited { color: rgb(128, 0, 128); }A.western:visited {  }A.cjk:visited {  }A.ctl:visited {  }A:link { color: rgb(0, 0, 255); }\n--><\/style>\n<p style=\"text-align: left;\" align=\"CENTER\"><strong><span style=\"font-family: Times New Roman,serif;\"><span style=\"font-size: medium;\">V\u0161eobecn\u00e1 zdravotn\u00ed poji\u0161\u0165ovna umo\u017en\u00ed z\u00edskat odbornou praxi deseti student\u016fm s\u00a0pohybov\u00fdm posti\u017een\u00edm. Ve VZP jsou studenti za\u0159azeni do r\u016fzn\u00fdch odd\u011blen\u00ed podle typu studijn\u00edho oboru \u010di ji\u017e z\u00edskan\u00fdch pracovn\u00edch zku\u0161enost\u00ed.<\/span><\/span><\/strong><\/p>\n<p style=\"text-align: left;\" align=\"CENTER\"><!--more--><\/p>\n<h3 align=\"CENTER\"><\/h3>\n<h3>\u00a0<strong>VZP se zapojila do projektu Metropolitn\u00ed univerzity Praha a N\u00e1rodn\u00edho fondu pro zam\u011bstn\u00e1v\u00e1n\u00ed osob se zdravotn\u00edm posti\u017een\u00edm a umo\u017en\u00ed z\u00edskat odbornou praxi deseti student\u016fm s\u00a0pohybov\u00fdm posti\u017een\u00edm.\u00a0<\/strong><\/h3>\n<p align=\"JUSTIFY\"><span style=\"font-family: Times New Roman,serif;\"><span style=\"font-size: medium;\">D\u00e9lka praxe je stanovena individu\u00e1ln\u011b v\u00a0z\u00e1vislosti na mo\u017enostech student\u016f. Minim\u00e1ln\u011b str\u00e1v\u00ed ve VZP 80 hodin v pr\u016fb\u011bhu p\u011bti m\u011bs\u00edc\u016f, maxim\u00e1ln\u011b pak patn\u00e1ct hodin t\u00fddn\u011b do konce roku 2014, kdy projekt kon\u010d\u00ed.<\/span><\/span><\/p>\n<p align=\"JUSTIFY\"><span style=\"font-family: Times New Roman,serif;\"><span style=\"font-size: medium;\">V\u0161eobecn\u00e1 zdravotn\u00ed poji\u0161\u0165ovna zajist\u00ed pro studenty pracovn\u00ed m\u00edsto, mentora a pracovn\u00ed tr\u00e9nink. \u201eNen\u00ed novinkou, jak je pro absolventy t\u011b\u017ek\u00e9 naj\u00edt po \u0161kole zam\u011bstn\u00e1n\u00ed. Mlad\u00ed lid\u00e9 s\u00a0posti\u017een\u00edm jsou na tom je\u0161t\u011b h\u016f\u0159e. Zejm\u00e9na proto vid\u00edm v\u00a0tomto projektu opravdu smysl,\u201c \u0159\u00edk\u00e1 David Drahon\u00ednsk\u00fd, <span style=\"color: #000000;\">zam\u011bstnanec VZP<\/span> a medailista paralympijsk\u00fdch her v\u00a0Lond\u00fdn\u011b i Pekingu<span style=\"color: #000000;\">. Je p\u0159itom pravd\u011bpodobn\u00e9, \u017ee<\/span> s\u00a0n\u011bkter\u00fdmi studenty se poji\u0161\u0165ovna dohodne na dal\u0161\u00ed spolupr\u00e1ci i po skon\u010den\u00ed tohoto projektu.<\/span><\/span><\/p>\n<p align=\"JUSTIFY\"><span style=\"font-family: Times New Roman,serif;\"><span style=\"font-size: medium;\">VZP m\u00e1 se zam\u011bstn\u00e1v\u00e1n\u00edm hendikepovan\u00fdch dlouholet\u00e9 zku\u0161enosti. Bezbari\u00e9rov\u00e1 pracovi\u0161t\u011b, parkov\u00e1n\u00ed pro invalidy, upraven\u00e9 v\u00fdtahy \u010di toalety, individu\u00e1ln\u00ed \u0159e\u0161en\u00ed pracovn\u00edch pom\u016fcek a podm\u00ednek pro osoby se zdravotn\u00edm poji\u0161t\u011bn\u00edm, to v\u0161e u\u017e je v\u00a0nejv\u011bt\u0161\u00ed zdravotn\u00ed poji\u0161\u0165ovn\u011b v \u010cesku standard. P\u0159esto\u017ee za posledn\u00edch p\u011bt let sn\u00ed\u017eila po\u010det zam\u011bstnanc\u016f p\u0159ibli\u017en\u011b o dvan\u00e1ct stovek (ze 4\u00a0772 na 3\u00a0509), procento zam\u011bstnanc\u016f se zdravotn\u00edm posti\u017een\u00edm z\u016fst\u00e1v\u00e1 t\u00e9m\u011b\u0159 stejn\u00e9. <\/span><\/span><\/p>\n<p align=\"JUSTIFY\"><span style=\"font-family: Times New Roman,serif;\"><span style=\"font-size: medium;\">V t\u011bchto dnech pracuje ve VZP osmdes\u00e1t zdravotn\u011b posti\u017een\u00fdch zam\u011bstnanc\u016f. Nov\u00e9 nab\u00eddky pr\u00e1ce, kter\u00e9 mohou vykon\u00e1vat i lid\u00e9 s\u00a0hendikepem, ale neust\u00e1le p\u0159ib\u00fdvaj\u00ed. Naj\u00edt je m\u016f\u017eete nap\u0159\u00edklad na na\u0161ich str\u00e1nk\u00e1ch <span style=\"color: #0000ff;\"><span style=\"text-decoration: underline;\"><a href=\"http:\/\/www.zdravakariera.cz\/\">www.zdravakariera.cz<\/a><\/span><\/span>.<\/span><\/span><\/p>\n<p lang=\"\" align=\"JUSTIFY\">\u00a0<span style=\"font-family: Times New Roman,serif;\"><span style=\"font-size: medium;\"><b>Mgr. Old\u0159ich Tich\u00fd<\/b><\/span><\/span><\/p>\n<p lang=\"\" align=\"JUSTIFY\"><span style=\"font-family: Times New Roman,serif;\"><span style=\"font-size: medium;\">vedouc\u00ed tiskov\u00e9ho odd\u011blen\u00ed a tiskov\u00fd mluv\u010d\u00ed<\/span><\/span><\/p>\n","protected":false},"excerpt":{"rendered":"<div class=\"mh-excerpt\"><p>V\u0161eobecn\u00e1 zdravotn\u00ed poji\u0161\u0165ovna umo\u017en\u00ed z\u00edskat odbornou praxi deseti student\u016fm s\u00a0pohybov\u00fdm posti\u017een\u00edm. Ve VZP jsou studenti za\u0159azeni do r\u016fzn\u00fdch odd\u011blen\u00ed podle typu studijn\u00edho oboru \u010di ji\u017e <a class=\"mh-excerpt-more\" href=\"https:\/\/www.invarena.cz\/?p=5773\" title=\"VZP pom\u016f\u017ee hendikepovan\u00fdm student\u016fm z\u00edskat praxi\">[&#8230;]<\/a><\/p>\n<\/div>","protected":false},"author":1,"featured_media":4884,"comment_status":"open","ping_status":"open","sticky":false,"template":"","format":"standard","meta":{"footnotes":""},"categories":[7],"tags":[],"class_list":["post-5773","post","type-post","status-publish","format-standard","has-post-thumbnail","hentry","category-spolecnost"],"_links":{"self":[{"href":"https:\/\/www.invarena.cz\/index.php?rest_route=\/wp\/v2\/posts\/5773","targetHints":{"allow":["GET"]}}],"collection":[{"href":"https:\/\/www.invarena.cz\/index.php?rest_route=\/wp\/v2\/posts"}],"about":[{"href":"https:\/\/www.invarena.cz\/index.php?rest_route=\/wp\/v2\/types\/post"}],"author":[{"embeddable":true,"href":"https:\/\/www.invarena.cz\/index.php?rest_route=\/wp\/v2\/users\/1"}],"replies":[{"embeddable":true,"href":"https:\/\/www.invarena.cz\/index.php?rest_route=%2Fwp%2Fv2%2Fcomments&post=5773"}],"version-history":[{"count":0,"href":"https:\/\/www.invarena.cz\/index.php?rest_route=\/wp\/v2\/posts\/5773\/revisions"}],"wp:featuredmedia":[{"embeddable":true,"href":"https:\/\/www.invarena.cz\/index.php?rest_route=\/wp\/v2\/media\/4884"}],"wp:attachment":[{"href":"https:\/\/www.invarena.cz\/index.php?rest_route=%2Fwp%2Fv2%2Fmedia&parent=5773"}],"wp:term":[{"taxonomy":"category","embeddable":true,"href":"https:\/\/www.invarena.cz\/index.php?rest_route=%2Fwp%2Fv2%2Fcategories&post=5773"},{"taxonomy":"post_tag","embeddable":true,"href":"https:\/\/www.invarena.cz\/index.php?rest_route=%2Fwp%2Fv2%2Ftags&post=5773"}],"curies":[{"name":"wp","href":"https:\/\/api.w.org\/{rel}","templated":true}]}}