{"id":57998,"date":"2025-06-04T14:50:26","date_gmt":"2025-06-04T12:50:26","guid":{"rendered":"https:\/\/www.invarena.cz\/?p=57998"},"modified":"2025-06-04T15:00:29","modified_gmt":"2025-06-04T13:00:29","slug":"zamek-radun-prichystal-prohlidku-pro-nevidome","status":"publish","type":"post","link":"https:\/\/www.invarena.cz\/?p=57998","title":{"rendered":"Z\u00e1mek Radu\u0148 p\u0159ichystal prohl\u00eddku pro nevidom\u00e9"},"content":{"rendered":"\n<p>\u010cT 1 <\/p>\n\n\n\n<p>Speci\u00e1ln\u00ed prohl\u00eddka pro handicapovan\u00e9. Z\u00e1mek v Raduni na Opavsku si mohli prohl\u00e9dnout lid\u00e9&nbsp;<strong>nesly\u0161\u00edc\u00ed<\/strong>,&nbsp;<strong>nevidom\u00ed<\/strong>&nbsp;nebo na voz\u00edku. Pr\u016fvodci pro n\u011b p\u0159ipravili program tak, aby navzdory sv\u00fdm posti\u017een\u00edm poznali co nejv\u00edce. Tentokr\u00e1t se v\u00fdjime\u010dn\u011b mohli expon\u00e1t\u016f i dot\u00fdkat.<\/p>\n\n\n\n<p>Radu\u0148sk\u00fd z\u00e1mek nav\u0161t\u00edv\u00ed ro\u010dn\u011b na 15 000 n\u00e1v\u0161t\u011bvn\u00edk\u016f. B\u011bhem hodinov\u00e9 prohl\u00eddky se dozv\u00ed mnoh\u00e9 o historii emp\u00edrov\u00e9 stavby z devaten\u00e1ct\u00e9ho stolet\u00ed a tak\u00e9 nahl\u00e9dnou do prostor aristokracie i slu\u017eebnictva. Tentokr\u00e1t ale prohl\u00eddka trvala o n\u011bco d\u00e9le.<\/p>\n\n\n\n<p>Mark\u00e9ta Kou\u0159ilov\u00e1, kastel\u00e1nka, z\u00e1mek Radu\u0148<br \/>&#8212;&#8212;&#8212;&#8212;&#8212;&#8212;&#8211;<br \/>Kdy\u017e pracujeme s&nbsp;<strong>nevidom\u00fdmi<\/strong>, tak je t\u0159eba b\u00fdt mnohem popisn\u011bj\u0161\u00ed a popisovat vlastn\u011b, co ti lid\u00e9 nevid\u00ed.<\/p>\n\n\n\n<p>Kate\u0159ina Gerykov\u00e1, redaktorka<br \/>&#8212;&#8212;&#8212;&#8212;&#8212;&#8212;&#8211;<br \/>Prohl\u00eddka byla neobvykl\u00e1 tak\u00e9 v tom, \u017ee si n\u00e1v\u0161t\u011bvn\u00edci mohli na n\u011bkter\u00e9 historick\u00e9 p\u0159edm\u011bty s\u00e1hnout.<\/p>\n\n\n\n<p>Mark\u00e9ta Kou\u0159ilov\u00e1, kastel\u00e1nka, z\u00e1mek Radu\u0148<br \/>&#8212;&#8212;&#8212;&#8212;&#8212;&#8212;&#8211;<br \/>D\u00edky dar\u016fm se n\u00e1m poda\u0159ilo z\u00edskat p\u0159edm\u011bty podobn\u00e9, alespo\u0148 tvarov\u011b nebo typov\u011b p\u0159ipom\u00ednaj\u00ed pr\u00e1v\u011b ten historick\u00fd mobili\u00e1\u0159.<\/p>\n\n\n\n<p>Kate\u0159ina Gerykov\u00e1, redaktorka<br \/>&#8212;&#8212;&#8212;&#8212;&#8212;&#8212;&#8211;<br \/>Hmatem mohli prozkoumat t\u0159eba schodi\u0161t\u011b vy\u0159ez\u00e1van\u00e9 ze d\u0159eva, vyzkou\u0161et si mohli tak\u00e9, jak funguje le\u0161ti\u010dka na parkety.<\/p>\n\n\n\n<p>Daniel Buli\u010dka, n\u00e1v\u0161t\u011bvn\u00edk<br \/>&#8212;&#8212;&#8212;&#8212;&#8212;&#8212;&#8211;<br \/>Ono je to v\u017edycky lep\u0161\u00ed vlastn\u011b pro \u010dlov\u011bka se zrakov\u00fdm&nbsp;<strong>handicapem<\/strong>, kdy\u017e si m\u016f\u017ee vlastn\u011b dan\u00e9 v\u011bci ohmatat.<\/p>\n\n\n\n<p>Kate\u0159ina Gerykov\u00e1, redaktorka<br \/>&#8212;&#8212;&#8212;&#8212;&#8212;&#8212;&#8211;<br \/>Mezi n\u00e1v\u0161t\u011bvn\u00edky byla tak\u00e9&nbsp;<strong>nesly\u0161\u00edc\u00ed<\/strong>&nbsp;Marie Turkov\u00e1. Z\u00e1mek si pro\u0161la s ti\u0161t\u011bn\u00fdm pr\u016fvodcem v ruce.<\/p>\n\n\n\n<p>Marie Turkov\u00e1, n\u00e1v\u0161t\u011bvnice<br \/>&#8212;&#8212;&#8212;&#8212;&#8212;&#8212;&#8211;<br \/>Kdy\u017e \u010dlov\u011bk rychle mluv\u00ed, tak to u\u017e jako v\u016fbec nerozum\u00edm. Pro m\u011b je lep\u0161\u00ed \u010d\u00edst i poslouchat.<\/p>\n\n\n\n<p>Kate\u0159ina Gerykov\u00e1, redaktorka<br \/>&#8212;&#8212;&#8212;&#8212;&#8212;&#8212;&#8211;<br \/>Takov\u00e9to pr\u016fvodce si mohou od leto\u0161n\u00ed sez\u00f3ny vyzvednout n\u00e1v\u0161t\u011bvn\u00edci na pokladn\u00e1ch v\u0161ech pam\u00e1tek v republice.<\/p>\n\n\n\n<p>Blanka \u010cern\u00e1, mluv\u010d\u00ed N\u00e1rodn\u00edho pam\u00e1tkov\u00e9ho \u00fastavu<br \/>&#8212;&#8212;&#8212;&#8212;&#8212;&#8212;&#8211;<br \/>Ty texty jsou upraven\u00e9 tak, aby n\u00e1v\u0161t\u011bvn\u00edk\u016f s poruchou sluchu co nejv\u00edce srozumiteln\u011b popsaly, co vid\u00ed na prohl\u00eddkov\u00e9 trase.<\/p>\n\n\n\n<p>Kate\u0159ina Gerykov\u00e1, redaktorka<br \/>&#8212;&#8212;&#8212;&#8212;&#8212;&#8212;&#8211;<br \/>Lid\u00e9 na voz\u00edku se ov\u0161em do z\u00e1mku nedostali. Z\u016fstat museli v rozlehl\u00e9 zahrad\u011b, \u010dekal je v\u00fdklad o tom, jak se st\u0159edov\u011bk\u00e1 tvrz prom\u011bnila v z\u00e1mek.<\/p>\n\n\n\n<p>Mark\u00e9ta Kou\u0159ilov\u00e1, kastel\u00e1nka, z\u00e1mek Radu\u0148<br \/>&#8212;&#8212;&#8212;&#8212;&#8212;&#8212;&#8211;<br \/>Tak k tomu z\u00e1mku tady p\u0159istavili takovou kr\u00e1snou st\u0159edov\u011bkou v\u011b\u017e.<\/p>\n\n\n\n<p>Kate\u0159ina Gerykov\u00e1, redaktorka<br \/>&#8212;&#8212;&#8212;&#8212;&#8212;&#8212;&#8211;<br \/>Tuto speci\u00e1ln\u00ed prohl\u00eddku zorganizovali pro klienty sv\u00fdch soci\u00e1ln\u00edch slu\u017eeb pracovn\u00edci opavsk\u00e9 charity. Handicapovan\u00ed mohou z\u00e1mek nav\u0161t\u00edvit po celou sez\u00f3nu. Kastel\u00e1nka doporu\u010duje, aby se p\u0159edem, telefonicky ohl\u00e1sili a pr\u016fvodci pro n\u011b tak mohli p\u0159ipravit program. <\/p>\n\n\n\n<p>\u010cesk\u00e1 televize. Radu\u0148<\/p>\n\n\n\n<p>Dr\u017eitel\u00e9 pr\u016fkazu ZTP, ZTP\/P a senio\u0159i maj\u00ed sn\u00ed\u017een\u00e9 vstupn\u00e9 160 K\u010d, vstupn\u00e9 jen do oran\u017e\u00e9rie s okrasnou zahradou bez pr\u016fvodce je za 60 K\u010d.<\/p>\n\n\n\n<h2 class=\"wp-block-heading\">Telefon<\/h2>\n\n\n\n<p>rezervace prohl\u00eddek<br \/>+ 420&nbsp;553&nbsp;796&nbsp;203<br \/>+ 420&nbsp;724&nbsp;664&nbsp;015<\/p>\n\n\n\n<h2 class=\"wp-block-heading\">e-mail<\/h2>\n\n\n\n<p><a href=\"mailto:radun@npu.cz\">radun@npu.cz<\/a><\/p>\n\n\n\n<figure class=\"wp-block-image size-large is-resized\"><img loading=\"lazy\" decoding=\"async\" width=\"203\" height=\"260\" src=\"https:\/\/www.invarena.cz\/wp-content\/uploads\/Snimek-obrazovky-2025-06-04-145142-203x260.jpg\" alt=\"\" class=\"wp-image-58032\" style=\"width:292px;height:auto\"\/><figcaption class=\"wp-element-caption\">Z\u00e1mek Radu\u0148<\/figcaption><\/figure>\n","protected":false},"excerpt":{"rendered":"<div class=\"mh-excerpt\"><p>\u010cT 1 Speci\u00e1ln\u00ed prohl\u00eddka pro handicapovan\u00e9. Z\u00e1mek v Raduni na Opavsku si mohli prohl\u00e9dnout lid\u00e9&nbsp;nesly\u0161\u00edc\u00ed,&nbsp;nevidom\u00ed&nbsp;nebo na voz\u00edku. Pr\u016fvodci pro n\u011b p\u0159ipravili program tak, aby navzdory <a class=\"mh-excerpt-more\" href=\"https:\/\/www.invarena.cz\/?p=57998\" title=\"Z\u00e1mek Radu\u0148 p\u0159ichystal prohl\u00eddku pro nevidom\u00e9\">[&#8230;]<\/a><\/p>\n<\/div>","protected":false},"author":1,"featured_media":58028,"comment_status":"open","ping_status":"closed","sticky":false,"template":"","format":"standard","meta":{"footnotes":""},"categories":[9],"tags":[],"class_list":["post-57998","post","type-post","status-publish","format-standard","has-post-thumbnail","hentry","category-zpravy"],"_links":{"self":[{"href":"https:\/\/www.invarena.cz\/index.php?rest_route=\/wp\/v2\/posts\/57998","targetHints":{"allow":["GET"]}}],"collection":[{"href":"https:\/\/www.invarena.cz\/index.php?rest_route=\/wp\/v2\/posts"}],"about":[{"href":"https:\/\/www.invarena.cz\/index.php?rest_route=\/wp\/v2\/types\/post"}],"author":[{"embeddable":true,"href":"https:\/\/www.invarena.cz\/index.php?rest_route=\/wp\/v2\/users\/1"}],"replies":[{"embeddable":true,"href":"https:\/\/www.invarena.cz\/index.php?rest_route=%2Fwp%2Fv2%2Fcomments&post=57998"}],"version-history":[{"count":0,"href":"https:\/\/www.invarena.cz\/index.php?rest_route=\/wp\/v2\/posts\/57998\/revisions"}],"wp:featuredmedia":[{"embeddable":true,"href":"https:\/\/www.invarena.cz\/index.php?rest_route=\/wp\/v2\/media\/58028"}],"wp:attachment":[{"href":"https:\/\/www.invarena.cz\/index.php?rest_route=%2Fwp%2Fv2%2Fmedia&parent=57998"}],"wp:term":[{"taxonomy":"category","embeddable":true,"href":"https:\/\/www.invarena.cz\/index.php?rest_route=%2Fwp%2Fv2%2Fcategories&post=57998"},{"taxonomy":"post_tag","embeddable":true,"href":"https:\/\/www.invarena.cz\/index.php?rest_route=%2Fwp%2Fv2%2Ftags&post=57998"}],"curies":[{"name":"wp","href":"https:\/\/api.w.org\/{rel}","templated":true}]}}