{"id":58000,"date":"2025-06-04T14:44:53","date_gmt":"2025-06-04T12:44:53","guid":{"rendered":"https:\/\/www.invarena.cz\/?p=58000"},"modified":"2025-06-04T14:44:53","modified_gmt":"2025-06-04T12:44:53","slug":"v-sobotu-bude-mistrovstvi-cr-vodicich-psu-v-liberci-i-v-praze","status":"publish","type":"post","link":"https:\/\/www.invarena.cz\/?p=58000","title":{"rendered":"V sobotu bude mistrovstv\u00ed \u010cR vod\u00edc\u00edch ps\u016f v Liberci i v Praze"},"content":{"rendered":"\n<p><br \/>V Liberci bude v sobotu mistrovstv\u00ed \u010cesk\u00e9 republiky vod\u00edc\u00edch ps\u016f. Vod\u00edc\u00ed psi&nbsp;nevidom\u00fdch&nbsp;v Liberci v sobotu p\u0159edvedou sv\u00e9 dovednosti na mistrovstv\u00ed \u010cesk\u00e9 republiky &#8211; Memori\u00e1lu Simony Karlovcov\u00e9. Spolek \u017divot jde d\u00e1l akci po\u0159\u00e1d\u00e1 u\u017e pop\u00e1t\u00e9, letos poprv\u00e9 bude v libereck\u00e9m Pal\u00e1ci Liebig. Sout\u011b\u017ee se z\u00fa\u010dastn\u00ed celkem 16&nbsp;nevidom\u00fdch&nbsp;lid\u00ed se sv\u00fdmi psy, ti mus\u00ed zvl\u00e1dnout poslu\u0161nost a taky z\u00e1kladn\u00ed povely, vysv\u011btluje rozhod\u010d\u00ed Olga Mudrochov\u00e1.<\/p>\n\n\n\n<p>&#8222;Jde samoto, aby n\u00e1m dok\u00e1zali vyhledat dve\u0159e, p\u0159echody, jak um\u011bj, dob\u0159e zastavovat chodn\u00edky. Je tam i \u010d\u00e1st poslu\u0161nosti, kdy ten pejsek p\u0159edvede, \u017ee um\u00ed z\u016fstat na m\u00edst\u011b s\u00e1m. Pod\u00e1v\u00e1n\u00ed p\u0159edm\u011bt\u016f, sedni, lehni je\u0161t\u011b schody a v\u00fdtah tak\u00e9 budeme od nich cht\u00edt.&#8220;<\/p>\n\n\n\n<p>mluv\u010d\u00ed 2,<br \/>&#8212;&#8212;&#8212;&#8212;&#8212;&#8212;&#8211;<br \/>Akce v sobotu za\u010dne v dev\u011bt hodin. Pro n\u00e1v\u0161t\u011bvn\u00edky bude p\u0159ipraven\u00fd doprovodn\u00fd program. <\/p>\n\n\n\n<p>Organiz\u00e1to\u0159i na tiskov\u00e9 konferenci p\u0159edstavili program cel\u00e9 akce, novinky i doprovodn\u00e9 aktivity! Speci\u00e1ln\u00edm hostem byl Ricardo Hoineff \u2013 skl\u00e1\u0159sk\u00fd v\u00fdtvarn\u00edk z Braz\u00edlie, dnes ze Slune\u010dn\u00e9. Miluje psy a pro v\u00edt\u011bze z\u00e1vodu tvo\u0159\u00ed trofej, kter\u00e1 bude z\u00e1\u0159it stejn\u011b jako ti, kdo si ji zaslou\u017e\u00ed. <img loading=\"lazy\" decoding=\"async\" height=\"16\" width=\"16\" src=\"https:\/\/static.xx.fbcdn.net\/images\/emoji.php\/v9\/tf6\/3\/16\/2728.png\" alt=\"\u2728\"\/><\/p>\n\n\n\n<h4 class=\"wp-block-heading\"><strong>Psi budou sout\u011b\u017eit v&nbsp;poslu\u0161nosti a pak provedou sv\u00e9 lidi po m\u011bst\u011b<\/strong><\/h4>\n\n\n\n<p>Na \u00fa\u010dastn\u00edky z\u00e1vodu \u010dekaj\u00ed dv\u011b discipl\u00edny. Prvn\u00ed je poslu\u0161nost s prov\u011b\u0159en\u00edm zvl\u00e1d\u00e1n\u00ed z\u00e1kladn\u00edch povel\u016f a druh\u00e1 takzvan\u00e1 frekvence, kdy vodic\u00ed psi mus\u00ed sv\u00e9 zrakov\u011b posti\u017een\u00e9 p\u00e1ny prov\u00e9st trasou po m\u011bst\u011b. Cestou pln\u00ed \u00fakoly, mezi n\u011b pat\u0159\u00ed ozna\u010den\u00ed p\u0159echodu pro chodce, vyhled\u00e1n\u00ed dve\u0159\u00ed, obejit\u00ed p\u0159ek\u00e1\u017eky \u010di ozna\u010den\u00ed za\u010d\u00e1tku i konce chodn\u00edku.<\/p>\n\n\n\n<p>Sou\u010d\u00e1st\u00ed akce bude i doprovodn\u00fd program pro ve\u0159ejnost s uk\u00e1zkami ps\u00ed fyzioterapie, dogdancingu, canisterapie \u010di v\u00fdcviku ps\u016f. Lid\u00e9 si budu moci tak\u00e9 vyzkou\u0161et, co b\u011b\u017en\u011b za\u017e\u00edv\u00e1 nevidom\u00fd &#8211; proj\u00edt si labyrintem s klapkami na o\u010d\u00edch a b\u00edlou hol\u00ed. Z\u00e1vod doprovod\u00ed i n\u011bkolik hudebn\u00edch vystoupen\u00ed. P\u0159edstav\u00ed se Franti\u0161ek Nedv\u011bd ml., kapela Rachotband z Jedli\u010dkova \u00fastavu, nevidom\u00fd zp\u011bv\u00e1k Radek \u017dalud i muzikanti Vladislav M\u00e1lek a Ivan Pajstr. Ve\u010der pak po\u0159\u00e1d\u00e1 Pal\u00e1c Liebieg koncert kapely Beatles Revival Brouci Band. &#8222;Chceme to trochu pojmout jako summer p\u00e1rty, a proto\u017ee to m\u00e1me ve stejn\u00fd den, jako je Mistrovstv\u00ed \u010cR vod\u00edc\u00edch ps\u016f, tak jsme se rozhodli, \u017ee koncert bude bez vstupn\u00e9ho, nicm\u00e9n\u011b s mo\u017enost\u00ed finan\u010dn\u00edho p\u0159\u00edsp\u011bvku pr\u00e1v\u011b na \u010dinnost spolku \u017divot jde d\u00e1l,&#8220; \u0159ekl provozovatel m\u011bstsk\u00e9ho Pal\u00e1ce Liebieg Michael Dufek.<\/p>\n\n\n\n<h4 class=\"wp-block-heading\"><strong>Na pam\u00e1tku prvn\u00ed z\u00e1vodnice se nikdy nevyd\u00e1v\u00e1 \u010d\u00edslo 1<\/strong><\/h4>\n\n\n\n<p>Mistrovstv\u00ed vodic\u00edch ps\u016f se kon\u00e1 s p\u0159\u00edzviskem memori\u00e1l Simony Karlovcov\u00e9. Nevidom\u00e1 d\u00edvka byla prvn\u00edm p\u0159ihl\u00e1\u0161en\u00fdm z\u00e1vodn\u00edkem prvn\u00edho ro\u010dn\u00edku, kv\u016fli zdravotn\u00edm probl\u00e9m\u016fm se ale z\u00e1vodu nikdy nez\u00fa\u010dastnila. K uct\u011bn\u00ed jej\u00ed pam\u00e1tky organiz\u00e1to\u0159i nevyd\u00e1vaj\u00ed startovn\u00ed \u010d\u00edslo 1.<\/p>\n\n\n\n<p>I letos dostane v\u00edt\u011bz z\u00e1vodu origin\u00e1ln\u00ed sklen\u011bnou trofej, kterou ka\u017edoro\u010dn\u011b vytvo\u0159\u00ed n\u011bkter\u00fd ze skl\u00e1\u0159sk\u00fdch v\u00fdtvarn\u00edk\u016f ze zdej\u0161\u00edho K\u0159i\u0161\u0165\u00e1lov\u00e9ho \u00fadol\u00ed. Letos ji navrhl skl\u00e1\u0159sk\u00fd v\u00fdtvarn\u00edk Ricardo Hoineff a p\u0159ipom\u00edn\u00e1 jeho psa. &#8222;Je to takov\u00fd m\u016fj st\u00edn. Kdo m\u00e1 psa, v\u00ed co to je, kdy\u017e chod\u00edte a m\u00e1te ho hned vedle sebe. Tak\u017ee t\u00edm p\u00e1dem automaticky vy\u0161el jeho obrys, jak sed\u00ed a poslouch\u00e1, nebo popravd\u011b \u0159e\u010deno \u017eebr\u00e1,&#8220; \u0159ekl dnes Hoineff novin\u00e1\u0159\u016fm.<\/p>\n\n\n\n<p><strong>Kon\u00e1 se i v Praze<\/strong> <\/p>\n\n\n\n<p><strong>V sobotu 7. \u010dervna 2025 se ve v\u00fdcvikov\u00e9m are\u00e1lu organizace Helppes v Praze 5 \u2013 Motole utkaj\u00ed lid\u00e9 s nejr\u016fzn\u011bj\u0161\u00edmi typy posti\u017een\u00ed se sv\u00fdmi perfektn\u011b vycvi\u010den\u00fdmi ps\u00edmi pomocn\u00edky o titul Mistra \u010cesk\u00e9 republiky ve v\u00fdkonu asisten\u010dn\u00edch a vod\u00edc\u00edch ps\u016f. Mistrovstv\u00ed je jedinou sout\u011b\u017e\u00ed tohoto druhu nejen v \u010cR, ale i na sv\u011bt\u011b. Na co se m\u016f\u017eete t\u011b\u0161it? Na chv\u00edle pln\u00e9 inspirace, dobr\u00e9 n\u00e1lady a pozitivn\u00ed energie!<\/strong><\/p>\n\n\n\n<p>Jako ka\u017ed\u00fd rok \u010dek\u00e1 sout\u011b\u017e\u00edc\u00ed \u0159ada discipl\u00edn, kter\u00e9 zohled\u0148uj\u00ed konkr\u00e9tn\u00ed typ posti\u017een\u00ed dr\u017eitel\u016f asisten\u010dn\u00edch a vod\u00edc\u00edch ps\u016f. Ps\u00ed pomocn\u00edci budou muset zdolat \u0159adu discipl\u00edn, kter\u00e9 odhal\u00ed m\u00edru jejich souhry s p\u00e1n\u00ed\u010dkem. Jejich v\u00fdkon budou hodnotit pro\u0161kolen\u00ed a nez\u00e1visl\u00ed rozhod\u010d\u00ed Klubu speci\u00e1ln\u00edho v\u00fdcviku \u010cKS.<\/p>\n\n\n\n<p>Sout\u011b\u017e se kon\u00e1 ve spolupr\u00e1ci s Klubem speci\u00e1ln\u00edho v\u00fdcviku \u010cesk\u00e9ho kynologick\u00e9ho svazu a pod z\u00e1\u0161titou m\u00edstostarosty M\u010c Prahy 5, JUDr. Petra Lachnita. Krom\u011b v\u00edt\u011bz\u016f v jednotliv\u00fdch kategori\u00edch bude vyhl\u00e1\u0161en i celkov\u00fd v\u00edt\u011bz Mistrovstv\u00ed \u010cR bez ohledu na kategorii a z\u00edsk\u00e1 titul super psa\u00a0\u2013 Mistra \u010cR pro rok 2025.<\/p>\n\n\n\n<p>P\u0159ij\u010fte se pobavit, str\u00e1vit \u010das v p\u0159\u00edjemn\u00e9 atmosf\u00e9\u0159e a podpo\u0159it v\u0161echny sout\u011b\u017e\u00edc\u00ed s jejich ps\u00edmi asistenty. Budeme se na v\u00e1s t\u011b\u0161it ve&nbsp;v\u00fdcvikov\u00e9m&nbsp;are\u00e1lu Helppes&nbsp;v Praze 5 \u2013 Motole. Sout\u011b\u017een\u00ed za\u010d\u00edn\u00e1 v 10 hodin a vyhl\u00e1\u0161en\u00ed v\u00edt\u011bz\u016f prob\u011bhne kolem 15 hodiny.<\/p>\n\n\n\n<p>P\u0159ij\u010fte se pod\u00edvat, co v\u0161echno ps\u00ed pomocn\u00edci a jejich dr\u017eitel\u00e9 spole\u010dn\u00fdmi silami dok\u00e1\u017eou.<\/p>\n\n\n\n<p><strong>Kdy?<\/strong><\/p>\n\n\n\n<p>Sobota 7. \u010dervna 2025 od 10:00 hodin<\/p>\n\n\n\n<p><strong>Kde?<\/strong><\/p>\n\n\n\n<p>V\u00fdcvikov\u00fd are\u00e1l ps\u016f Helppes, Praha 5 \u2013 Motol, Plze\u0148sk\u00e1 ulice \u2013 zast\u00e1vka tramvaj\u00ed Hotel Golf, vchod do are\u00e1lu 10 metr\u016f od tramvajov\u00e9 zast\u00e1vky<\/p>\n\n\n\n<p>P\u0159ij\u00edt m\u016f\u017eete i v&nbsp;doprovodu sv\u00e9ho ps\u00edho kamar\u00e1da. Ten v\u0161ak mus\u00ed m\u00edt platn\u00fd o\u010dkovac\u00ed pr\u016fkaz nebo mezin\u00e1rodn\u00ed pas psa (platn\u00fd znamen\u00e1, \u017ee nem\u00e1te \u017e\u00e1dn\u00e9 propadl\u00e9 o\u010dkov\u00e1n\u00ed, zejm. proti vzteklin\u011b), aby mohl b\u00fdt do are\u00e1lu vpu\u0161t\u011bn.<a href=\"https:\/\/www.tyden.cz\/cesta-k-dostavbe-dukovan-je-otevrena-soud-zrusil-zakaz-podpisu-dohody\"><\/a><\/p>\n\n\n\n<h3 class=\"wp-block-heading\"><a href=\"https:\/\/www.tyden.cz\/snemovna-odmitla-senatni-verzi-zakazu-porizovani-tlumicu-pro-pistole-a-revolvery\"><\/a><\/h3>\n\n\n\n<h3 class=\"wp-block-heading\"><a href=\"https:\/\/www.tyden.cz\/lobbovani-ziska-zakonna-pravidla-prezident-pavel-predlohu-podepsal\"><\/a><\/h3>\n\n\n\n<h3 class=\"wp-block-heading\"><\/h3>\n","protected":false},"excerpt":{"rendered":"<div class=\"mh-excerpt\"><p>V Liberci bude v sobotu mistrovstv\u00ed \u010cesk\u00e9 republiky vod\u00edc\u00edch ps\u016f. Vod\u00edc\u00ed psi&nbsp;nevidom\u00fdch&nbsp;v Liberci v sobotu p\u0159edvedou sv\u00e9 dovednosti na mistrovstv\u00ed \u010cesk\u00e9 republiky &#8211; Memori\u00e1lu Simony <a class=\"mh-excerpt-more\" href=\"https:\/\/www.invarena.cz\/?p=58000\" title=\"V sobotu bude mistrovstv\u00ed \u010cR vod\u00edc\u00edch ps\u016f v Liberci i v Praze\">[&#8230;]<\/a><\/p>\n<\/div>","protected":false},"author":1,"featured_media":14242,"comment_status":"open","ping_status":"closed","sticky":false,"template":"","format":"standard","meta":{"footnotes":""},"categories":[9],"tags":[],"class_list":["post-58000","post","type-post","status-publish","format-standard","has-post-thumbnail","hentry","category-zpravy"],"_links":{"self":[{"href":"https:\/\/www.invarena.cz\/index.php?rest_route=\/wp\/v2\/posts\/58000","targetHints":{"allow":["GET"]}}],"collection":[{"href":"https:\/\/www.invarena.cz\/index.php?rest_route=\/wp\/v2\/posts"}],"about":[{"href":"https:\/\/www.invarena.cz\/index.php?rest_route=\/wp\/v2\/types\/post"}],"author":[{"embeddable":true,"href":"https:\/\/www.invarena.cz\/index.php?rest_route=\/wp\/v2\/users\/1"}],"replies":[{"embeddable":true,"href":"https:\/\/www.invarena.cz\/index.php?rest_route=%2Fwp%2Fv2%2Fcomments&post=58000"}],"version-history":[{"count":0,"href":"https:\/\/www.invarena.cz\/index.php?rest_route=\/wp\/v2\/posts\/58000\/revisions"}],"wp:featuredmedia":[{"embeddable":true,"href":"https:\/\/www.invarena.cz\/index.php?rest_route=\/wp\/v2\/media\/14242"}],"wp:attachment":[{"href":"https:\/\/www.invarena.cz\/index.php?rest_route=%2Fwp%2Fv2%2Fmedia&parent=58000"}],"wp:term":[{"taxonomy":"category","embeddable":true,"href":"https:\/\/www.invarena.cz\/index.php?rest_route=%2Fwp%2Fv2%2Fcategories&post=58000"},{"taxonomy":"post_tag","embeddable":true,"href":"https:\/\/www.invarena.cz\/index.php?rest_route=%2Fwp%2Fv2%2Ftags&post=58000"}],"curies":[{"name":"wp","href":"https:\/\/api.w.org\/{rel}","templated":true}]}}