{"id":58014,"date":"2025-06-04T15:02:48","date_gmt":"2025-06-04T13:02:48","guid":{"rendered":"https:\/\/www.invarena.cz\/?p=58014"},"modified":"2025-06-04T15:02:49","modified_gmt":"2025-06-04T13:02:49","slug":"interna-v-jilemnicke-nemocnici-omezuje-provoz","status":"publish","type":"post","link":"https:\/\/www.invarena.cz\/?p=58014","title":{"rendered":"Interna v jilemnick\u00e9 nemocnici omezuje provoz"},"content":{"rendered":"\n<p><\/p>\n\n\n\n<p>\u010cT 1 <\/p>\n\n\n\n<p>Dal\u0161\u00ed nemocnice ode dne\u0161ka omezila provoz kv\u016fli nedostatku\u00a0<strong>l\u00e9ka\u0159\u016f<\/strong>, konkr\u00e9tn\u011b jde o intern\u00ed odd\u011blen\u00ed v podkrkono\u0161sk\u00e9 Jilemnici, dokto\u0159i odtamtud opakovan\u011b odch\u00e1zej\u00ed do v\u011bt\u0161\u00edch nemocnic s u\u017e\u0161\u00edmi specializacemi, zat\u00edmco v men\u0161\u00edch nemocnic\u00edch, jako je pr\u00e1v\u011b ta jilemnick\u00e1, mus\u00ed obs\u00e1hnout v\u011bt\u0161\u00ed spektrum intern\u00edch obor\u016f, v d\u016fsledku \u010deho\u017e maj\u00ed v\u00edc pr\u00e1ce. Na druhou stranu podobn\u00fd probl\u00e9m mus\u00ed \u0159e\u0161it taky v nemocnici v \u010dty\u0159icetitis\u00edcov\u00e9 \u010cesk\u00e9 L\u00edp\u011b, ta pat\u0159\u00ed pod spr\u00e1vu Libereck\u00e9ho kraje, kter\u00fd situaci \u0159e\u0161\u00ed spojen\u00edm \u010deskolipsk\u00e9 nemocnice s krajskou libereckou.<\/p>\n\n\n\n<p>redaktorka<br \/>&#8212;&#8212;&#8212;&#8212;&#8212;&#8212;&#8211;<br \/>Internista Jan Jedli\u010dka si vybral jilemnickou nemocnici p\u0159ed 5 lety. O odchodu z odd\u011blen\u00ed neuva\u017euje.<\/p>\n\n\n\n<p>Jan Jedli\u010dka, internista, Nemocnice Jilemnice<br \/>&#8212;&#8212;&#8212;&#8212;&#8212;&#8212;&#8211;<br \/>V tuto chv\u00edli jsem po\u0159\u00e1d rozhodnut\u00fd u v\u0161eobecn\u00e9 intern\u00ed medic\u00edny setrvat. Mysl\u00edm si, \u017ee tahle ta cesta m\u00e1 smysl, obzvl\u00e1\u0161\u0165 v perifern\u00edch nemocnic\u00edch.<\/p>\n\n\n\n<p>Barbora Siln\u00e1, redaktorka<br \/>&#8212;&#8212;&#8212;&#8212;&#8212;&#8212;&#8211;<br \/>Jen\u017ee pr\u00e1v\u011b to klade na&nbsp;<strong>l\u00e9ka\u0159e<\/strong>&nbsp;vysok\u00e9 n\u00e1roky i zodpov\u011bdnost, o\u0161et\u0159uj\u00ed toti\u017e podstatn\u011b \u0161ir\u0161\u00ed spektrum pacient\u016f a nemaj\u00ed k dispozici vy\u0161\u0161\u00ed specializovan\u00e1 pracovi\u0161t\u011b, i proto z 12 internist\u016f, kte\u0159\u00ed na odd\u011blen\u00ed pracovali je\u0161t\u011b na p\u0159elomu roku, jich dnes z\u016fstalo 7.<\/p>\n\n\n\n<p>Ji\u0159\u00ed Kalensk\u00fd, \u0159editel Nemocnice Jilemnice<br \/>&#8212;&#8212;&#8212;&#8212;&#8212;&#8212;&#8211;<br \/>Odch\u00e1zeli, \u0159eknu, na pracovi\u0161t\u011b, kter\u00e1 jsou m\u00e9n\u011b n\u00e1ro\u010dn\u011bj\u0161\u00ed, ne\u017e ta interna jako takov\u00e1.<\/p>\n\n\n\n<p>Barbora Siln\u00e1, redaktorka<br \/>&#8212;&#8212;&#8212;&#8212;&#8212;&#8212;&#8211;<br \/>Nemocnice proto ode dne\u0161ka sn\u00ed\u017eila po\u010det intern\u00edch l\u016f\u017eek z 35 na 15. Aby mohla znovu p\u0159ij\u00edmat pacienty na v\u0161echna l\u016f\u017eka, pot\u0159ebuje&nbsp;<strong>l\u00e9ka\u0159e<\/strong>. Ti ale na trhu nejsou.<\/p>\n\n\n\n<p>Ji\u0159\u00ed Kalensk\u00fd, \u0159editel Nemocnice Jilemnice<br \/>&#8212;&#8212;&#8212;&#8212;&#8212;&#8212;&#8211;<br \/>Nab\u00edz\u00edme rodinn\u00fd d\u016fm, nab\u00edz\u00edme 250 000 m\u011bs\u00ed\u010dn\u011b, nab\u00edz\u00edme milionov\u00e9 n\u00e1borov\u00e9 p\u0159\u00edplatky a p\u0159esto v podstat\u011b nikomu se do takov\u00fdho okresn\u00edho \u0161pit\u00e1lu nechce.<\/p>\n\n\n\n<p>Barbora Siln\u00e1, redaktorka<br \/>&#8212;&#8212;&#8212;&#8212;&#8212;&#8212;&#8211;<br \/>S podobn\u00fdm probl\u00e9mem se pot\u00fdkaj\u00ed tak\u00e9 na opa\u010dn\u00e9m konci kraje v \u010cesk\u00e9 L\u00edp\u011b, i tam&nbsp;<strong>l\u00e9ka\u0159i<\/strong>&nbsp;chyb\u00ed.<\/p>\n\n\n\n<p>Ji\u0159\u00ed Nov\u00e1\u010dek, l\u00e9ka\u0159sk\u00fd \u0159editel Nemocnice s poliklinikou \u010cesk\u00e1 L\u00edpa \/28. 5. 2025\/<br \/>&#8212;&#8212;&#8212;&#8212;&#8212;&#8212;&#8211;<br \/>Z hlediska person\u00e1ln\u00edho je to fakt t\u011b\u017ek\u00fd.<\/p>\n\n\n\n<p>Tom\u00e1\u0161 Roub\u00ed\u010dek, l\u00e9ka\u0159sk\u00fd \u0159editel, m\u00edstop\u0159edseda p\u0159edstavenstva \/28. 5. 2025\/<br \/>&#8212;&#8212;&#8212;&#8212;&#8212;&#8212;&#8211;<br \/>Men\u0161\u00ed nemocnice maj\u00ed objektivn\u011b hor\u0161\u00ed parametry, co se t\u00fdk\u00e1 mo\u017enosti poskytov\u00e1n\u00ed p\u00e9\u010de a nejedn\u00e1 se pouze o nutnost dodr\u017eov\u00e1n\u00ed z\u00e1kon\u00edku pr\u00e1ce, ni\u017e\u0161\u00edch \u00fahrad, kvalifikaci&nbsp;<strong>l\u00e9ka\u0159\u016f<\/strong>, akreditaci jednotliv\u00fdch pracovi\u0161\u0165.<\/p>\n\n\n\n<p>Barbora Siln\u00e1, redaktorka<br \/>&#8212;&#8212;&#8212;&#8212;&#8212;&#8212;&#8211;<br \/>I proto za\u010dal Libereck\u00fd kraj p\u0159ipravovat f\u00fazi sv\u00fdch dvou nemocnic, kde je v\u011bt\u0161inov\u00fdm vlastn\u00edkem, libereck\u00e9 a \u010deskolipsk\u00e9. O to, \u017ee by se k f\u00fazi p\u0159ipojila i ta jilemnick\u00e1, by museli po\u017e\u00e1dat majoritn\u00ed vlastn\u00edci, tedy m\u011bsta Jilemnice a Semily. <\/p>\n","protected":false},"excerpt":{"rendered":"<div class=\"mh-excerpt\"><p>\u010cT 1 Dal\u0161\u00ed nemocnice ode dne\u0161ka omezila provoz kv\u016fli nedostatku\u00a0l\u00e9ka\u0159\u016f, konkr\u00e9tn\u011b jde o intern\u00ed odd\u011blen\u00ed v podkrkono\u0161sk\u00e9 Jilemnici, dokto\u0159i odtamtud opakovan\u011b odch\u00e1zej\u00ed do v\u011bt\u0161\u00edch nemocnic <a class=\"mh-excerpt-more\" href=\"https:\/\/www.invarena.cz\/?p=58014\" title=\"Interna v jilemnick\u00e9 nemocnici omezuje provoz\">[&#8230;]<\/a><\/p>\n<\/div>","protected":false},"author":1,"featured_media":15438,"comment_status":"open","ping_status":"closed","sticky":false,"template":"","format":"standard","meta":{"footnotes":""},"categories":[9],"tags":[],"class_list":["post-58014","post","type-post","status-publish","format-standard","has-post-thumbnail","hentry","category-zpravy"],"_links":{"self":[{"href":"https:\/\/www.invarena.cz\/index.php?rest_route=\/wp\/v2\/posts\/58014","targetHints":{"allow":["GET"]}}],"collection":[{"href":"https:\/\/www.invarena.cz\/index.php?rest_route=\/wp\/v2\/posts"}],"about":[{"href":"https:\/\/www.invarena.cz\/index.php?rest_route=\/wp\/v2\/types\/post"}],"author":[{"embeddable":true,"href":"https:\/\/www.invarena.cz\/index.php?rest_route=\/wp\/v2\/users\/1"}],"replies":[{"embeddable":true,"href":"https:\/\/www.invarena.cz\/index.php?rest_route=%2Fwp%2Fv2%2Fcomments&post=58014"}],"version-history":[{"count":0,"href":"https:\/\/www.invarena.cz\/index.php?rest_route=\/wp\/v2\/posts\/58014\/revisions"}],"wp:featuredmedia":[{"embeddable":true,"href":"https:\/\/www.invarena.cz\/index.php?rest_route=\/wp\/v2\/media\/15438"}],"wp:attachment":[{"href":"https:\/\/www.invarena.cz\/index.php?rest_route=%2Fwp%2Fv2%2Fmedia&parent=58014"}],"wp:term":[{"taxonomy":"category","embeddable":true,"href":"https:\/\/www.invarena.cz\/index.php?rest_route=%2Fwp%2Fv2%2Fcategories&post=58014"},{"taxonomy":"post_tag","embeddable":true,"href":"https:\/\/www.invarena.cz\/index.php?rest_route=%2Fwp%2Fv2%2Ftags&post=58014"}],"curies":[{"name":"wp","href":"https:\/\/api.w.org\/{rel}","templated":true}]}}