{"id":58063,"date":"2025-06-06T06:03:32","date_gmt":"2025-06-06T04:03:32","guid":{"rendered":"https:\/\/www.invarena.cz\/?p=58063"},"modified":"2025-06-06T06:03:41","modified_gmt":"2025-06-06T04:03:41","slug":"k-lecbe-depresi-se-budou-brzy-vyuzivat-halucinogeny-z-houbicek-lekari-hovori-o-prulomu","status":"publish","type":"post","link":"https:\/\/www.invarena.cz\/?p=58063","title":{"rendered":"K l\u00e9\u010db\u011b depres\u00ed se budou brzy vyu\u017e\u00edvat halucinogeny z houbi\u010dek. L\u00e9ka\u0159i hovo\u0159\u00ed o pr\u016flomu"},"content":{"rendered":"\n<p>Prima &#8211; Hlavn\u00ed zpr\u00e1vy<\/p>\n\n\n\n<p>Psilocybin k l\u00e9\u010db\u011b depres\u00ed? Deprese a \u00fazkosti by mohly vy\u0159e\u0161it magick\u00e9 houbi\u010dky. Poslaneck\u00e1 sn\u011bmovna schv\u00e1lila n\u00e1vrh z\u00e1kona, kter\u00fd umo\u017en\u00ed pou\u017e\u00edvat psilocybin p\u0159i terapi\u00edch.<\/p>\n\n\n\n<p>Podle psychiatr\u016f by pou\u017eit\u00ed psilocybinu mohlo znamenat velk\u00fd pr\u016flom v l\u00e9\u010db\u011b du\u0161evn\u00edch&nbsp;<strong>onemocn\u011bn\u00ed<\/strong>. Nicm\u00e9n\u011b zd\u016fraz\u0148uj\u00ed, \u017ee tato terapie je vhodn\u00e1 pouze pro malou skupinu pacient\u016f a mus\u00ed prob\u00edhat pod p\u0159\u00edsn\u00fdm l\u00e9ka\u0159sk\u00fdm dohledem.<\/p>\n\n\n\n<p>Psilocybin je obsa\u017een\u00fd v r\u016fzn\u00fdch druz\u00edch hub, p\u0159i\u010dem\u017e nejzn\u00e1m\u011bj\u0161\u00ed jsou lysohl\u00e1vky. Ty jsou pak ve\u0159ejnosti \u0161iroce zn\u00e1m\u00e9 jako halucinogenn\u00ed drogy. Pro pacienty s t\u011b\u017ekou depres\u00ed v\u0161ak tato l\u00e1tka u\u017e\u00edvan\u00e1 pod odborn\u00fdm dohledem m\u016f\u017ee m\u00edt l\u00e9\u010div\u00e9 \u00fa\u010dinky.<\/p>\n\n\n\n<p>Dagmar Stoszkov\u00e1, l\u00e9ka\u0159ka, Psychiatrick\u00e1 nemocnice Bohnice<br \/>&#8212;&#8212;&#8212;&#8212;&#8212;&#8212;&#8211;<br \/>M\u011bn\u00ed to my\u0161len\u00ed, vn\u00edm\u00e1n\u00ed, m\u011bn\u00ed n\u00e1ladu, m\u011bn\u00ed emoce a zp\u016fsobuje opravdu neuroplasticitu v tom mozku, tak\u017ee vid\u00edme i dobrou reakci p\u0159i l\u00e9\u010db\u011b t\u011bch rezistentn\u00edch depres\u00ed, kter\u00fd t\u0159eba nereaguj\u00ed na norm\u00e1ln\u00ed antidepresiva.<\/p>\n\n\n\n<p> redaktorka<br \/>&#8212;&#8212;&#8212;&#8212;&#8212;&#8212;&#8211;<br \/>P\u016fsoben\u00ed halucinogen\u016f a antidepresiv se li\u0161\u00ed zejm\u00e9na v rychlosti n\u00e1stupu \u00fa\u010dinku. Pln\u00e9 p\u016fsoben\u00ed antidepresiv se dostav\u00ed zhruba za \u0161est t\u00fddn\u016f, zat\u00edmco \u00fa\u010dinek psilocybinu u\u017e za p\u016fl hodiny.<\/p>\n\n\n\n<p>Ji\u0159\u00ed Hor\u00e1\u010dek, vedouc\u00ed v\u00fdzkumn\u00e9ho centra, N\u00e1rodn\u00ed \u00fastav du\u0161evn\u00edho zdrav\u00ed v Klecanech<br \/>&#8212;&#8212;&#8212;&#8212;&#8212;&#8212;&#8211;<br \/>Ten antidepresivn\u00ed efekt v p\u0159\u00edpad\u011b psilocybinu trv\u00e1 2 a\u017e 3 m\u011bs\u00edce.<\/p>\n\n\n\n<p>redaktorka<br \/>&#8212;&#8212;&#8212;&#8212;&#8212;&#8212;&#8211;<br \/>Po jeho po\u017eit\u00ed str\u00e1v\u00ed pacient zhruba \u0161est hodin ve zm\u011bn\u011bn\u00e9m stavu v\u011bdom\u00ed. Bude-li jeho terapeutick\u00e9 pou\u017eit\u00ed schv\u00e1leno, tento z\u00e1\u017eitek by v\u017edy prob\u00edhal pod p\u0159\u00edsn\u00fdm l\u00e9ka\u0159sk\u00fdm dohledem.<\/p>\n\n\n\n<p>Tom\u00e1\u0161 P\u00e1len\u00ed\u010dek, vedouc\u00ed v\u00fdzkumn\u00e9ho centra, N\u00e1rodn\u00ed \u00fastav du\u0161evn\u00edho zdrav\u00ed v Klecanech<br \/>&#8212;&#8212;&#8212;&#8212;&#8212;&#8212;&#8211;<br \/>Mohou za\u017e\u00edvat pro\u017eitky, kter\u00e9 jsou skute\u010dn\u011b t\u011b\u017eko popsateln\u00e9, mohou zn\u00edt bizarn\u011b, jako je pro\u017eitek bez\u010das\u00ed nebo pochopen\u00ed vesm\u00edru. N\u011bkdy se popisuj\u00ed pro\u017eitky bl\u00edzk\u00e9 smrti. Ale jsou-li v tom terapeutick\u00e9m kontextu, tak se s nimi d\u00e1 dob\u0159e pracovat.<\/p>\n\n\n\n<p> redaktorka<br \/>&#8212;&#8212;&#8212;&#8212;&#8212;&#8212;&#8211;<br \/>Psilocybin nen\u00ed toxick\u00fd, tak\u017ee nezp\u016fsobuje po\u0161kozen\u00ed \u017e\u00e1dn\u00e9ho org\u00e1nu a ani nenavozuje z\u00e1vislost. P\u0159esto je v nel\u00e9ka\u0159sk\u00e9m u\u017eit\u00ed velmi nebezpe\u010dn\u00fd.<\/p>\n\n\n\n<p>Dagmar Stoszkov\u00e1, l\u00e9ka\u0159ka, Psychiatrick\u00e1 nemocnice Bohnice<br \/>&#8212;&#8212;&#8212;&#8212;&#8212;&#8212;&#8211;<br \/>Z toho m\u016f\u017ee b\u00fdt n\u011bjak\u00fd trauma, co\u017e tomu \u0159\u00edk\u00e1me bad trip, kdy\u017e to lidi t\u0159eba u\u017e\u00edvaj\u00ed doma na p\u00e1rty, tak opravdu ten mozek se m\u016f\u017ee dostat do n\u011bjak\u00fdch \u0161patn\u00fdch du\u0161evn\u00edch stav\u016f.<\/p>\n\n\n\n<p>redaktorka<br \/>&#8212;&#8212;&#8212;&#8212;&#8212;&#8212;&#8211;<br \/>Aby z\u00e1kon vstoupil v platnost, mus\u00ed ho je\u0161t\u011b schv\u00e1lit Sen\u00e1t a podepsat prezident. Pokud se tak stane, \u010cesko se p\u0159ipoj\u00ed k hrstce st\u00e1t\u016f, jako je Austr\u00e1lie, Kanada, americk\u00e9 st\u00e1ty Oregon nebo Colorado, kde terapeutick\u00e9 vyu\u017eit\u00ed psilocybinu je povolen\u00e9. <\/p>\n\n\n\n<p>CNN Prima News<\/p>\n","protected":false},"excerpt":{"rendered":"<div class=\"mh-excerpt\"><p>Prima &#8211; Hlavn\u00ed zpr\u00e1vy Psilocybin k l\u00e9\u010db\u011b depres\u00ed? Deprese a \u00fazkosti by mohly vy\u0159e\u0161it magick\u00e9 houbi\u010dky. Poslaneck\u00e1 sn\u011bmovna schv\u00e1lila n\u00e1vrh z\u00e1kona, kter\u00fd umo\u017en\u00ed pou\u017e\u00edvat psilocybin <a class=\"mh-excerpt-more\" href=\"https:\/\/www.invarena.cz\/?p=58063\" title=\"K l\u00e9\u010db\u011b depres\u00ed se budou brzy vyu\u017e\u00edvat halucinogeny z houbi\u010dek. L\u00e9ka\u0159i hovo\u0159\u00ed o pr\u016flomu\">[&#8230;]<\/a><\/p>\n<\/div>","protected":false},"author":1,"featured_media":58134,"comment_status":"open","ping_status":"closed","sticky":false,"template":"","format":"standard","meta":{"footnotes":""},"categories":[11],"tags":[],"class_list":["post-58063","post","type-post","status-publish","format-standard","has-post-thumbnail","hentry","category-zdravi"],"_links":{"self":[{"href":"https:\/\/www.invarena.cz\/index.php?rest_route=\/wp\/v2\/posts\/58063","targetHints":{"allow":["GET"]}}],"collection":[{"href":"https:\/\/www.invarena.cz\/index.php?rest_route=\/wp\/v2\/posts"}],"about":[{"href":"https:\/\/www.invarena.cz\/index.php?rest_route=\/wp\/v2\/types\/post"}],"author":[{"embeddable":true,"href":"https:\/\/www.invarena.cz\/index.php?rest_route=\/wp\/v2\/users\/1"}],"replies":[{"embeddable":true,"href":"https:\/\/www.invarena.cz\/index.php?rest_route=%2Fwp%2Fv2%2Fcomments&post=58063"}],"version-history":[{"count":0,"href":"https:\/\/www.invarena.cz\/index.php?rest_route=\/wp\/v2\/posts\/58063\/revisions"}],"wp:featuredmedia":[{"embeddable":true,"href":"https:\/\/www.invarena.cz\/index.php?rest_route=\/wp\/v2\/media\/58134"}],"wp:attachment":[{"href":"https:\/\/www.invarena.cz\/index.php?rest_route=%2Fwp%2Fv2%2Fmedia&parent=58063"}],"wp:term":[{"taxonomy":"category","embeddable":true,"href":"https:\/\/www.invarena.cz\/index.php?rest_route=%2Fwp%2Fv2%2Fcategories&post=58063"},{"taxonomy":"post_tag","embeddable":true,"href":"https:\/\/www.invarena.cz\/index.php?rest_route=%2Fwp%2Fv2%2Ftags&post=58063"}],"curies":[{"name":"wp","href":"https:\/\/api.w.org\/{rel}","templated":true}]}}