{"id":58196,"date":"2025-06-20T05:16:58","date_gmt":"2025-06-20T03:16:58","guid":{"rendered":"https:\/\/www.invarena.cz\/?p=58196"},"modified":"2025-06-20T05:18:06","modified_gmt":"2025-06-20T03:18:06","slug":"od-16-cervna-lze-zadat-o-obedy-zdarma-pro-skolaky","status":"publish","type":"post","link":"https:\/\/www.invarena.cz\/?p=58196","title":{"rendered":"Od 16. \u010dervna lze \u017e\u00e1dat o ob\u011bdy zdarma pro \u0161kol\u00e1ky"},"content":{"rendered":"\n<p><\/p>\n\n\n\n<p>Ve \u0161koln\u00edch j\u00eddeln\u00e1ch v Moravskoslezsk\u00e9m kraji jed\u00ed znev\u00fdhodn\u011bn\u00e9 d\u011bti zdarma u\u017e osm let. I letos byl p\u0159ipraven projekt Ob\u011bdy do \u0161kol, kter\u00fd \u010derp\u00e1 49 milion\u016f korun.<\/p>\n\n\n\n<p>&#8222;Moravskoslezsk\u00fd kraj vyhl\u00e1sil pokra\u010dov\u00e1n\u00ed programu Ob\u011bdy do \u0161kol. Pro \u0161koln\u00ed rok 2025\/2026 je vy\u010dlen\u011bno 49 milion\u016f korun. P\u0159\u00edjem \u017e\u00e1dost\u00ed spust\u00edme 16. \u010dervna a potrv\u00e1 do 30. z\u00e1\u0159\u00ed,&#8220; uvedla mluv\u010d\u00ed hejtmanstv\u00ed Nikola Birklenov\u00e1.<\/p>\n\n\n\n<p>V j\u00eddeln\u00e1ch tak mohou d\u00edky dota\u010dn\u00ed podpo\u0159e j\u00edst d\u011bti z mate\u0159sk\u00fdch, z\u00e1kladn\u00edch i st\u0159edn\u00edch \u0161kol, jejich\u017e rodi\u010de pob\u00edraj\u00ed p\u0159\u00edsp\u011bvek na d\u00edt\u011b, humanit\u00e1rn\u00ed\u00a0<strong>d\u00e1vky<\/strong>\u00a0nebo d\u011bti, kter\u00e9 doporu\u010d\u00ed \u0159editel \u0161koly \u010di soci\u00e1ln\u00ed pracovn\u00edk. O pen\u00edze z projektu, jen\u017e kraj dotuje desetinou z celkov\u00e9 \u010d\u00e1stky. \u017e\u00e1daj\u00ed \u0161koly.<\/p>\n\n\n\n<p>&#8222;V aktu\u00e1ln\u00edm \u0161koln\u00edm roce je zapojeno 163 \u0161kol, po\u017e\u00e1daly o 58 milion\u016f korun. V p\u0159edchoz\u00edm \u0161koln\u00edm roce jich bylo 104. Po\u010dty d\u011bt\u00ed budeme zn\u00e1t a\u017e po vy\u00fa\u010dtov\u00e1n\u00ed po pr\u00e1zdnin\u00e1ch. Odhadem by to mohlo b\u00fdt 3 900 d\u011bt\u00ed,&#8220; dodala Birklenov\u00e1.<\/p>\n\n\n\n<p>Jedn\u00e1 se zejm\u00e9na o \u017e\u00e1ky z\u00e1kladn\u00edch \u0161kol, kam chod\u00ed vysok\u00e9 procento znev\u00fdhodn\u011bn\u00fdch. Ob\u011bdy zdarma tak mnohde odeb\u00edraj\u00ed a\u017e t\u0159i \u010dtvrtiny \u017e\u00e1k\u016f \u0161koly. P\u0159itom to je \u010dasto jejich jedin\u00e9 tepl\u00e9 a kvalitn\u00ed j\u00eddlo za den. <\/p>\n\n\n\n<p>Na st\u0159edn\u00edch \u0161kol\u00e1ch je v\u0161ak d\u011bt\u00ed ze znev\u00fdhodn\u011bn\u00fdch rodin podstatn\u011b m\u00e9n\u011b. Podporu \u010derpaj\u00ed jen jednotlivci. <\/p>\n\n\n\n<p>&#8220; V \u010derp\u00e1n\u00ed financ\u00ed na ob\u011bdy pro d\u011bti ohro\u017een\u00e9 chudobou je moravskoslezsk\u00fd region v republice l\u00eddrem. &#8222;\u010cerp\u00e1 nejvy\u0161\u0161\u00ed objem financ\u00ed ze v\u0161ech kraj\u016f,&#8220; potvrdil Jakub Augusta z ministerstva pr\u00e1ce a soci\u00e1ln\u00edch v\u011bc\u00ed. <\/p>\n\n\n\n<p><\/p>\n","protected":false},"excerpt":{"rendered":"<div class=\"mh-excerpt\"><p>Ve \u0161koln\u00edch j\u00eddeln\u00e1ch v Moravskoslezsk\u00e9m kraji jed\u00ed znev\u00fdhodn\u011bn\u00e9 d\u011bti zdarma u\u017e osm let. I letos byl p\u0159ipraven projekt Ob\u011bdy do \u0161kol, kter\u00fd \u010derp\u00e1 49 milion\u016f <a class=\"mh-excerpt-more\" href=\"https:\/\/www.invarena.cz\/?p=58196\" title=\"Od 16. \u010dervna lze \u017e\u00e1dat o ob\u011bdy zdarma pro \u0161kol\u00e1ky\">[&#8230;]<\/a><\/p>\n<\/div>","protected":false},"author":1,"featured_media":13449,"comment_status":"open","ping_status":"closed","sticky":false,"template":"","format":"standard","meta":{"footnotes":""},"categories":[7],"tags":[],"class_list":["post-58196","post","type-post","status-publish","format-standard","has-post-thumbnail","hentry","category-spolecnost"],"_links":{"self":[{"href":"https:\/\/www.invarena.cz\/index.php?rest_route=\/wp\/v2\/posts\/58196","targetHints":{"allow":["GET"]}}],"collection":[{"href":"https:\/\/www.invarena.cz\/index.php?rest_route=\/wp\/v2\/posts"}],"about":[{"href":"https:\/\/www.invarena.cz\/index.php?rest_route=\/wp\/v2\/types\/post"}],"author":[{"embeddable":true,"href":"https:\/\/www.invarena.cz\/index.php?rest_route=\/wp\/v2\/users\/1"}],"replies":[{"embeddable":true,"href":"https:\/\/www.invarena.cz\/index.php?rest_route=%2Fwp%2Fv2%2Fcomments&post=58196"}],"version-history":[{"count":0,"href":"https:\/\/www.invarena.cz\/index.php?rest_route=\/wp\/v2\/posts\/58196\/revisions"}],"wp:featuredmedia":[{"embeddable":true,"href":"https:\/\/www.invarena.cz\/index.php?rest_route=\/wp\/v2\/media\/13449"}],"wp:attachment":[{"href":"https:\/\/www.invarena.cz\/index.php?rest_route=%2Fwp%2Fv2%2Fmedia&parent=58196"}],"wp:term":[{"taxonomy":"category","embeddable":true,"href":"https:\/\/www.invarena.cz\/index.php?rest_route=%2Fwp%2Fv2%2Fcategories&post=58196"},{"taxonomy":"post_tag","embeddable":true,"href":"https:\/\/www.invarena.cz\/index.php?rest_route=%2Fwp%2Fv2%2Ftags&post=58196"}],"curies":[{"name":"wp","href":"https:\/\/api.w.org\/{rel}","templated":true}]}}