{"id":58261,"date":"2025-06-09T09:17:21","date_gmt":"2025-06-09T07:17:21","guid":{"rendered":"https:\/\/www.invarena.cz\/?p=58261"},"modified":"2025-06-09T09:17:59","modified_gmt":"2025-06-09T07:17:59","slug":"uredni-zmena-pohlavi","status":"publish","type":"post","link":"https:\/\/www.invarena.cz\/?p=58261","title":{"rendered":"\u00da\u0159edn\u00ed zm\u011bna pohlav\u00ed bude od \u010dervence"},"content":{"rendered":"\n<p>\u010cT 1 &#8211; Ud\u00e1losti<\/p>\n\n\n\n<p>Stovky lid\u00ed v nejistot\u011b. Za necel\u00fd m\u011bs\u00edc p\u0159estane platit povinnost podstoupit kastraci p\u0159i \u00fa\u0159edn\u00ed zm\u011bn\u011b pohlav\u00ed. Jen\u017ee nov\u00e1 \u00faprava z\u00e1kona chyb\u00ed a schv\u00e1lit u\u017e se ani nestihne. Ministerstva zdravotnictv\u00ed a vnitra p\u0159ipravuj\u00ed aspo\u0148 metodiku pro \u00fa\u0159edn\u00edky, jak od \u010dervence postupovat. Za posledn\u00edch p\u011bt let podalo \u017e\u00e1dost o zm\u011bnu pohlav\u00ed p\u0159es 1000 lid\u00ed.<\/p>\n\n\n\n<p>Pracuje jako softwarov\u00e1 v\u00fdvoj\u00e1\u0159ka, sama se naz\u00fdv\u00e1 aktivistkou a hlavn\u011b \u017eenou. S tranzic\u00ed za\u010dala v 38 letech. Jak\u00fdch je t\u011bch \u0161est let.<\/p>\n\n\n\n<p>Lenka Kr\u00e1lov\u00e1, aktivistka<br \/>&#8212;&#8212;&#8212;&#8212;&#8212;&#8212;&#8211;<br \/>J\u00e1 \u017eiju \u017eivotem, \u017ee jsem sama sebou, jsem spokojen\u00e1, \u0161\u0165astn\u00e1.<\/p>\n\n\n\n<p>, redaktorka \u010cT<br \/>&#8212;&#8212;&#8212;&#8212;&#8212;&#8212;&#8211;<br \/>V ob\u010dansk\u00e9m pr\u016fkaze m\u00e1 po\u0159\u00e1d p\u00edsmeno M a sv\u00e9 mu\u017esk\u00e9 jm\u00e9no, povinnou kastraci, kter\u00e1 je doposud nutn\u00e1 pro \u00fa\u0159edn\u00ed zm\u011bnu pohlav\u00ed, odm\u00edt\u00e1.<\/p>\n\n\n\n<p>Lenka Kr\u00e1lov\u00e1, aktivistka<br \/>&#8212;&#8212;&#8212;&#8212;&#8212;&#8212;&#8211;<br \/>Nikdy jsem nebyla v nark\u00f3ze, nikdy jsem nebyla n\u011bjak v\u00e1\u017en\u011b nemocn\u00e1 a m\u00e1m prost\u011b p\u0159irozenou lidskou obavu do n\u011b\u010deho takov\u00e9ho j\u00edt.<\/p>\n\n\n\n<p>, redaktorka \u010cT<br \/>&#8212;&#8212;&#8212;&#8212;&#8212;&#8212;&#8211;<br \/>Jakmile tato povinnost 1. \u010dervence skon\u010d\u00ed, o zm\u011bnu si za\u017e\u00e1d\u00e1. V\u011b\u0159\u00ed, \u017ee v\u0161echny po\u017eadavky spln\u00ed.<\/p>\n\n\n\n<p>Lenka Kr\u00e1lov\u00e1, aktivistka<br \/>&#8212;&#8212;&#8212;&#8212;&#8212;&#8212;&#8211;<br \/>Neust\u00e1le n\u011bkde odhalujete vlastn\u011b svoje intimn\u00ed tajemstv\u00ed ciz\u00edm lidem, kter\u00fdm do toho v\u016fbec nic nen\u00ed.<\/p>\n\n\n\n<p>, redaktorka \u010cT<br \/>&#8212;&#8212;&#8212;&#8212;&#8212;&#8212;&#8211;<br \/>Matriky, ale i sexuologov\u00e9 dosud nev\u00ed, podle \u010deho budou od \u010dervence postupovat. Z\u00e1konod\u00e1rc\u016fm se b\u011bhem 12 m\u011bs\u00edc\u016f nepoda\u0159ilo schv\u00e1lit novou legislativu, kter\u00e1 by pravidla upravila.<\/p>\n\n\n\n<p>Viktor Haumann, spoluzakladatel organizace Transparent<br \/>&#8212;&#8212;&#8212;&#8212;&#8212;&#8212;&#8211;<br \/>To nenapln\u011bn\u00ed n\u00e1lezu \u00dastavn\u00edho soudu, kter\u00fd vylo\u017een\u011b zadal a ulo\u017eil z\u00e1konod\u00e1rci, aby jednal, tam vid\u00edme potenci\u00e1l, a to tomu \u00dastavn\u00edmu soudu d\u00e1t v\u011bd\u011bt, \u017ee tohle se nestalo.<\/p>\n\n\n\n<p>, redaktorka \u010cT<br \/>&#8212;&#8212;&#8212;&#8212;&#8212;&#8212;&#8211;<br \/>Jeden n\u00e1vrh z pera ODS a lidovc\u016f sice ve sn\u011bmovn\u011b le\u017e\u00ed, podporu ale nem\u00e1.<\/p>\n\n\n\n<p>Ta\u0165\u00e1na Mal\u00e1, \u010dlenka sn\u011bmovn\u00ed \u00fastavn\u011b-pr\u00e1vn\u00edho v\u00fdboru \/ANO\/<br \/>&#8212;&#8212;&#8212;&#8212;&#8212;&#8212;&#8211;<br \/>Nemysl\u00edm si, \u017ee je vhodn\u00e9, aby existovaly n\u011bjak\u00e9 komise, kter\u00e9 budou posuzovat, zda ten \u010dlov\u011bk je vhodn\u00fd pro \u00fa\u0159edn\u00ed zm\u011bnu pohlav\u00ed, nebo nikoliv.<\/p>\n\n\n\n<p>Marek Benda, p\u0159edseda poslaneck\u00e9ho klubu, \u010dlen \u00fastavn\u011b-pr\u00e1vn\u00edho v\u00fdboru \/ODS\/<br \/>&#8212;&#8212;&#8212;&#8212;&#8212;&#8212;&#8211;<br \/>Nebyla dohoda s ostatn\u00edmi koali\u010dn\u00edmi partnery. S t\u00edmto se bude muset zab\u00fdvat p\u0159\u00ed\u0161t\u00ed sn\u011bmovna, a\u017e to za\u010dne vyvol\u00e1vat probl\u00e9my.<\/p>\n\n\n\n<p>, redaktorka \u010cT<br \/>&#8212;&#8212;&#8212;&#8212;&#8212;&#8212;&#8211;<br \/>Pr\u00e1vn\u00ed vakuum maj\u00ed alespo\u0148 \u010d\u00e1ste\u010dn\u011b vy\u0159e\u0161it doporu\u010den\u00ed od ministerstev vnitra a zdravotnictv\u00ed. Jedna pro matriky, druh\u00e1 pro\u00a0<strong>l\u00e9ka\u0159e<\/strong>.<\/p>\n\n\n\n<p>Radek Policar, n\u00e1m\u011bstek pro legislativu a pr\u00e1vo<br \/>&#8212;&#8212;&#8212;&#8212;&#8212;&#8212;&#8211;<br \/>Ty poskytovatele o ty trans lidi, pro n\u011b by jasn\u00fd z\u00e1kon byl nepochybn\u011b lep\u0161\u00ed. To \u0159e\u0161en\u00ed, kter\u00e9 je nakonec tady, je za m\u011b to nejm\u00e9n\u011b \u0161patn\u00e9, ale na druhou stranu nen\u00ed optim\u00e1ln\u00ed.<\/p>\n\n\n\n<p>, redaktorka \u010cT<br \/>&#8212;&#8212;&#8212;&#8212;&#8212;&#8212;&#8211;<br \/>Nejedn\u00e1 se ale o z\u00e1vazn\u00fd dokument, i proto se \u010d\u00e1st politik\u016f, ale i trans lid\u00ed ob\u00e1v\u00e1 toho, \u017ee si jej ka\u017ed\u00fd z vykonavatel\u016f bude moci vykl\u00e1dat po sv\u00e9m. <\/p>\n\n\n\n<p>\u010cesk\u00e1 televize<\/p>\n\n\n\n<p><\/p>\n","protected":false},"excerpt":{"rendered":"<div class=\"mh-excerpt\"><p>\u010cT 1 &#8211; Ud\u00e1losti Stovky lid\u00ed v nejistot\u011b. Za necel\u00fd m\u011bs\u00edc p\u0159estane platit povinnost podstoupit kastraci p\u0159i \u00fa\u0159edn\u00ed zm\u011bn\u011b pohlav\u00ed. Jen\u017ee nov\u00e1 \u00faprava z\u00e1kona chyb\u00ed <a class=\"mh-excerpt-more\" href=\"https:\/\/www.invarena.cz\/?p=58261\" title=\"\u00da\u0159edn\u00ed zm\u011bna pohlav\u00ed bude od \u010dervence\">[&#8230;]<\/a><\/p>\n<\/div>","protected":false},"author":1,"featured_media":58277,"comment_status":"open","ping_status":"closed","sticky":false,"template":"","format":"standard","meta":{"footnotes":""},"categories":[9],"tags":[],"class_list":["post-58261","post","type-post","status-publish","format-standard","has-post-thumbnail","hentry","category-zpravy"],"_links":{"self":[{"href":"https:\/\/www.invarena.cz\/index.php?rest_route=\/wp\/v2\/posts\/58261","targetHints":{"allow":["GET"]}}],"collection":[{"href":"https:\/\/www.invarena.cz\/index.php?rest_route=\/wp\/v2\/posts"}],"about":[{"href":"https:\/\/www.invarena.cz\/index.php?rest_route=\/wp\/v2\/types\/post"}],"author":[{"embeddable":true,"href":"https:\/\/www.invarena.cz\/index.php?rest_route=\/wp\/v2\/users\/1"}],"replies":[{"embeddable":true,"href":"https:\/\/www.invarena.cz\/index.php?rest_route=%2Fwp%2Fv2%2Fcomments&post=58261"}],"version-history":[{"count":0,"href":"https:\/\/www.invarena.cz\/index.php?rest_route=\/wp\/v2\/posts\/58261\/revisions"}],"wp:featuredmedia":[{"embeddable":true,"href":"https:\/\/www.invarena.cz\/index.php?rest_route=\/wp\/v2\/media\/58277"}],"wp:attachment":[{"href":"https:\/\/www.invarena.cz\/index.php?rest_route=%2Fwp%2Fv2%2Fmedia&parent=58261"}],"wp:term":[{"taxonomy":"category","embeddable":true,"href":"https:\/\/www.invarena.cz\/index.php?rest_route=%2Fwp%2Fv2%2Fcategories&post=58261"},{"taxonomy":"post_tag","embeddable":true,"href":"https:\/\/www.invarena.cz\/index.php?rest_route=%2Fwp%2Fv2%2Ftags&post=58261"}],"curies":[{"name":"wp","href":"https:\/\/api.w.org\/{rel}","templated":true}]}}