{"id":58265,"date":"2025-06-09T09:02:02","date_gmt":"2025-06-09T07:02:02","guid":{"rendered":"https:\/\/www.invarena.cz\/?p=58265"},"modified":"2025-06-09T09:02:11","modified_gmt":"2025-06-09T07:02:11","slug":"olomoucky-kraj-podpori-paliativni-peci","status":"publish","type":"post","link":"https:\/\/www.invarena.cz\/?p=58265","title":{"rendered":"Olomouck\u00fd kraj podpo\u0159\u00ed paliativn\u00ed p\u00e9\u010di"},"content":{"rendered":"\n<p>\u010cT 1 <\/p>\n\n\n\n<p>Z\u00e1jem o paliativn\u00ed p\u00e9\u010di pro pacienty na konci \u017eivota roste. Podle poskytovatel\u016f slu\u017eeb o jejich mo\u017enostech ale st\u00e1le velk\u00e1 \u010d\u00e1st spole\u010dnosti nev\u00ed. Na podporu paliativn\u00ed p\u00e9\u010de se v posledn\u00edch letech zam\u011b\u0159uje t\u0159eba Olomouck\u00fd kraj. Letos poskytovatel\u00e9 podpo\u0159\u00ed t\u00e9m\u011b\u0159 dvan\u00e1ctimilionovou dotac\u00ed. Nab\u00eddka slu\u017eeb v kraji se postupn\u011b roz\u0161i\u0159uje. Nedostatek p\u00e9\u010de pro um\u00edraj\u00edc\u00ed a t\u011b\u017ece nemocn\u00e9 kraj ale st\u00e1le eviduje p\u0159edev\u0161\u00edm na Jesenicku.<\/p>\n\n\n\n<p>Jak\u00e9 m\u00e1m vlastn\u011b mo\u017enosti? Ot\u00e1zka, kterou si pokl\u00e1dala i Hana P\u0159idalov\u00e1 v t\u011b\u017ek\u00fdch chv\u00edl\u00edch, kdy kv\u016fli t\u011b\u017ek\u00e9\u00a0<strong>nemoci<\/strong>\u00a0um\u00edral jej\u00ed man\u017eel. Paliativn\u00ed p\u00e9\u010de byla jasn\u00e1 volba. Jen\u017ee do hospice ho um\u00edstit necht\u011bla.<\/p>\n\n\n\n<p>Hana P\u0159idalov\u00e1,<br \/>&#8212;&#8212;&#8212;&#8212;&#8212;&#8212;&#8211;<br \/>On cht\u011bl b\u00fdt se mnou, tak mobiln\u00ed. O tom jsem nev\u011bd\u011bla, jsem si myslela, \u017ee to je jenom jako, \u017ee mus\u00ed tady z\u016fstat, tak z toho mobiln\u00edho hospice p\u0159ijely tam sest\u0159i\u010dky.<\/p>\n\n\n\n<p>redaktorka<br \/>&#8212;&#8212;&#8212;&#8212;&#8212;&#8212;&#8211;<br \/>Pr\u00e1v\u011b t\u00fdm sest\u0159i\u010dek j\u00ed velmi pomohl nejen s p\u00e9\u010d\u00ed o man\u017eela, ale tak\u00e9 s psychickou podporou pro ni samotnou.<\/p>\n\n\n\n<p>Hana P\u0159idalov\u00e1,<br \/>&#8212;&#8212;&#8212;&#8212;&#8212;&#8212;&#8211;<br \/>\u017de ho budu dr\u017eet za ruku, kdy\u017e budu, proto\u017ee se ptali, jak\u00fd to bude, j\u00e1 \u0159\u00edk\u00e1m, j\u00e1 nev\u00edm, M\u00edro. Tak a sest\u0159i\u010dka hned p\u0159ijela, tak\u017ee jsem se nec\u00edtila sama.<\/p>\n\n\n\n<p>redaktorka<br \/>&#8212;&#8212;&#8212;&#8212;&#8212;&#8212;&#8211;<br \/>O nab\u00eddce paliativn\u00ed p\u00e9\u010de ale st\u00e1le velk\u00e1 \u010d\u00e1st spole\u010dnosti nev\u00ed. Pro p\u0159\u00edklad mobiln\u00ed hospic na Svat\u00e9m Kope\u010dku se ro\u010dn\u011b star\u00e1 asi o necel\u00e9 t\u0159i stovky klient\u016f. Podle pr\u016fzkumu by jejich pomoc ale pot\u0159ebovalo i dal\u0161\u00edch 300 um\u00edraj\u00edc\u00edch. Jen\u017ee o slu\u017eb\u011b bu\u010f nev\u00ed, nebo se do jej\u00ed p\u00e9\u010de nestihnou v\u010das dostat.<\/p>\n\n\n\n<p>Radka Machurov\u00e1, vedouc\u00ed, Mobiln\u00ed hospic Charitas<br \/>&#8212;&#8212;&#8212;&#8212;&#8212;&#8212;&#8211;<br \/>St\u00e1le je\u0161t\u011b prost\u011b bojujeme s t\u00edm, \u017ee lid\u00e9 nev\u011bd\u00ed, je to taky d\u00e1no t\u00edm, \u017ee prost\u011b smrt je st\u00e1le jako tabuizovan\u00e9 t\u00e9ma. Lid\u00e9 to jako odsouvaj\u00ed, je to n\u011bco, co prost\u011b se jich net\u00fdk\u00e1.<\/p>\n\n\n\n<p>Marie \u0160\u0165astn\u00e1, \u0159editelka, Hospic na Svat\u00e9m Kope\u010dku<br \/>&#8212;&#8212;&#8212;&#8212;&#8212;&#8212;&#8211;<br \/>Hodn\u011b l\u00e9\u010dit doposledka a potom se vlastn\u011b stane to, \u017ee vlastn\u011b ty za\u0159\u00edzen\u00ed pos\u00edlaj\u00ed lidi k n\u00e1m do hospic\u016f nebo do paliativn\u00ed p\u00e9\u010de opravdu na posledn\u00ed 2, 3 dny \u017eivota, ale to ztr\u00e1c\u00ed jako ve\u0161ker\u00fd smysl.<\/p>\n\n\n\n<p> redaktorka<br \/>&#8212;&#8212;&#8212;&#8212;&#8212;&#8212;&#8211;<br \/>Na podporu paliativn\u00ed p\u00e9\u010de z\u00edtra startuje benefi\u010dn\u00ed j\u00edzda Osm dn\u00ed pro paliativu.<\/p>\n\n\n\n<p>Radka Machurov\u00e1, vedouc\u00ed, Mobiln\u00ed hospic Charitas<br \/>&#8212;&#8212;&#8212;&#8212;&#8212;&#8212;&#8211;<br \/>Kterou bude absolvovat Zorka \u0160\u0165astn\u00e1, pacientka onkologick\u00e1, na podporu v\u016fbec t\u00e9 paliativn\u00ed p\u00e9\u010de, aby se v\u011bd\u011blo, je tady a nemus\u00edte se j\u00ed b\u00e1t.<\/p>\n\n\n\n<p>pacientka<br \/>&#8212;&#8212;&#8212;&#8212;&#8212;&#8212;&#8211;<br \/>Stra\u0161n\u011b se mi tady l\u00edb\u00ed. <\/p>\n","protected":false},"excerpt":{"rendered":"<div class=\"mh-excerpt\"><p>\u010cT 1 Z\u00e1jem o paliativn\u00ed p\u00e9\u010di pro pacienty na konci \u017eivota roste. Podle poskytovatel\u016f slu\u017eeb o jejich mo\u017enostech ale st\u00e1le velk\u00e1 \u010d\u00e1st spole\u010dnosti nev\u00ed. Na <a class=\"mh-excerpt-more\" href=\"https:\/\/www.invarena.cz\/?p=58265\" title=\"Olomouck\u00fd kraj podpo\u0159\u00ed paliativn\u00ed p\u00e9\u010di\">[&#8230;]<\/a><\/p>\n<\/div>","protected":false},"author":1,"featured_media":58273,"comment_status":"open","ping_status":"closed","sticky":false,"template":"","format":"standard","meta":{"footnotes":""},"categories":[7],"tags":[],"class_list":["post-58265","post","type-post","status-publish","format-standard","has-post-thumbnail","hentry","category-spolecnost"],"_links":{"self":[{"href":"https:\/\/www.invarena.cz\/index.php?rest_route=\/wp\/v2\/posts\/58265","targetHints":{"allow":["GET"]}}],"collection":[{"href":"https:\/\/www.invarena.cz\/index.php?rest_route=\/wp\/v2\/posts"}],"about":[{"href":"https:\/\/www.invarena.cz\/index.php?rest_route=\/wp\/v2\/types\/post"}],"author":[{"embeddable":true,"href":"https:\/\/www.invarena.cz\/index.php?rest_route=\/wp\/v2\/users\/1"}],"replies":[{"embeddable":true,"href":"https:\/\/www.invarena.cz\/index.php?rest_route=%2Fwp%2Fv2%2Fcomments&post=58265"}],"version-history":[{"count":0,"href":"https:\/\/www.invarena.cz\/index.php?rest_route=\/wp\/v2\/posts\/58265\/revisions"}],"wp:featuredmedia":[{"embeddable":true,"href":"https:\/\/www.invarena.cz\/index.php?rest_route=\/wp\/v2\/media\/58273"}],"wp:attachment":[{"href":"https:\/\/www.invarena.cz\/index.php?rest_route=%2Fwp%2Fv2%2Fmedia&parent=58265"}],"wp:term":[{"taxonomy":"category","embeddable":true,"href":"https:\/\/www.invarena.cz\/index.php?rest_route=%2Fwp%2Fv2%2Fcategories&post=58265"},{"taxonomy":"post_tag","embeddable":true,"href":"https:\/\/www.invarena.cz\/index.php?rest_route=%2Fwp%2Fv2%2Ftags&post=58265"}],"curies":[{"name":"wp","href":"https:\/\/api.w.org\/{rel}","templated":true}]}}