{"id":5846,"date":"2013-05-30T01:11:56","date_gmt":"2013-05-29T23:11:56","guid":{"rendered":"http:\/\/www.invarena.cz\/?p=5846"},"modified":"2014-10-20T20:12:27","modified_gmt":"2014-10-20T18:12:27","slug":"paralympik-jezek-si-na-jubilejni-tour-vyzkousi-casovkuh","status":"publish","type":"post","link":"https:\/\/www.invarena.cz\/?p=5846","title":{"rendered":"Paralympionik si na Tour vyzkou\u0161\u00ed \u010dasovku"},"content":{"rendered":"<p><strong> Pln\u00ed si velk\u00fd sen. Nejlep\u0161\u00ed paralympijsk\u00fd cyklista historie Ji\u0159\u00ed Je\u017eek bude v \u010dervenci p\u0159i 100. ro\u010dn\u00edku Tour de France d\u011blat p\u0159edjezdce nejlep\u0161\u00edm profesion\u00e1l\u016fm. S\u00e1m je zv\u011bdav\u00fd, jak dopadne. Je si v\u0161ak jist\u00fd, \u017ee posledn\u00ed neskon\u010d\u00ed. Rozhovor Mf Dnes.<\/strong><br \/>\n<!--more--><br \/>\nJe nejlep\u0161\u00edm paralympijsk\u00fdm cyklistou historie. Mezi handicapovan\u00fdmi vyhr\u00e1l Ji\u0159\u00ed Je\u017eek v\u0161e, co mohl. Usp\u011bl i na men\u0161\u00edch z\u00e1vodech mezi zdrav\u00fdmi. Nyn\u00ed si v\u0161ak spln\u00ed sen, v jeho\u017e napln\u011bn\u00ed u\u017e nedoufal. Zm\u011b\u0159\u00ed na Tour de France s\u00edly s nejlep\u0161\u00edmi profesion\u00e1ly.<\/p>\n<p>&#8222;Jirka bude na Tour ofici\u00e1ln\u00edm p\u0159edjezdcem p\u0159i \u010dasovce do Mont Saint Michel. Jeho \u010das tak bude pomyslnou metou pro profesion\u00e1ly, kte\u0159\u00ed se vydaj\u00ed na tra\u0165 po n\u011bm,&#8220; \u0159\u00edk\u00e1 Petr Pe\u010denka, \u0159editel \u0160koda Auto \u010cesk\u00e1 republika. Pr\u00e1v\u011b \u010desk\u00e1 firma, jeden z hlavn\u00edch sponzor\u016f Tour, pomohla Je\u017ekovi sen splnit.<\/p>\n<p>&#8222;P\u016fjde o jeden z vrchol\u016f m\u00e9 sportovn\u00ed kari\u00e9ry,&#8220; t\u011b\u0161\u00ed se \u0161estin\u00e1sobn\u00fd \u0161ampion paralympi\u00e1dy.<\/p>\n<p><strong>&#8211; Co pro v\u00e1s znamen\u00e1 startovat p\u0159i \u010dasovce Tour t\u011bsn\u011b p\u0159ed nejlep\u0161\u00edmi cyklisty sv\u011bta?<\/strong><\/p>\n<p>Je to spln\u011bn\u00ed snu. Od doby, kdy jsem se dostal na vrchol paralympijsk\u00e9 cyklistiky, hledal jsem dal\u0161\u00ed v\u00fdzvy. Nikdy nemohu coby profesion\u00e1ln\u00ed handicapovan\u00fd cyklista objet celou Tour. Ale m\u00e1m r\u00e1d ve sportu show, kdy\u017e se d\u011bje n\u011bco neobvykl\u00e9ho. Proto jsem snil, \u017ee bych mohl nap\u0159\u00edklad p\u0159i prologu Tour odstartovat jako prvn\u00ed z rampy a uk\u00e1zat lidem, \u017ee ti nejlep\u0161\u00ed paralympici se bl\u00ed\u017e\u00ed zdrav\u00fdm profesion\u00e1l\u016fm. A kdy\u017e u\u017e jsem tento sen pomalu opou\u0161t\u011bl, povedlo se mi ho spojen\u00edm se \u0160kodovkou splnit.<\/p>\n<p><strong>&#8211; Nebude to zdaleka v\u00e1\u0161 prvn\u00ed kontakt s pelotonem zdrav\u00fdch. Na men\u0161\u00edch z\u00e1vodech &#8211; i na mistrovstv\u00ed republiky &#8211; jste se s nimi v minulosti \u00fasp\u011b\u0161n\u011b m\u011b\u0159il.<\/strong><\/p>\n<p>Moje v\u00fdkonnost je takov\u00e1, \u017ee v \u010cesku mohu pat\u0159it k t\u011bm lep\u0161\u00edm. Objel jsem dv\u011b sezony v pelotonu zdrav\u00fdch v t\u0159etidivizn\u00ed st\u00e1ji, kde jsem pat\u0159il i k l\u00eddr\u016fm. Ale Tour je o t\u0159i \u00farovn\u011b v\u00fd\u0161 a mn\u011b ten m\u016fj handicap nikdo neodp\u00e1\u0159e. Sportovn\u00ed ego jsem si v\u0161ak ukojil u\u017e d\u00e1vno v\u00fdsledky v paralympijsk\u00e9m pelotonu. Pokud z\u00e1vod\u00edm se zdrav\u00fdmi profesion\u00e1ly, tak p\u0159edev\u0161\u00edm proto, \u017ee je to pro m\u011b skv\u011bl\u00fd tr\u00e9nink a propagace toho, co d\u011bl\u00e1m.<\/p>\n<p><strong>&#8211; Jedete si tedy Tour u\u017e\u00edt, nebo je to v\u00fdzva?<\/strong><\/p>\n<p>Oboj\u00ed. Chci se na tu \u010dasovku co nejl\u00e9pe p\u0159ipravit. Nechci tam jet jen jako paralympijsk\u00fd sportovec, kter\u00fd si tu tra\u0165 projede. Ale z\u00e1rove\u0148 se budu sna\u017eit vn\u00edmat a zapisovat si do pam\u011bti ka\u017edou minutu. Nikdy jsem na Tour nebyl ani jako div\u00e1k nebo host, v\u017edy jsem se v dob\u011b jej\u00edho kon\u00e1n\u00ed p\u0159ipravoval na sv\u00e9 z\u00e1vody a sledoval ji jen v televizi. T\u011b\u0161\u00edm se, \u017ee atmosf\u00e9ra bude \u00fa\u017easn\u00e1.<\/p>\n<p><strong>&#8211; Jak\u00fd \u010das by v\u00e1s pot\u011b\u0161il?<\/strong><\/p>\n<p>Byl bych nejrad\u0161i, kdyby se m\u016fj \u010das nikdo nedozv\u011bd\u011bl, proto\u017ee mi to p\u0159ijde nef\u00e9r v\u016f\u010di zdrav\u00fdm z\u00e1vodn\u00edk\u016fm. Pro n\u011b u\u017e to bude xt\u00e1 etapa a v\u0161ichni v\u00edme, \u017ee ne ka\u017ed\u00fd jede \u010dasovku naplno. N\u011bkte\u0159\u00ed se p\u0159i n\u00ed sna\u017e\u00ed po\u0161et\u0159it s\u00edly, aby mohli plnit sv\u00e9 \u00fakoly v dal\u0161\u00edch etap\u00e1ch. Pokud budu na Tour dob\u0159e p\u0159ipraven a j\u00edzda mi sedne, v\u00edm, \u017ee z\u0159ejm\u011b nebudu posledn\u00ed. Ale m\u011b sp\u00ed\u0161 zaj\u00edm\u00e1, jak\u00fd bude m\u016fj odstup za nejlep\u0161\u00edmi, za prvn\u00ed des\u00edtkou.<\/p>\n<p><strong>&#8211; Kolik kilometr\u016f jste letos zvl\u00e1dl?<\/strong><\/p>\n<p>Po \u010dtvrt\u00e9 v\u00edt\u011bzn\u00e9 paralympi\u00e1d\u011b jsem se b\u00e1l, \u017ee u\u017e motivaci nenajdu. Ale bylo to jinak. Stal jsem se v Lond\u00fdn\u011b nej\u00fasp\u011b\u0161n\u011bj\u0161\u00edm cyklistou paralympijsk\u00e9 historie, spadla ze m\u011b t\u00edha a letos m\u00e1m najednou natr\u00e9nov\u00e1no nejv\u00edc v \u017eivot\u011b, p\u0159es 20 tis\u00edc kilometr\u016f. C\u00edt\u00edm se mo\u017en\u00e1 nejl\u00edp, co\u017e je v 38 letech divn\u00e9.<\/p>\n<p><strong>&#8211; Kdy\u017e u\u017e na Tour budete, zkus\u00edte si i n\u011bjak\u00e1 stoup\u00e1n\u00ed v Alp\u00e1ch?<\/strong><\/p>\n<p>J\u00e1 na t\u011bch alpsk\u00fdch kopc\u00edch pravideln\u011b tr\u00e9nuji, zn\u00e1m je. Po \u010dasovce na Tour se hned za\u010dnu p\u0159ipravovat na mistrovstv\u00ed sv\u011bta handicapovan\u00fdch, kter\u00e9 je v p\u016fli srpna v Kanad\u011b. Je mo\u017en\u00e9, \u017ee budu tr\u00e9novat i v Alp\u00e1ch a s Tour se tam potk\u00e1m.<\/p>\n<p><strong>&#8211; Jeden sen si v \u010dervenci spln\u00edte. Jak\u00e9 budou ty dal\u0161\u00ed?<\/strong><\/p>\n<p>Sny m\u00e1 \u010dlov\u011bk po\u0159\u00e1d. Lidem na motiva\u010dn\u00edch setk\u00e1n\u00edch \u0159\u00edk\u00e1m: Nikdy nesm\u00edte sv\u016fj sen opou\u0161t\u011bt, proto\u017ee nev\u00edte, kdy se v\u00e1m m\u016f\u017ee splnit.<\/p>\n<p>&#8212;<\/p>\n<p>Tom\u00e1\u0161 Macek<\/p>\n<p>Mlad\u00e1 fronta DNES<\/p>\n","protected":false},"excerpt":{"rendered":"<div class=\"mh-excerpt\"><p>Pln\u00ed si velk\u00fd sen. Nejlep\u0161\u00ed paralympijsk\u00fd cyklista historie Ji\u0159\u00ed Je\u017eek bude v \u010dervenci p\u0159i 100. ro\u010dn\u00edku Tour de France d\u011blat p\u0159edjezdce nejlep\u0161\u00edm profesion\u00e1l\u016fm. S\u00e1m je <a class=\"mh-excerpt-more\" href=\"https:\/\/www.invarena.cz\/?p=5846\" title=\"Paralympionik si na Tour vyzkou\u0161\u00ed \u010dasovku\">[&#8230;]<\/a><\/p>\n<\/div>","protected":false},"author":1,"featured_media":2987,"comment_status":"open","ping_status":"open","sticky":false,"template":"","format":"standard","meta":{"footnotes":""},"categories":[12],"tags":[],"class_list":["post-5846","post","type-post","status-publish","format-standard","has-post-thumbnail","hentry","category-rozhovory"],"_links":{"self":[{"href":"https:\/\/www.invarena.cz\/index.php?rest_route=\/wp\/v2\/posts\/5846","targetHints":{"allow":["GET"]}}],"collection":[{"href":"https:\/\/www.invarena.cz\/index.php?rest_route=\/wp\/v2\/posts"}],"about":[{"href":"https:\/\/www.invarena.cz\/index.php?rest_route=\/wp\/v2\/types\/post"}],"author":[{"embeddable":true,"href":"https:\/\/www.invarena.cz\/index.php?rest_route=\/wp\/v2\/users\/1"}],"replies":[{"embeddable":true,"href":"https:\/\/www.invarena.cz\/index.php?rest_route=%2Fwp%2Fv2%2Fcomments&post=5846"}],"version-history":[{"count":0,"href":"https:\/\/www.invarena.cz\/index.php?rest_route=\/wp\/v2\/posts\/5846\/revisions"}],"wp:featuredmedia":[{"embeddable":true,"href":"https:\/\/www.invarena.cz\/index.php?rest_route=\/wp\/v2\/media\/2987"}],"wp:attachment":[{"href":"https:\/\/www.invarena.cz\/index.php?rest_route=%2Fwp%2Fv2%2Fmedia&parent=5846"}],"wp:term":[{"taxonomy":"category","embeddable":true,"href":"https:\/\/www.invarena.cz\/index.php?rest_route=%2Fwp%2Fv2%2Fcategories&post=5846"},{"taxonomy":"post_tag","embeddable":true,"href":"https:\/\/www.invarena.cz\/index.php?rest_route=%2Fwp%2Fv2%2Ftags&post=5846"}],"curies":[{"name":"wp","href":"https:\/\/api.w.org\/{rel}","templated":true}]}}