{"id":58705,"date":"2025-06-26T07:37:41","date_gmt":"2025-06-26T05:37:41","guid":{"rendered":"https:\/\/www.invarena.cz\/?p=58705"},"modified":"2025-06-26T07:37:47","modified_gmt":"2025-06-26T05:37:47","slug":"kraje-brzy-zvysi-slevu-na-cestovani-vlaky-a-autobusy","status":"publish","type":"post","link":"https:\/\/www.invarena.cz\/?p=58705","title":{"rendered":"Kraje brzy zv\u00fd\u0161\u00ed slevu na cestov\u00e1n\u00ed vlaky a autobusy"},"content":{"rendered":"\n<p>Kraje, v nich\u017e jsou hejtmani z hnut\u00ed ANO, brzy zv\u00fd\u0161\u00ed slevu na cestov\u00e1n\u00ed vlaky a autobusy. Nov\u011b by tak d\u011bti, studenti do 26 let a senio\u0159i nad 65 platili jen \u010dtvrtinu ceny, tedy tolik jako do jara roku 2022.<\/p>\n\n\n\n<p>Na 50 % slevu sn\u00ed\u017eil kabinet Petra Fialy p\u0159ed lety kv\u016fli \u00faspor\u00e1m. Olomouck\u00fd hejtman ji chce ale vr\u00e1tit zp\u011bt.<\/p>\n\n\n\n<p> <strong>Ladislav Okle\u0161t\u011bk, hejtman Olomouck\u00e9ho kraje \/ANO\/<\/strong> My jsme sl\u00edbili lidem ve volb\u00e1ch, \u017ee jim vr\u00e1t\u00edme, co jim vl\u00e1da vzala. <br \/><br \/>Krajsk\u00e9 zastupitelstvo <strong> v\u00a0Olomouck\u00e9m kraji<\/strong>, kde maj\u00ed ANO s SPD v\u011bt\u0161inu, rozhodlo. <strong>V\u011bt\u0161\u00ed slevu na j\u00edzdn\u00e9m ne\u017e dosud budou m\u00edt tak od 1.\u00a0\u010dervence \u017e\u00e1ci, studenti a senio\u0159i. <\/strong>Sleva se mlad\u00fdm cestuj\u00edc\u00edm a senior\u016fm v\u00a0Olomouck\u00e9m kraji zvedne ze sou\u010dasn\u00fdch 50\u00a0procent na krajsk\u00fdmi zastupiteli odhlasovan\u00fdch 75\u00a0procent.<br \/>Nap\u0159\u00edklad cesta vlakem z Mohelnice do Olomouce by tak mohla b\u00fdt levn\u011bj\u0161\u00ed o 21 K\u010d, z P\u0159erova do Hranic o 19.<\/p>\n\n\n\n<p>Krajskou kasu to bude st\u00e1t do konce roku 37 000 000 nav\u00edc. Podle opozice by se takov\u00fd bal\u00edk d\u00e1l utratit l\u00e9pe. <strong>Josef Such\u00e1nek, opozi\u010dn\u00ed zastupitel a b\u00fdval\u00fd hejtman<\/strong> M\u00e1me tady soci\u00e1ln\u00ed oblast, m\u00e1me tady zdravotnictv\u00ed, m\u00e1me tady \u0161kolstv\u00ed. <\/p>\n\n\n\n<p><strong>Pavel Jel\u00ednek, n\u00e1m\u011bstek hejtmana SPD<\/strong> \u010c\u00edm v\u00edc nal\u00e1k\u00e1me mlad\u00e9 lidi na ve\u0159ejnou dopravu, t\u00edm v\u00edce to bude v\u00fdhodn\u011bj\u0161\u00ed i do budoucnosti, proto\u017ee se nau\u010d\u00ed ji vyu\u017e\u00edvat. Ubude tak individu\u00e1ln\u00ed dopravy.<\/p>\n\n\n\n<p>Senio\u0159i nad 75 let jezd\u00ed zdarma od pond\u011bl\u00ed ve Zl\u00ednsk\u00e9m kraji. <strong>Radim Holi\u0161, hejtman Zl\u00ednsk\u00e9ho kraje \/ANO\/<\/strong> Aspektem, kter\u00fd do toho \u0161el, bylo, \u017ee n\u00e1m lid\u00e9 v tomto v\u011bku d\u011blaj\u00ed a zp\u016fsobuj\u00ed \u010dast\u00e9 dopravn\u00ed nehody. <\/p>\n\n\n\n<p>Podle m\u00edstop\u0159edsedy hnut\u00ed ANO to nen\u00ed kone\u010dn\u00e1. <strong>Karel Havl\u00ed\u010dek, m\u00edstop\u0159edseda sn\u011bmovny a m\u00edstop\u0159edseda hnut\u00ed \/ANO\/<\/strong> Mohu prozradit to, \u017ee ve v\u0161ech kraj\u00edch, kde m\u00e1 hnut\u00ed ANO hejtmany, tak se vr\u00e1t\u00ed slevy na j\u00edzdn\u00e9m. <\/p>\n\n\n\n<p><strong>Martin Kupka, ministr dopravy \/ODS\/<\/strong> V okam\u017eiku, kdy tu bude, a\u0165 u\u017e st\u00e1t nebo kraj rozd\u00e1vat v\u00edc pen\u011bz, tak t\u00edm p\u00e1dem nebude m\u00edt mo\u017enost investovat do zkvalit\u0148ov\u00e1n\u00ed t\u00e9 dopravy. <\/p>\n\n\n\n<p>Podrobnosti cht\u011bj\u00ed hejtmani za ANO prozradit ve \u010dtvrtek. <\/p>\n\n\n\n<p><\/p>\n","protected":false},"excerpt":{"rendered":"<div class=\"mh-excerpt\"><p>Kraje, v nich\u017e jsou hejtmani z hnut\u00ed ANO, brzy zv\u00fd\u0161\u00ed slevu na cestov\u00e1n\u00ed vlaky a autobusy. Nov\u011b by tak d\u011bti, studenti do 26 let a <a class=\"mh-excerpt-more\" href=\"https:\/\/www.invarena.cz\/?p=58705\" title=\"Kraje brzy zv\u00fd\u0161\u00ed slevu na cestov\u00e1n\u00ed vlaky a autobusy\">[&#8230;]<\/a><\/p>\n<\/div>","protected":false},"author":1,"featured_media":58752,"comment_status":"open","ping_status":"closed","sticky":false,"template":"","format":"standard","meta":{"footnotes":""},"categories":[7],"tags":[],"class_list":["post-58705","post","type-post","status-publish","format-standard","has-post-thumbnail","hentry","category-spolecnost"],"_links":{"self":[{"href":"https:\/\/www.invarena.cz\/index.php?rest_route=\/wp\/v2\/posts\/58705","targetHints":{"allow":["GET"]}}],"collection":[{"href":"https:\/\/www.invarena.cz\/index.php?rest_route=\/wp\/v2\/posts"}],"about":[{"href":"https:\/\/www.invarena.cz\/index.php?rest_route=\/wp\/v2\/types\/post"}],"author":[{"embeddable":true,"href":"https:\/\/www.invarena.cz\/index.php?rest_route=\/wp\/v2\/users\/1"}],"replies":[{"embeddable":true,"href":"https:\/\/www.invarena.cz\/index.php?rest_route=%2Fwp%2Fv2%2Fcomments&post=58705"}],"version-history":[{"count":0,"href":"https:\/\/www.invarena.cz\/index.php?rest_route=\/wp\/v2\/posts\/58705\/revisions"}],"wp:featuredmedia":[{"embeddable":true,"href":"https:\/\/www.invarena.cz\/index.php?rest_route=\/wp\/v2\/media\/58752"}],"wp:attachment":[{"href":"https:\/\/www.invarena.cz\/index.php?rest_route=%2Fwp%2Fv2%2Fmedia&parent=58705"}],"wp:term":[{"taxonomy":"category","embeddable":true,"href":"https:\/\/www.invarena.cz\/index.php?rest_route=%2Fwp%2Fv2%2Fcategories&post=58705"},{"taxonomy":"post_tag","embeddable":true,"href":"https:\/\/www.invarena.cz\/index.php?rest_route=%2Fwp%2Fv2%2Ftags&post=58705"}],"curies":[{"name":"wp","href":"https:\/\/api.w.org\/{rel}","templated":true}]}}