{"id":58759,"date":"2025-06-26T22:27:36","date_gmt":"2025-06-26T20:27:36","guid":{"rendered":"https:\/\/www.invarena.cz\/?p=58759"},"modified":"2025-06-26T22:27:37","modified_gmt":"2025-06-26T20:27:37","slug":"kardiologicke-klinice-v-plzni-pribyla-luzka","status":"publish","type":"post","link":"https:\/\/www.invarena.cz\/?p=58759","title":{"rendered":"Kardiologick\u00e9 klinice v Plzni p\u0159ibyla l\u016f\u017eka"},"content":{"rendered":"\n<p>Po\u010det l\u016f\u017eek na kardiologick\u00e9 klinice plze\u0148sk\u00e9 fakultn\u00ed nemocnice se t\u00e9m\u011b\u0159 zdvojn\u00e1sobil. Jedno z nejvyt\u00ed\u017een\u011bj\u0161\u00edch pracovi\u0161\u0165 sv\u00e9ho druhu v \u010cesk\u00e9 republice to u\u017e pot\u0159ebovalo, pacient\u016f s nemocemi srdce a c\u00e9v toti\u017e st\u00e1le p\u0159ib\u00fdv\u00e1.<\/p>\n\n\n\n<p>Nemocnice do \u00faprav investovala ze sv\u00fdch zdroj\u016f 180 milion\u016f korun. \u201eNejv\u011bt\u0161\u00ed zm\u011bnou je nav\u00fd\u0161en\u00ed l\u016f\u017ekov\u00e9 kapacity,\u201c \u0159ekl Novink\u00e1m p\u0159ednosta kliniky Richard Rokyta. Ze sou\u010dasn\u00fdch \u0161esta\u010dty\u0159iceti na osmdes\u00e1t m\u00edst. \u201eNa jednotce intenzivn\u00ed p\u00e9\u010de jsme m\u011bli jeden\u00e1ct l\u016f\u017eek. Nyn\u00ed jich je o dev\u011bt v\u00edc. A jde o prostory, kter\u00e9 jsou boxov\u00fdm uspo\u0159\u00e1d\u00e1n\u00edm i vybaven\u00edm na absolutn\u011b \u0161pi\u010dkov\u00e9 \u00farovni,\u201c konstatoval Rokyta.<\/p>\n\n\n\n<p>Cel\u00fd \u010dl\u00e1nek naleznete na novinky.cz: <a href=\"https:\/\/www.novinky.cz\/clanek\/domaci-zpravy-plzensky-kraj-kardiologicke-klinice-v-plzni-pribyla-luzka-40527722\" target=\"_blank\" rel=\"noreferrer noopener\">https:\/\/www.novinky.cz\/clanek\/domaci-zpravy-plzensky-kraj-kardiologicke-klinice-v-plzni-pribyla-luzka-40527722<\/a><\/p>\n","protected":false},"excerpt":{"rendered":"<div class=\"mh-excerpt\"><p>Po\u010det l\u016f\u017eek na kardiologick\u00e9 klinice plze\u0148sk\u00e9 fakultn\u00ed nemocnice se t\u00e9m\u011b\u0159 zdvojn\u00e1sobil. Jedno z nejvyt\u00ed\u017een\u011bj\u0161\u00edch pracovi\u0161\u0165 sv\u00e9ho druhu v \u010cesk\u00e9 republice to u\u017e pot\u0159ebovalo, pacient\u016f s <a class=\"mh-excerpt-more\" href=\"https:\/\/www.invarena.cz\/?p=58759\" title=\"Kardiologick\u00e9 klinice v Plzni p\u0159ibyla l\u016f\u017eka\">[&#8230;]<\/a><\/p>\n<\/div>","protected":false},"author":1,"featured_media":46030,"comment_status":"open","ping_status":"closed","sticky":false,"template":"","format":"standard","meta":{"footnotes":""},"categories":[9],"tags":[],"class_list":["post-58759","post","type-post","status-publish","format-standard","has-post-thumbnail","hentry","category-zpravy"],"_links":{"self":[{"href":"https:\/\/www.invarena.cz\/index.php?rest_route=\/wp\/v2\/posts\/58759","targetHints":{"allow":["GET"]}}],"collection":[{"href":"https:\/\/www.invarena.cz\/index.php?rest_route=\/wp\/v2\/posts"}],"about":[{"href":"https:\/\/www.invarena.cz\/index.php?rest_route=\/wp\/v2\/types\/post"}],"author":[{"embeddable":true,"href":"https:\/\/www.invarena.cz\/index.php?rest_route=\/wp\/v2\/users\/1"}],"replies":[{"embeddable":true,"href":"https:\/\/www.invarena.cz\/index.php?rest_route=%2Fwp%2Fv2%2Fcomments&post=58759"}],"version-history":[{"count":0,"href":"https:\/\/www.invarena.cz\/index.php?rest_route=\/wp\/v2\/posts\/58759\/revisions"}],"wp:featuredmedia":[{"embeddable":true,"href":"https:\/\/www.invarena.cz\/index.php?rest_route=\/wp\/v2\/media\/46030"}],"wp:attachment":[{"href":"https:\/\/www.invarena.cz\/index.php?rest_route=%2Fwp%2Fv2%2Fmedia&parent=58759"}],"wp:term":[{"taxonomy":"category","embeddable":true,"href":"https:\/\/www.invarena.cz\/index.php?rest_route=%2Fwp%2Fv2%2Fcategories&post=58759"},{"taxonomy":"post_tag","embeddable":true,"href":"https:\/\/www.invarena.cz\/index.php?rest_route=%2Fwp%2Fv2%2Ftags&post=58759"}],"curies":[{"name":"wp","href":"https:\/\/api.w.org\/{rel}","templated":true}]}}