{"id":59112,"date":"2025-07-09T10:36:38","date_gmt":"2025-07-09T08:36:38","guid":{"rendered":"https:\/\/www.invarena.cz\/?p=59112"},"modified":"2025-07-09T10:36:38","modified_gmt":"2025-07-09T08:36:38","slug":"ziskavat-kyslik-i-potraviny-ze-zelenych-ras-a-sinic","status":"publish","type":"post","link":"https:\/\/www.invarena.cz\/?p=59112","title":{"rendered":"Z\u00edsk\u00e1vat kysl\u00edk i potraviny ze zelen\u00fdch \u0159as a sinic"},"content":{"rendered":"\n<p>Vojt\u011bch Bidrman, moder\u00e1tor<br \/>&#8212;&#8212;&#8212;&#8212;&#8212;&#8212;&#8211;<br \/>Astronauti by mohli z\u00edsk\u00e1vat kysl\u00edk i potraviny ze zelen\u00fdch \u0159as a sinic, jen\u017ee ty ve stavu bezt\u00ed\u017ee nefunguj\u00ed tak jako na Zemi. Zvl\u00e1dnout fotosynt\u00e9zu ve vesm\u00edru by cht\u011bli i \u010de\u0161t\u00ed v\u011bdci, pokus\u00ed se o to jeden z experiment\u016f vybran\u00fdch pro Mezin\u00e1rodn\u00ed vesm\u00edrnou stanici.<\/p>\n\n\n\n<p>mluv\u010d\u00ed 10,<br \/>&#8212;&#8212;&#8212;&#8212;&#8212;&#8212;&#8211;<br \/>Laboratorn\u00ed fotobioraktory. Uvnit\u0159 vid\u00edme suspenzi \u0159as a sinic, m\u00e1me jich tady n\u011bkolik s r\u016fzn\u00fdmi \u0159asami, mikroskopick\u00fdmi sinicemi.<\/p>\n\n\n\n<p>Martin Srb, redaktor<br \/>&#8212;&#8212;&#8212;&#8212;&#8212;&#8212;&#8211;<br \/>Irena Br\u00e1n\u00edkov\u00e1 mi v \u00dastavu chemick\u00fdch proces\u016f Akademie v\u011bd ukazuje nasv\u00edcen\u00e9 sklen\u011bn\u00e9 v\u00e1lce. V ka\u017ed\u00e9m jsou 4 dl vody s mikroskopick\u00fdm zelen\u00fdm \u017eivotem.<\/p>\n\n\n\n<p>mluv\u010d\u00ed 10,<br \/>&#8212;&#8212;&#8212;&#8212;&#8212;&#8212;&#8211;<br \/>Vypad\u00e1 to jako zelen\u00e1 voda, ve kter\u00fd b\u011bhaj\u00ed bublinky tmav\u011b zelen\u00e9.<\/p>\n\n\n\n<p>mluv\u010d\u00ed 2,<br \/>&#8212;&#8212;&#8212;&#8212;&#8212;&#8212;&#8211;<br \/>Sv\u011btle zelen\u00e9, ale tahleta je \u010dir\u00e1 a pohybuje se v n\u00ed chom\u00e1\u010dky \u010dehosi zelen\u00e9ho.<\/p>\n\n\n\n<p>mluv\u010d\u00ed 10,<br \/>&#8212;&#8212;&#8212;&#8212;&#8212;&#8212;&#8211;<br \/>To je sinice, kter\u00e1 je vl\u00e1knit\u00e1 a vlastn\u011b ta vl\u00e1kna se maj\u00ed tendenci zamot\u00e1vat.<\/p>\n\n\n\n<p>mluv\u010d\u00ed 2,<br \/>&#8212;&#8212;&#8212;&#8212;&#8212;&#8212;&#8211;<br \/>Co tahleta technologie um\u00ed?<\/p>\n\n\n\n<p>mluv\u010d\u00ed 10,<br \/>&#8212;&#8212;&#8212;&#8212;&#8212;&#8212;&#8211;<br \/>Pracujeme s fotosyntetick\u00fdmi organismy, kter\u00e9 stejn\u011b tak jako rostliny, kter\u00e9 zn\u00e1me z pol\u00ed, z p\u0159\u00edrody, p\u0159em\u011b\u0148uj\u00ed oxid uhli\u010dit\u00fd a sv\u011btelnou energii a vodu na tu organickou hmotu, neboli biomasu a kysl\u00edk.<\/p>\n\n\n\n<p>Martin Srb, redaktor<br \/>&#8212;&#8212;&#8212;&#8212;&#8212;&#8212;&#8211;<br \/>Bublaj\u00edc\u00ed reaktor je p\u0159itom na prvn\u00ed pohled \u010dist\u0161\u00ed ne\u017e zelenina v truhl\u00edku. Vypad\u00e1 to jako ide\u00e1ln\u00ed zdroj kysl\u00edku a potravin do vesm\u00edru. U\u017e p\u0159ed des\u00edtkami let se n\u00e1pad objevil nap\u0159\u00edklad ve v\u011bdeckofantastick\u00e9m filmu. Ikar. JXB jedna. P\u0159ipom\u00edn\u00e1 odborn\u00edk z Fakulty strojn\u00ed \u010cVUT a Matematicko fyzik\u00e1ln\u00ed fakulty Univerzity Karlovy Jaroslav Kousal.<\/p>\n\n\n\n<p>mluv\u010d\u00ed 11,<br \/>&#8212;&#8212;&#8212;&#8212;&#8212;&#8212;&#8211;<br \/>V tom filmu je to i velik\u00fd. Takov\u00e1, takov\u00e1 jako dekorace, u\u017e tehdy&#8230;.. ten n\u00e1pad je takhle starej.<\/p>\n\n\n\n<p>Martin Srb, redaktor<br \/>&#8212;&#8212;&#8212;&#8212;&#8212;&#8212;&#8211;<br \/>Ve skute\u010dnosti ale reaktory z \u0159asami astronauti doposud nepou\u017e\u00edvaj\u00ed.<\/p>\n\n\n\n<p>mluv\u010d\u00ed 11,<br \/>&#8212;&#8212;&#8212;&#8212;&#8212;&#8212;&#8211;<br \/>Z\u00e1kladem je elektrol\u00fdza pro nouzov\u00e9 situace. Jsou tam tzv. kysl\u00edkov\u00e9 sv\u00edce co\u017e je \u010dist\u011b chemick\u00e1 z\u00e1le\u017eitost, ty syst\u00e9my funguj\u00ed vlastn\u011b velmi dob\u0159e, t\u0159eba z hlediska recyklace vody zvl\u00e1dnut\u00e1 u\u017e pom\u011brn\u011b dob\u0159e, kysl\u00edk vlastn\u011b taky, ale je tam po\u0159\u00e1d ten probl\u00e9m, \u017ee nen\u00ed to uzav\u0159en\u00fd cyklus, po\u0159\u00e1d tam jsou v\u017edycky n\u011bjak\u00e9 spot\u0159ebn\u00ed materi\u00e1ly.<\/p>\n\n\n\n<p>Martin Srb, redaktor<br \/>&#8212;&#8212;&#8212;&#8212;&#8212;&#8212;&#8211;<br \/>Pr\u00e1v\u011b proto se v\u011bdci nevzd\u00e1vaj\u00ed my\u0161lenky vyu\u017e\u00edt zelen\u00e9 \u0159asy, jen\u017ee v tzv. stavu bezt\u00ed\u017ee by bublaj\u00edc\u00ed bio reaktory nefungovaly.<\/p>\n\n\n\n<p>mluv\u010d\u00ed 11,<br \/>&#8212;&#8212;&#8212;&#8212;&#8212;&#8212;&#8211;<br \/>\u0158asy ve vesm\u00edru jako takov\u00e9. To nen\u00ed novum samo o sob\u011b v\u016fbec. \u010ceskoslovensk\u00fd experiment, kter\u00fd let\u011bl s Vladim\u00edrem Remkem, nebo ten experiment chlorala, co je pr\u00e1v\u011b obt\u00ed\u017en\u00e9, je dos\u00e1hnout mimo jin\u00e9 d\u016fkladn\u00e9 v\u00fdm\u011bny plynu.<\/p>\n\n\n\n<p>mluv\u010d\u00ed 2,<br \/>&#8212;&#8212;&#8212;&#8212;&#8212;&#8212;&#8211;<br \/>Tady jsou ty hadi\u010dky, tam to probubl\u00e1v\u00e1 v\u0161echno, ale ty bublinky se zav\u00e1d\u00ed ke dnu a stoupaj\u00ed nahoru.<\/p>\n\n\n\n<p>mluv\u010d\u00ed 11,<br \/>&#8212;&#8212;&#8212;&#8212;&#8212;&#8212;&#8211;<br \/>No, a to se p\u0159esn\u011b mikrogravitaci nestane. Bublina v\u00e1m z\u016fstane tam, kde ji vypust\u00edte.<\/p>\n\n\n\n<p>Martin Srb, redaktor<br \/>&#8212;&#8212;&#8212;&#8212;&#8212;&#8212;&#8211;<br \/>Zelen\u00e9 bu\u0148ky p\u0159itom pot\u0159ebuj\u00ed, aby se bublinky vzduchu pohybovaly tak, aby m\u011bly dostatek oxid\u016f uhli\u010dit\u00e9ho, a p\u0159itom se neutopily v kysl\u00edku.<\/p>\n\n\n\n<p>mluv\u010d\u00ed 10,<br \/>&#8212;&#8212;&#8212;&#8212;&#8212;&#8212;&#8211;<br \/>N\u00e1m jako lidem se l\u00edb\u00ed, proto\u017ee my ten kysl\u00edk d\u00fdch\u00e1me, ale pro \u0159asy to je jed, oni se ho pot\u0159ebuj\u00ed zbavit, kdy\u017e koncentrace toho kysl\u00edku v t\u00e9 kapalin\u011b stoupne nad n\u011bjakou mez, tak zastav\u00ed r\u016fst t\u011bch \u0159as.<\/p>\n\n\n\n<p>Martin Srb, redaktor<br \/>&#8212;&#8212;&#8212;&#8212;&#8212;&#8212;&#8211;<br \/>V\u011bdci proto mus\u00ed pro vesm\u00edrn\u00e9 pou\u017eit\u00ed bublinky rozpohybovat jin\u00fdm zp\u016fsobem. Irena Br\u00e1nikov\u00e1 a Jaroslav Kousal pr\u00e1v\u011b pracuj\u00ed na experimentu, kter\u00fd je mezi vybran\u00fdmi pro \u010deskou cestu na Mezin\u00e1rodn\u00ed vesm\u00edrnou stanici.<\/p>\n\n\n\n<p>mluv\u010d\u00ed 10,<br \/>&#8212;&#8212;&#8212;&#8212;&#8212;&#8212;&#8211;<br \/>Kdy\u017e si p\u0159edstav\u00edme tenkou trubi\u010dku a v tom budou mal\u00e9 p\u00edsty, kdy\u017e bude kousek kapalina, kousek plyn, kousek kapalina, kousek plyn, vlastn\u011b se budou ty bublinky tvo\u0159it st\u0159\u00eddav\u00fdm pumpov\u00e1n\u00edm.<\/p>\n\n\n\n<p>mluv\u010d\u00ed 11,<br \/>&#8212;&#8212;&#8212;&#8212;&#8212;&#8212;&#8211;<br \/>Experiment uspo\u0159\u00e1dat i jinak. Je\u0161t\u011b budeme zva\u017eovat, jestli opravdu to budeme d\u011blat p\u0159esn\u011b t\u00edmhle zp\u016fsobem. Ne, \u017ee by to byl ten nejlep\u0161\u00ed zp\u016fsob nutn\u011b, ale vy\u0161el n\u00e1m jako nejl\u00e9pe realizovateln\u00fd.<\/p>\n\n\n\n<p>Martin Srb, redaktor<br \/>&#8212;&#8212;&#8212;&#8212;&#8212;&#8212;&#8211;<br \/>Kdy\u017e tento experiment usp\u011bje, je\u0161t\u011b to neznamen\u00e1, \u017ee by si astronauti hned mohli pochutn\u00e1vat na \u0159as\u00e1ch a jejich kysl\u00edku. Spr\u00e1vn\u011b nastavit fotosynt\u00e9zu je slo\u017eit\u00e9 i na zemi, \u0159asy pot\u0159ebuj\u00ed spr\u00e1vnou teplotu a spr\u00e1vnou barvu osv\u011btlen\u00ed.<\/p>\n\n\n\n<p>mluv\u010d\u00ed 10,<br \/>&#8212;&#8212;&#8212;&#8212;&#8212;&#8212;&#8211;<br \/>Tady studen\u00e1, b\u00edl\u00e1, tepl\u00e1, b\u00edl\u00e1, \u010derven\u00e1, oran\u017eov\u00e1, zelen\u00e1, modr\u00e1. Testujeme, jak energeticky n\u00e1ro\u010dn\u00e9 je vyp\u011bstovat jednak biomasu tzv. spiruliny, ale potom i fikociain, co\u017e je antioxidant. Tady b\u011b\u017e\u00ed \u0159ada pokus\u016f, kter\u00e9 porovn\u00e1vaj\u00ed.<\/p>\n\n\n\n<p>Martin Srb, redaktor<br \/>&#8212;&#8212;&#8212;&#8212;&#8212;&#8212;&#8211;<br \/>U\u017e dnes se v bio reaktorech p\u0159ipravuj\u00ed n\u011bkter\u00e9 potravinov\u00e9 dopl\u0148ky. Pro astronauty je to podle v\u011bdc\u016f nejv\u00fdhodn\u011bj\u0161\u00ed zp\u016fsob, jak zaji\u0161\u0165ovat kysl\u00edk beze ztr\u00e1t.<\/p>\n\n\n\n<p>Na \u010deskou misi k Mezin\u00e1rodn\u00ed vesm\u00edrn\u00e9 stanici se p\u0159ipravuje 14 v\u011bdeck\u00fdch experiment\u016f, p\u0159ed ned\u00e1vnem ji ministerstvo dopravy poslalo k posouzen\u00ed Evropsk\u00e9 kosmick\u00e9 agentu\u0159e ESA. Sou\u010dasn\u00e1 podoba n\u00e1vrh\u016f se tak je\u0161t\u011b m\u016f\u017ee pozm\u011bnit a nakonec jich m\u016f\u017ee let\u011bt m\u00ed\u0148 nebo i v\u00edc ne\u017e 14. P\u0159\u00edpravy p\u0159ibli\u017euje mana\u017eer programu a jeden z \u010desk\u00fdch z\u00e1stupc\u016f v org\u00e1nech ESA Ond\u0159ej Rohl\u00edk.<\/p>\n\n\n\n<p>mluv\u010d\u00ed 12,<br \/>&#8212;&#8212;&#8212;&#8212;&#8212;&#8212;&#8211;<br \/>Za n\u011bjak\u00fdch t\u00fdden 14 dn\u00ed ESA za\u0161le t\u011bm navrhovatel\u016fm projekt\u016f n\u011bjak\u00fd form\u00e1ln\u00ed dokument a n\u00e1sledn\u00e9 diskuzi mezi ESA p\u0159edkladatelem se vlastn\u011b vycizeluje, zda ten projekt je realizovateln\u00fd tak, jak jsme ho v\u0161ichni pochopili, anebo jestli tam je n\u011bjak\u00fd radik\u00e1ln\u00ed z\u00e1drhel, kter\u00fd by tomu je\u0161t\u011b snad mohl zabr\u00e1nit, to nep\u0159edpokl\u00e1d\u00e1me.<\/p>\n\n\n\n<p>Martin Srb, redaktor<br \/>&#8212;&#8212;&#8212;&#8212;&#8212;&#8212;&#8211;<br \/>Podle \u010deho hodnotitel\u00e9 vyb\u00edrali experimenty? M\u016f\u017eete uv\u00e9st p\u0159\u00edklad n\u011bjak\u00fdch krit\u00e9ri\u00ed.<\/p>\n\n\n\n<p>mluv\u010d\u00ed 12,<br \/>&#8212;&#8212;&#8212;&#8212;&#8212;&#8212;&#8211;<br \/>Zku\u0161enosti toho t\u00fdmu s t\u00edm p\u0159edm\u011btem studia. Taky dopad na ve\u0159ejnost, na tu v\u011bdeckou nebo technickou komunitu. Tady k tomu v\u0161emu se ESA vyj\u00e1d\u0159ila a v tom druh\u00e9m kole se pak tomu v\u011bnoval osmi\u010dlenn\u00fd v\u00fdbor. Nakolik je to zaj\u00edmav\u00e9 jako pro \u010ceskou republiku, jak jsou tam t\u0159eba rozlo\u017eeny ty experimenty region\u00e1ln\u011b. Zastoupen\u00ed univerzit Akademie v\u011bd, firem, v\u011bdy o \u017eivot\u011b, fyzik\u00e1ln\u00ed v\u011bdy, tady v tom jsme m\u011bli docela \u0161t\u011bst\u00ed, jak vlastn\u011b ESA vyhodnotila, tak n\u00e1m to vlastn\u011b vy\u0161lo stejn\u011b.<\/p>\n\n\n\n<p>Martin Srb, redaktor<br \/>&#8212;&#8212;&#8212;&#8212;&#8212;&#8212;&#8211;<br \/>Bylo to t\u011b\u017ek\u00e9 rozhodov\u00e1n\u00ed.<\/p>\n\n\n\n<p>mluv\u010d\u00ed 12,<br \/>&#8212;&#8212;&#8212;&#8212;&#8212;&#8212;&#8211;<br \/>Bylo t\u0159eba t\u0159i n\u00e1vrhy, kter\u00e9 pot\u0159eboval jeden konkr\u00e9tn\u00ed inkub\u00e1tor, ale ten inkub\u00e1tor je na t\u00e9 stanici jenom jeden, \u010dili m\u016f\u017ee b\u00fdt jenom jeden, kter\u00fd je bude vyu\u017e\u00edvat, nicm\u00e9n\u011b ten v\u00fdbor d\u00e1 n\u011bjak\u00e9 takov\u00e9 doporu\u010den\u00ed, \u017ee kdyby se uk\u00e1zalo, \u017ee by se naskytla p\u0159\u00edle\u017eitost vyu\u017e\u00edt dal\u0161\u00ed, t\u0159eba nov\u00fd i soukrom\u00fd inkub\u00e1tor. A proto\u017ee takov\u00e9 firmy vznikaj\u00ed, tak bysme se na to ur\u010dit\u011b je\u0161t\u011b pod\u00edvali. Je tam n\u011bjak\u00e1 forma z\u00e1lo\u017en\u00edk\u016f.<\/p>\n\n\n\n<p>Martin Srb, redaktor<br \/>&#8212;&#8212;&#8212;&#8212;&#8212;&#8212;&#8211;<br \/>Nakonec tedy m\u016f\u017ee t\u011bch experiment\u016f b\u00fdt m\u00e9n\u011b ne\u017e 14, ale tak\u00e9 v\u00edce ne\u017e 14.<\/p>\n\n\n\n<p>mluv\u010d\u00ed 12,<br \/>&#8212;&#8212;&#8212;&#8212;&#8212;&#8212;&#8211;<br \/>Ano, ano. Tak\u00e9 se t\u0159eba m\u016f\u017ee st\u00e1t, \u017ee dva podobn\u00e9 experimenty, kter\u00e9 vyu\u017e\u00edvaj\u00ed stejn\u00fd typ hardwaru, budou slou\u010deny do jednoho experimentu, tak\u017ee i to se m\u016f\u017ee st\u00e1t. Rozhodn\u011b. Jsme tam takov\u00e9 p\u0159\u00edpady vid\u011bli.<\/p>\n\n\n\n<p>Martin Srb, redaktor<br \/>&#8212;&#8212;&#8212;&#8212;&#8212;&#8212;&#8211;<br \/>V na\u0161em vys\u00edl\u00e1n\u00ed jsme p\u0159edstavili nap\u0159\u00edklad experimenty se zelen\u00fdmi \u0159asami, tak\u017ee kdy\u017e tam bude v\u00edc podobn\u00fdch, mohou se spojit dohromady.<\/p>\n\n\n\n<p>mluv\u010d\u00ed 12,<br \/>&#8212;&#8212;&#8212;&#8212;&#8212;&#8212;&#8211;<br \/>Pokud jde o \u0159asy, tak vid\u00edm t\u0159i experimenty, ze kter\u00fdch mo\u017en\u00e1 budou dva, jak jsem \u0159\u00edkal, mo\u017en\u00e1 spojen\u00ed n\u011bjak\u00fdch experiment\u016f, pr\u00e1v\u011b d\u00edky podobnosti.<\/p>\n\n\n\n<p>Martin Srb, redaktor<br \/>&#8212;&#8212;&#8212;&#8212;&#8212;&#8212;&#8211;<br \/>O experimentech se mluv\u00ed hlavn\u011b v souvislosti s letem Ale\u0161e Svobody. M\u016f\u017ee se ale st\u00e1t, \u017ee na stanici doraz\u00ed i d\u0159\u00edv.<\/p>\n\n\n\n<p>mluv\u010d\u00ed 12,<br \/>&#8212;&#8212;&#8212;&#8212;&#8212;&#8212;&#8211;<br \/>Minim\u00e1ln\u011b dva. Nav\u00edc k t\u011bm 14 vypadaj\u00ed tak, \u017ee by bylo vlastn\u011b vhodn\u00e9 realizovat jin\u00fdm zp\u016fsobem, ne\u017e ti v\u011bdci navrhli a d\u00edky tomu se na ISS mohou dostat i t\u0159eba o rok d\u0159\u00edve, ne\u017e Svoboda, proto\u017ee hned nap\u0159\u00edklad nepot\u0159ebuj\u00ed b\u00fdt uvnit\u0159 t\u00e9 stanice, ale mohou b\u00fdt namontov\u00e1ny na extern\u00ed platformu Bartolomeo, kter\u00e1 je vn\u011b t\u00e9 stanice a na to ESA bude p\u0159ipravovat koncem roku specifickou v\u00fdzvu, kdy\u017e ti navrhovatel\u00e9 po\u0161lou ten n\u00e1vrh do t\u00e9 v\u00fdzvy, tak vlastn\u011b m\u016f\u017eou m\u00edt v\u00fdsledky podstatn\u011b rychleji ne\u017e skrze tu na\u0161i misi.<\/p>\n\n\n\n<p>Martin Srb, redaktor<br \/>&#8212;&#8212;&#8212;&#8212;&#8212;&#8212;&#8211;<br \/>To u\u017e tedy bude mimo hlavi\u010dku \u010desk\u00e9 cesty do vesm\u00edru.<\/p>\n\n\n\n<p>mluv\u010d\u00ed 12,<br \/>&#8212;&#8212;&#8212;&#8212;&#8212;&#8212;&#8211;<br \/>Mus\u00edme se na to d\u00edvat tak, \u017ee Evropsk\u00e1 kosmick\u00e1 agentura je tak\u00e9 zdroj p\u0159\u00edle\u017eitost\u00ed pro kosmick\u00e9 lety, \u010dili \u010de\u0161t\u00ed v\u011bdci nemus\u00ed jenom \u010dekat na to, co pro n\u011b p\u0159iprav\u00edme my, v \u010cesk\u00e9 republice, ale mohou samoz\u0159ejm\u011b se \u00fa\u010dastnit a \u00fa\u010dastn\u00ed se i t\u011bch evropsk\u00fdch v\u00fdzev. Jinak t\u011bch 14 experiment\u016f je mo\u017en\u00e9 vid\u011bt na port\u00e1lu Czech Space port\u00e1l, kde se poslucha\u010di m\u016f\u017eou pod\u00edvat, co v\u00fdbor doporu\u010dil.<\/p>\n\n\n\n<p>Martin Srb, redaktor<br \/>&#8212;&#8212;&#8212;&#8212;&#8212;&#8212;&#8211;<br \/>Dod\u00e1v\u00e1 Ond\u0159ej Rohl\u00edk z ministerstva dopravy, jeden z \u010desk\u00fdch deleg\u00e1t\u016f v org\u00e1nech Evropsk\u00e9 kosmick\u00e9 agentury ESA. <\/p>\n\n\n\n<p>Radio\u017eurn\u00e1l.<\/p>\n\n\n\n<p><\/p>\n","protected":false},"excerpt":{"rendered":"<div class=\"mh-excerpt\"><p>Vojt\u011bch Bidrman, moder\u00e1tor&#8212;&#8212;&#8212;&#8212;&#8212;&#8212;&#8211;Astronauti by mohli z\u00edsk\u00e1vat kysl\u00edk i potraviny ze zelen\u00fdch \u0159as a sinic, jen\u017ee ty ve stavu bezt\u00ed\u017ee nefunguj\u00ed tak jako na Zemi. Zvl\u00e1dnout <a class=\"mh-excerpt-more\" href=\"https:\/\/www.invarena.cz\/?p=59112\" title=\"Z\u00edsk\u00e1vat kysl\u00edk i potraviny ze zelen\u00fdch \u0159as a sinic\">[&#8230;]<\/a><\/p>\n<\/div>","protected":false},"author":1,"featured_media":59117,"comment_status":"open","ping_status":"closed","sticky":false,"template":"","format":"standard","meta":{"footnotes":""},"categories":[9],"tags":[],"class_list":["post-59112","post","type-post","status-publish","format-standard","has-post-thumbnail","hentry","category-zpravy"],"_links":{"self":[{"href":"https:\/\/www.invarena.cz\/index.php?rest_route=\/wp\/v2\/posts\/59112","targetHints":{"allow":["GET"]}}],"collection":[{"href":"https:\/\/www.invarena.cz\/index.php?rest_route=\/wp\/v2\/posts"}],"about":[{"href":"https:\/\/www.invarena.cz\/index.php?rest_route=\/wp\/v2\/types\/post"}],"author":[{"embeddable":true,"href":"https:\/\/www.invarena.cz\/index.php?rest_route=\/wp\/v2\/users\/1"}],"replies":[{"embeddable":true,"href":"https:\/\/www.invarena.cz\/index.php?rest_route=%2Fwp%2Fv2%2Fcomments&post=59112"}],"version-history":[{"count":0,"href":"https:\/\/www.invarena.cz\/index.php?rest_route=\/wp\/v2\/posts\/59112\/revisions"}],"wp:featuredmedia":[{"embeddable":true,"href":"https:\/\/www.invarena.cz\/index.php?rest_route=\/wp\/v2\/media\/59117"}],"wp:attachment":[{"href":"https:\/\/www.invarena.cz\/index.php?rest_route=%2Fwp%2Fv2%2Fmedia&parent=59112"}],"wp:term":[{"taxonomy":"category","embeddable":true,"href":"https:\/\/www.invarena.cz\/index.php?rest_route=%2Fwp%2Fv2%2Fcategories&post=59112"},{"taxonomy":"post_tag","embeddable":true,"href":"https:\/\/www.invarena.cz\/index.php?rest_route=%2Fwp%2Fv2%2Ftags&post=59112"}],"curies":[{"name":"wp","href":"https:\/\/api.w.org\/{rel}","templated":true}]}}