{"id":59155,"date":"2025-07-10T21:51:51","date_gmt":"2025-07-10T19:51:51","guid":{"rendered":"https:\/\/www.invarena.cz\/?p=59155"},"modified":"2025-07-10T21:51:52","modified_gmt":"2025-07-10T19:51:52","slug":"investice-v-socialni-oblasti-chystaji-se-opravy-i-rozsireni-sluzeb","status":"publish","type":"post","link":"https:\/\/www.invarena.cz\/?p=59155","title":{"rendered":"Investice v soci\u00e1ln\u00ed oblasti. Chystaj\u00ed se opravy i roz\u0161\u00ed\u0159en\u00ed slu\u017eeb"},"content":{"rendered":"\n<p>Hned n\u011bkolik stavebn\u00edch investic v soci\u00e1ln\u00ed oblasti podpo\u0159ili radn\u00ed Zl\u00ednsk\u00e9ho kraje. Finan\u010dn\u011b p\u0159isp\u011bje na stavbu komunitn\u00ed soci\u00e1ln\u00ed slu\u017eby v Hul\u00edn\u011b \u010di opravy v Domov\u011b pro seniory Nezdenice, revitalizovat se bude are\u00e1l Domova pro osoby se zdravotn\u00edm posti\u017een\u00edm Vala\u0161sk\u00e9 Mezi\u0159\u00ed\u010d\u00ed a v Domov\u011b pro seniory Ro\u017enov pod Radho\u0161t\u011bm vznikne nov\u00e9 parkovi\u0161t\u011b.<\/p>\n\n\n\n<p>\u201eKa\u017ed\u00e1 koruna vlo\u017een\u00e1 do z\u00e1zem\u00ed soci\u00e1ln\u00edch slu\u017eeb je dlouhodobou investic\u00ed do kvality \u017eivota lid\u00ed, kte\u0159\u00ed na\u0161i pomoc pot\u0159ebuj\u00ed. Tyto projekty nejsou jen o stavb\u00e1ch samotn\u00fdch, ale hlavn\u011b o smyslupln\u00e9m vyu\u017eit\u00ed ve\u0159ejn\u00fdch prost\u0159edk\u016f tam, kde skute\u010dn\u011b pom\u00e1haj\u00ed,\u201c uvedl radn\u00ed Zl\u00ednsk\u00e9ho kraje pro oblast investic Miroslav Zem\u00e1nek.<\/p>\n\n\n\n<p>Dv\u011b investice sm\u011b\u0159uj\u00ed do Domova pro seniory Nezdenice, kde z\u00e1rove\u0148 pokra\u010duje modernizace st\u00e1vaj\u00edc\u00edho komunika\u010dn\u00edho syst\u00e9mu mezi klienty a person\u00e1lem. Po\u010d\u00edt\u00e1 se s vybudov\u00e1n\u00edm dvou p\u0159\u00edpojek n\u00edzk\u00e9ho nap\u011bt\u00ed za 1,9 milionu korun i nov\u00e9ho evakua\u010dn\u00edho v\u00fdtahu za 4,910 milionu. V prvn\u00edm p\u0159\u00edpad\u011b m\u00e1 b\u00fdt hotovo do konce roku, v druh\u00e9m do poloviny roku 2026. Investici do p\u0159\u00edpojek bude z vlastn\u00edch zdroj\u016f financovat p\u0159\u00edsp\u011bvkov\u00e1 organizace Soci\u00e1ln\u00ed slu\u017eby Ol\u0161ava, kter\u00e1 spad\u00e1 pod Zl\u00ednsk\u00fd kraj, a na investici do v\u00fdtahu p\u016fjde 4,410 milionu z rozpo\u010dtu kraje a zbytek pokryje op\u011bt p\u0159\u00edsp\u011bvkov\u00e1 organizace.<\/p>\n\n\n\n<p>Nov\u00fd domov pro osoby se zdravotn\u00edm posti\u017een\u00edm komunitn\u00edho typu, kter\u00fd se co nejv\u00edce p\u0159ibl\u00ed\u017e\u00ed klasick\u00e9mu rodinn\u00e9mu bydlen\u00ed, by m\u011bl vzniknout v Hul\u00edn\u011b. Bezbari\u00e9rov\u00e1 dvoupodla\u017en\u00ed stavba pro 18 klient\u016f bude rozd\u011blen\u00e1 do \u010dty\u0159 dom\u00e1cnost\u00ed a m\u00edsto v n\u00ed najdou st\u00e1vaj\u00edc\u00ed obyvatel\u00e9 DOZP Zborovice. Sou\u010d\u00e1st\u00ed bude i z\u00e1zem\u00ed pro person\u00e1l. Celkov\u00e1 investice vyjde odhadem na 151,6 milionu korun, Zl\u00ednsk\u00fd kraj p\u0159isp\u011bje \u010d\u00e1stkou 26,628 milionu. Investice je podm\u00edn\u011bn\u00e1 ziskem evropsk\u00e9 dotace, kter\u00e1 \u010din\u00ed necel\u00fdch 125 milion\u016f korun. V leto\u0161n\u00edm roce bude po v\u00fdb\u011bru projektanta zah\u00e1jena projektov\u00e1 p\u0159\u00edprava a n\u00e1sledn\u011b pod\u00e1na \u017e\u00e1dost o stavebn\u00ed povolen\u00ed. Stavba by m\u011bla za\u010d\u00edt v polovin\u011b roku 2027, jakmile bude vybran\u00fd dodavatel. Hotovo m\u00e1 b\u00fdt do konce roku 2028.<\/p>\n\n\n\n<p>V Domov\u011b pro osoby se zdravotn\u00edm posti\u017een\u00edm Vala\u0161sk\u00e9 Mezi\u0159\u00ed\u010d\u00ed vznikne nov\u00e1 pergola a sou\u010d\u00e1st\u00ed investice je i zpevn\u011bn\u00ed ploch v are\u00e1lu. N\u00e1klady \u010d\u00edtaj\u00edc\u00ed 705 tis\u00edc korun uhrad\u00ed p\u0159\u00edsp\u011bvkov\u00e1 organizace Soci\u00e1ln\u00ed slu\u017eby Vset\u00edn, kter\u00e1 spad\u00e1 pod Zl\u00ednsk\u00fd kraj, hotovo m\u00e1 b\u00fdt do konce roku.<\/p>\n\n\n\n<p>Domov pro seniory v Ro\u017enov\u011b pod Radho\u0161t\u011bm vybuduje nov\u00fdch 24 parkovac\u00edch m\u00edst, kter\u00e1 by m\u011bla za\u010d\u00edt slou\u017eit za\u010d\u00e1tkem p\u0159\u00ed\u0161t\u00edho roku. Celkov\u00e9 n\u00e1klady jsou 2,225 milionu korun a z vlastn\u00edch zdroj\u016f je uhrad\u00ed Soci\u00e1ln\u00ed slu\u017eby Vset\u00edn, spadaj\u00edc\u00ed pod kraj.<\/p>\n\n\n\n<p>Martin B\u0159enek<\/p>\n\n\n\n<p>Krom\u011b\u0159\u00ed\u017esk\u00fd den\u00edk<\/p>\n\n\n\n<p><a href=\"https:\/\/kromerizsky.denik.cz\" target=\"_blank\" rel=\"noreferrer noopener\">https:\/\/kromerizsky.denik.cz<\/a><\/p>\n","protected":false},"excerpt":{"rendered":"<div class=\"mh-excerpt\"><p>Hned n\u011bkolik stavebn\u00edch investic v soci\u00e1ln\u00ed oblasti podpo\u0159ili radn\u00ed Zl\u00ednsk\u00e9ho kraje. Finan\u010dn\u011b p\u0159isp\u011bje na stavbu komunitn\u00ed soci\u00e1ln\u00ed slu\u017eby v Hul\u00edn\u011b \u010di opravy v Domov\u011b pro <a class=\"mh-excerpt-more\" href=\"https:\/\/www.invarena.cz\/?p=59155\" title=\"Investice v soci\u00e1ln\u00ed oblasti. Chystaj\u00ed se opravy i roz\u0161\u00ed\u0159en\u00ed slu\u017eeb\">[&#8230;]<\/a><\/p>\n<\/div>","protected":false},"author":1,"featured_media":4002,"comment_status":"open","ping_status":"closed","sticky":false,"template":"","format":"standard","meta":{"footnotes":""},"categories":[9],"tags":[],"class_list":["post-59155","post","type-post","status-publish","format-standard","has-post-thumbnail","hentry","category-zpravy"],"_links":{"self":[{"href":"https:\/\/www.invarena.cz\/index.php?rest_route=\/wp\/v2\/posts\/59155","targetHints":{"allow":["GET"]}}],"collection":[{"href":"https:\/\/www.invarena.cz\/index.php?rest_route=\/wp\/v2\/posts"}],"about":[{"href":"https:\/\/www.invarena.cz\/index.php?rest_route=\/wp\/v2\/types\/post"}],"author":[{"embeddable":true,"href":"https:\/\/www.invarena.cz\/index.php?rest_route=\/wp\/v2\/users\/1"}],"replies":[{"embeddable":true,"href":"https:\/\/www.invarena.cz\/index.php?rest_route=%2Fwp%2Fv2%2Fcomments&post=59155"}],"version-history":[{"count":0,"href":"https:\/\/www.invarena.cz\/index.php?rest_route=\/wp\/v2\/posts\/59155\/revisions"}],"wp:featuredmedia":[{"embeddable":true,"href":"https:\/\/www.invarena.cz\/index.php?rest_route=\/wp\/v2\/media\/4002"}],"wp:attachment":[{"href":"https:\/\/www.invarena.cz\/index.php?rest_route=%2Fwp%2Fv2%2Fmedia&parent=59155"}],"wp:term":[{"taxonomy":"category","embeddable":true,"href":"https:\/\/www.invarena.cz\/index.php?rest_route=%2Fwp%2Fv2%2Fcategories&post=59155"},{"taxonomy":"post_tag","embeddable":true,"href":"https:\/\/www.invarena.cz\/index.php?rest_route=%2Fwp%2Fv2%2Ftags&post=59155"}],"curies":[{"name":"wp","href":"https:\/\/api.w.org\/{rel}","templated":true}]}}