{"id":59299,"date":"2025-07-15T23:00:58","date_gmt":"2025-07-15T21:00:58","guid":{"rendered":"https:\/\/www.invarena.cz\/?p=59299"},"modified":"2025-07-15T23:00:59","modified_gmt":"2025-07-15T21:00:59","slug":"cesko-celi-tsunami-nemoci-srdce","status":"publish","type":"post","link":"https:\/\/www.invarena.cz\/?p=59299","title":{"rendered":"\u010cesko \u010del\u00ed tsunami nemoc\u00ed srdce"},"content":{"rendered":"\n<p>Nemocn\u00e9 srdce a c\u00e9vy maj\u00ed t\u00e9m\u011b\u0159 t\u0159i miliony \u010cech\u016f. Ka\u017ed\u00fd rok na kardiovaskul\u00e1rn\u00ed onemocn\u011bn\u00ed zem\u0159e 40 tis\u00edc lid\u00ed, co\u017e z n\u011bj d\u011bl\u00e1 nej\u010dast\u011bj\u0161\u00ed p\u0159\u00ed\u010dinu \u00famrt\u00ed. Prudk\u00e9 navy\u0161ov\u00e1n\u00ed po\u010dtu p\u0159\u00edpad\u016f v posledn\u00edch letech kardiologov\u00e9 p\u0159irovn\u00e1vaj\u00ed k vln\u011b tsunami. Pro\u010d je tomu tak, vysv\u011btluje profesor Jan Krej\u010d\u00ed, p\u0159ednosta I. intern\u00ed kardioangiologick\u00e9 kliniky Fakultn\u00ed nemocnice u sv. Anny v Brn\u011b.<\/p>\n\n\n\n<p>Cel\u00fd \u010dl\u00e1nek naleznete na novinky.cz: <a href=\"https:\/\/www.novinky.cz\/clanek\/zdravi-cesko-celi-tsunami-nemoci-srdce-40527670\" target=\"_blank\" rel=\"noreferrer noopener\">https:\/\/www.novinky.cz\/clanek\/zdravi-cesko-celi-tsunami-nemoci-srdce-40527670<\/a><\/p>\n","protected":false},"excerpt":{"rendered":"<div class=\"mh-excerpt\"><p>Nemocn\u00e9 srdce a c\u00e9vy maj\u00ed t\u00e9m\u011b\u0159 t\u0159i miliony \u010cech\u016f. Ka\u017ed\u00fd rok na kardiovaskul\u00e1rn\u00ed onemocn\u011bn\u00ed zem\u0159e 40 tis\u00edc lid\u00ed, co\u017e z n\u011bj d\u011bl\u00e1 nej\u010dast\u011bj\u0161\u00ed p\u0159\u00ed\u010dinu \u00famrt\u00ed. <a class=\"mh-excerpt-more\" href=\"https:\/\/www.invarena.cz\/?p=59299\" title=\"\u010cesko \u010del\u00ed tsunami nemoc\u00ed srdce\">[&#8230;]<\/a><\/p>\n<\/div>","protected":false},"author":1,"featured_media":14888,"comment_status":"open","ping_status":"closed","sticky":false,"template":"","format":"standard","meta":{"footnotes":""},"categories":[9],"tags":[],"class_list":["post-59299","post","type-post","status-publish","format-standard","has-post-thumbnail","hentry","category-zpravy"],"_links":{"self":[{"href":"https:\/\/www.invarena.cz\/index.php?rest_route=\/wp\/v2\/posts\/59299","targetHints":{"allow":["GET"]}}],"collection":[{"href":"https:\/\/www.invarena.cz\/index.php?rest_route=\/wp\/v2\/posts"}],"about":[{"href":"https:\/\/www.invarena.cz\/index.php?rest_route=\/wp\/v2\/types\/post"}],"author":[{"embeddable":true,"href":"https:\/\/www.invarena.cz\/index.php?rest_route=\/wp\/v2\/users\/1"}],"replies":[{"embeddable":true,"href":"https:\/\/www.invarena.cz\/index.php?rest_route=%2Fwp%2Fv2%2Fcomments&post=59299"}],"version-history":[{"count":0,"href":"https:\/\/www.invarena.cz\/index.php?rest_route=\/wp\/v2\/posts\/59299\/revisions"}],"wp:featuredmedia":[{"embeddable":true,"href":"https:\/\/www.invarena.cz\/index.php?rest_route=\/wp\/v2\/media\/14888"}],"wp:attachment":[{"href":"https:\/\/www.invarena.cz\/index.php?rest_route=%2Fwp%2Fv2%2Fmedia&parent=59299"}],"wp:term":[{"taxonomy":"category","embeddable":true,"href":"https:\/\/www.invarena.cz\/index.php?rest_route=%2Fwp%2Fv2%2Fcategories&post=59299"},{"taxonomy":"post_tag","embeddable":true,"href":"https:\/\/www.invarena.cz\/index.php?rest_route=%2Fwp%2Fv2%2Ftags&post=59299"}],"curies":[{"name":"wp","href":"https:\/\/api.w.org\/{rel}","templated":true}]}}