{"id":59302,"date":"2025-07-15T23:07:44","date_gmt":"2025-07-15T21:07:44","guid":{"rendered":"https:\/\/www.invarena.cz\/?p=59302"},"modified":"2025-07-15T23:07:45","modified_gmt":"2025-07-15T21:07:45","slug":"vice-nez-pul-milionu-vynesly-benefice-slovackeho-leta-minuta-ticha-pro-margitu","status":"publish","type":"post","link":"https:\/\/www.invarena.cz\/?p=59302","title":{"rendered":"V\u00edce ne\u017e p\u016fl milionu vynesly benefice Slov\u00e1ck\u00e9ho l\u00e9ta. Minuta ticha pro Margitu"},"content":{"rendered":"\n<p>Leto\u0161n\u00ed 18. ro\u010dn\u00edk outdoorov\u00e9ho festivalu Slov\u00e1ck\u00e9 l\u00e9to se krom\u011b sportovn\u00edch a hudebn\u00edch aktivit v\u011bnoval tak\u00e9 dobro\u010dinnosti. V pr\u016fb\u011bhu t\u0159\u00ed koncert\u016f vyb\u00edrali organiz\u00e1to\u0159i dobrovoln\u00e9 vstupn\u00e9 do kasi\u010dek. Benefi\u010dn\u00ed partne\u0159i ve\u010dera jej pot\u00e9 zdvojn\u00e1sobili a p\u0159i ofici\u00e1ln\u00edm zakon\u010den\u00ed festivalu v sobotu 12. \u010dervence p\u0159edali \u0161eky s v\u00fdsledn\u00fdmi \u010d\u00e1stkami t\u011bm, jim\u017e byly ur\u010deny.<\/p>\n\n\n\n<p>\u201e\u010c\u00e1stkou 251 320 korun tak spole\u010dnost Ray Service, a.s. a div\u00e1ci podpo\u0159ili mal\u00e9ho bojovn\u00edka Anton\u00edna s epilepsi\u00ed, v\u00fdvojovou dysf\u00e1zi\u00ed a lehk\u00fdm ment\u00e1ln\u00edm posti\u017een\u00edm,\u201c uvedla mluv\u010d\u00ed Slov\u00e1ck\u00e9ho l\u00e9ta Petra Ku\u010derov\u00e1. Ton\u00edkova maminka poslala vzkaz po soci\u00e1ln\u00edch s\u00edt\u00edch. &#8222;I kdy\u017e jsem nestihla pod\u011bkovat Slov\u00e1ck\u00e9mu l\u00e9tu a firm\u011b Ray Service a v\u0161em, co se pod\u00edleli na benefici, organizaci\u2026 a v\u0161em lidem co p\u0159i\u0161li a p\u0159isp\u011bli\u2026 jsme nesm\u00edrn\u011b r\u00e1di, \u017ee Ton\u00edk bude m\u00edt v\u00edce mo\u017enost\u00ed pro sv\u00e9 zdokonalov\u00e1n\u00ed a p\u00e9\u010di kterou pot\u0159ebuje,\u201c vzk\u00e1zala Kate\u0159ina \u0160ebestov\u00e1.<\/p>\n\n\n\n<p>Firma MESIT v\u011bnovala \ufe0fNada\u010dn\u00edmu fondu Nez\u00e1vod\u00edm &#8211; Pom\u00e1h\u00e1m 200 tis\u00edc korun na po\u0159\u00edzen\u00ed specializovan\u00fdch l\u00e9ka\u0159sk\u00fdch p\u0159\u00edstroj\u016f. Slavnostn\u00edho ve\u010dera se z\u00fa\u010dastnila tak\u00e9 Sabina Posp\u00ed\u0161ilov\u00e1, na jej\u00ed\u017e n\u00e1kladnou operaci ve \u0160pan\u011blsku uspo\u0159\u00e1dal Nada\u010dn\u00ed fond Nez\u00e1vod\u00edm &#8211; Pom\u00e1h\u00e1m spolu se Slov\u00e1ck\u00fdm l\u00e9tem benefici vloni, a p\u0159isp\u011bl tak k v\u00fdrazn\u00e9mu zlep\u0161en\u00ed jej\u00edho zdravotn\u00edho stavu.<\/p>\n\n\n\n<p>Spole\u010dnost YouRak s.r.o p\u0159edala \u0161ek s \u010d\u00e1stkou 130 tis\u00edc korun spolku Bl\u00edzko n\u00e1s, z. \u00fa., kter\u00fd se sna\u017e\u00ed vybudovat odpov\u00eddaj\u00edc\u00ed domov pro sedm d\u011bt\u00ed s autismem.<\/p>\n\n\n\n<p>\u201eDohromady letos benefi\u010dn\u00ed v\u00fdt\u011b\u017eek \u010dinil 581 320 korun. T\u00edm se poda\u0159ilo p\u0159ekro\u010dit magickou hranici dvou milion\u016f korun, kter\u00e9 organiz\u00e1to\u0159i z\u00edskali na podporu pot\u0159ebn\u00fdm.<\/p>\n\n\n\n<p>Minutu ticha v\u011bnovali p\u0159\u00edtomn\u00ed Margit\u011b Dohnalov\u00e9, pro kterou byla benefice ur\u010dena v minul\u00e9m roce, a kter\u00e1 sv\u00e9mu zhoubn\u00e9mu onemocn\u011bn\u00ed bohu\u017eel podlehla,\u201c dodala Petra Ku\u010derov\u00e1.<\/p>\n\n\n\n<p>Do \u010cesk\u00e9ho n\u00e1rodn\u00edho registru d\u00e1rc\u016f d\u0159en\u011b se letos na Slov\u00e1ck\u00e9m l\u00e9t\u011b zapsalo 31 lid\u00ed, od roku 2020 je to u\u017e 690 osob. To je statisticky t\u00e9m\u011b\u0159 \u0161est zachr\u00e1n\u011bn\u00fdch \u017eivot\u016f.<\/p>\n\n\n\n<p>\u201eD\u011bkujeme, \u017ee spole\u010dn\u011b pom\u00e1h\u00e1me. M\u00e1 to smysl,\u201c dodala Petra Ku\u010derov\u00e1.<\/p>\n\n\n\n<p>Pat\u00e1lie s po\u010das\u00edm<\/p>\n\n\n\n<p>Desetidenn\u00ed Slov\u00e1ck\u00e9 l\u00e9to letos v\u00edc ne\u017e kdy jindy potr\u00e1pily v\u00fdkyvy po\u010das\u00ed, kter\u00e9 zp\u016fsobily p\u0159esuny v programu, p\u0159esto se organiz\u00e1tor\u016fm poda\u0159ilo dev\u011btkr\u00e1t zcela zaplnit Masarykovo n\u00e1m\u011bst\u00ed. U\u017e t\u0159et\u00ed den festivalu ale nedohr\u00e1la z d\u016fvodu siln\u00e9 bou\u0159e dom\u00e1c\u00ed hv\u011bzda kapela Argema, a proto\u017ee ani v\u00fdhled nesliboval zlep\u0161en\u00ed, \u00fatern\u00ed koncert Vypsan\u00e9 fiXy organiz\u00e1to\u0159i p\u0159esunuli na \u010dtvrtek ke st\u00e1lici festivalu, skupin\u011b Alkehol. \u201eDlouho byl s otazn\u00edkem i st\u0159ede\u010dn\u00ed koncert obl\u00edbenc\u016f na\u0161ich fanou\u0161k\u016f M\u0148\u00e1gy a \u017d\u010forp, nakonec prob\u011bhl podle p\u016fvodn\u00edho pl\u00e1nu a v pln\u00e9 par\u00e1d\u011b,\u201c oddechl si zakladatel a hlavn\u00ed organiz\u00e1tor Slov\u00e1ck\u00e9ho l\u00e9ta Marek Pochyl\u00fd.<\/p>\n\n\n\n<p>Ve sportovn\u00ed \u010d\u00e1sti festivalu si v\u00edce ne\u017e tis\u00edcovka registrovan\u00fdch sportovc\u016f u\u017eila tradi\u010dn\u00ed turnaje v pl\u00e1\u017eov\u00e9m volejbale, fotbale a h\u00e1zen\u00e9, konal se jumping maraton, fit day, p\u00e9tanque, novinkou byly \u0161ipky. Naprosto rekordn\u00ed \u00fa\u010dast zaznamenali organiz\u00e1to\u0159i p\u0159i tradi\u010dn\u00edch \u017dhav\u00fdch b\u011bz\u00edch na 5, 10 a 21 kilometr\u016f i na d\u011btsk\u00fdch b\u011bz\u00edch. V doprovodn\u00e9m programu si n\u00e1v\u0161t\u011bvn\u00edci u\u017eili d\u011btsk\u00fd den, Klubki\u00e1du, m\u00f3dn\u00ed p\u0159ehl\u00eddku, folklorn\u00ed ve\u010der nebo tane\u010dn\u00ed noc s v\u00fdukou latinsk\u00fdch tanc\u016f.<\/p>\n\n\n\n<p>Pavel Bohun<\/p>\n\n\n\n<p>Slov\u00e1ck\u00fd den\u00edk<\/p>\n\n\n\n<p><a href=\"https:\/\/slovacky.denik.cz\" target=\"_blank\" rel=\"noreferrer noopener\">https:\/\/slovacky.denik.cz<\/a><\/p>\n","protected":false},"excerpt":{"rendered":"<div class=\"mh-excerpt\"><p>Leto\u0161n\u00ed 18. ro\u010dn\u00edk outdoorov\u00e9ho festivalu Slov\u00e1ck\u00e9 l\u00e9to se krom\u011b sportovn\u00edch a hudebn\u00edch aktivit v\u011bnoval tak\u00e9 dobro\u010dinnosti. V pr\u016fb\u011bhu t\u0159\u00ed koncert\u016f vyb\u00edrali organiz\u00e1to\u0159i dobrovoln\u00e9 vstupn\u00e9 do <a class=\"mh-excerpt-more\" href=\"https:\/\/www.invarena.cz\/?p=59302\" title=\"V\u00edce ne\u017e p\u016fl milionu vynesly benefice Slov\u00e1ck\u00e9ho l\u00e9ta. Minuta ticha pro Margitu\">[&#8230;]<\/a><\/p>\n<\/div>","protected":false},"author":1,"featured_media":14146,"comment_status":"open","ping_status":"closed","sticky":false,"template":"","format":"standard","meta":{"footnotes":""},"categories":[9],"tags":[],"class_list":["post-59302","post","type-post","status-publish","format-standard","has-post-thumbnail","hentry","category-zpravy"],"_links":{"self":[{"href":"https:\/\/www.invarena.cz\/index.php?rest_route=\/wp\/v2\/posts\/59302","targetHints":{"allow":["GET"]}}],"collection":[{"href":"https:\/\/www.invarena.cz\/index.php?rest_route=\/wp\/v2\/posts"}],"about":[{"href":"https:\/\/www.invarena.cz\/index.php?rest_route=\/wp\/v2\/types\/post"}],"author":[{"embeddable":true,"href":"https:\/\/www.invarena.cz\/index.php?rest_route=\/wp\/v2\/users\/1"}],"replies":[{"embeddable":true,"href":"https:\/\/www.invarena.cz\/index.php?rest_route=%2Fwp%2Fv2%2Fcomments&post=59302"}],"version-history":[{"count":0,"href":"https:\/\/www.invarena.cz\/index.php?rest_route=\/wp\/v2\/posts\/59302\/revisions"}],"wp:featuredmedia":[{"embeddable":true,"href":"https:\/\/www.invarena.cz\/index.php?rest_route=\/wp\/v2\/media\/14146"}],"wp:attachment":[{"href":"https:\/\/www.invarena.cz\/index.php?rest_route=%2Fwp%2Fv2%2Fmedia&parent=59302"}],"wp:term":[{"taxonomy":"category","embeddable":true,"href":"https:\/\/www.invarena.cz\/index.php?rest_route=%2Fwp%2Fv2%2Fcategories&post=59302"},{"taxonomy":"post_tag","embeddable":true,"href":"https:\/\/www.invarena.cz\/index.php?rest_route=%2Fwp%2Fv2%2Ftags&post=59302"}],"curies":[{"name":"wp","href":"https:\/\/api.w.org\/{rel}","templated":true}]}}