{"id":59308,"date":"2025-07-15T23:49:22","date_gmt":"2025-07-15T21:49:22","guid":{"rendered":"https:\/\/www.invarena.cz\/?p=59308"},"modified":"2025-07-15T23:49:23","modified_gmt":"2025-07-15T21:49:23","slug":"trenink-na-rajcatech-a-kempy-kdyz-je-slepych-deti-vic-nez-se-da-zvladnout","status":"publish","type":"post","link":"https:\/\/www.invarena.cz\/?p=59308","title":{"rendered":"Tr\u00e9nink na raj\u010datech a \u201ekempy\u201c. Kdy\u017e je slep\u00fdch d\u011bt\u00ed v\u00edc, ne\u017e se d\u00e1 zvl\u00e1dnout"},"content":{"rendered":"\n<p>Od na\u0161\u00ed zpravodajky v Ugand\u011b &#8211; Jedna operace \u0161ed\u00e9ho z\u00e1kalu stoj\u00ed pouhou tis\u00edcovku. Tak m\u00e1lo sta\u010d\u00ed na vyl\u00e9\u010den\u00ed slepoty, kterou tato nemoc zp\u016fsobuje. V africk\u00e9 Ugand\u011b je p\u0159esto pro mnoh\u00e9 nedostupn\u00e1. P\u0159ek\u00e1\u017eku netvo\u0159\u00ed jen pen\u00edze, ale i zoufal\u00fd nedostatek o\u010dn\u00edch l\u00e9ka\u0159\u016f, obzvl\u00e1\u0161\u0165 t\u011bch d\u011btsk\u00fdch. D\u011bti se tu p\u0159itom se zaml\u017een\u00fdm vid\u011bn\u00edm \u010dasto narod\u00ed a pokud se v\u010das nezas\u00e1hne, slep\u00e9 u\u017e z\u016fstanou. Pr\u00e1v\u011b proti tomu bojuje \u010desk\u00e1 neziskov\u00e1 organizace Sv\u011btlo pro sv\u011bt. Pacient\u016fm pom\u00e1h\u00e1 tak\u00e9 se zelen\u00fdm z\u00e1kalem.<\/p>\n\n\n\n<p>Cel\u00fd \u010dl\u00e1nek naleznete na idnes.cz: <a href=\"https:\/\/www-idnes-cz.ezproxy3.nkp.cz\/zpravy\/zahranicni\/uganda-kampala-ocni-operace-sedy-zakal-zeleny-zakal-svetlo-pro-svet.A250623_151159_zahranicni_kha\" target=\"_blank\" rel=\"noreferrer noopener\">https:\/\/www-idnes-cz.ezproxy3.nkp.cz\/zpravy\/zahranicni\/uganda-kampala-ocni-operace-sedy-zakal-zeleny-zakal-svetlo-pro-svet.A250623_151159_zahranicni_kha<\/a><\/p>\n","protected":false},"excerpt":{"rendered":"<div class=\"mh-excerpt\"><p>Od na\u0161\u00ed zpravodajky v Ugand\u011b &#8211; Jedna operace \u0161ed\u00e9ho z\u00e1kalu stoj\u00ed pouhou tis\u00edcovku. Tak m\u00e1lo sta\u010d\u00ed na vyl\u00e9\u010den\u00ed slepoty, kterou tato nemoc zp\u016fsobuje. V africk\u00e9 <a class=\"mh-excerpt-more\" href=\"https:\/\/www.invarena.cz\/?p=59308\" title=\"Tr\u00e9nink na raj\u010datech a \u201ekempy\u201c. Kdy\u017e je slep\u00fdch d\u011bt\u00ed v\u00edc, ne\u017e se d\u00e1 zvl\u00e1dnout\">[&#8230;]<\/a><\/p>\n<\/div>","protected":false},"author":1,"featured_media":22547,"comment_status":"open","ping_status":"closed","sticky":false,"template":"","format":"standard","meta":{"footnotes":""},"categories":[9],"tags":[],"class_list":["post-59308","post","type-post","status-publish","format-standard","has-post-thumbnail","hentry","category-zpravy"],"_links":{"self":[{"href":"https:\/\/www.invarena.cz\/index.php?rest_route=\/wp\/v2\/posts\/59308","targetHints":{"allow":["GET"]}}],"collection":[{"href":"https:\/\/www.invarena.cz\/index.php?rest_route=\/wp\/v2\/posts"}],"about":[{"href":"https:\/\/www.invarena.cz\/index.php?rest_route=\/wp\/v2\/types\/post"}],"author":[{"embeddable":true,"href":"https:\/\/www.invarena.cz\/index.php?rest_route=\/wp\/v2\/users\/1"}],"replies":[{"embeddable":true,"href":"https:\/\/www.invarena.cz\/index.php?rest_route=%2Fwp%2Fv2%2Fcomments&post=59308"}],"version-history":[{"count":0,"href":"https:\/\/www.invarena.cz\/index.php?rest_route=\/wp\/v2\/posts\/59308\/revisions"}],"wp:featuredmedia":[{"embeddable":true,"href":"https:\/\/www.invarena.cz\/index.php?rest_route=\/wp\/v2\/media\/22547"}],"wp:attachment":[{"href":"https:\/\/www.invarena.cz\/index.php?rest_route=%2Fwp%2Fv2%2Fmedia&parent=59308"}],"wp:term":[{"taxonomy":"category","embeddable":true,"href":"https:\/\/www.invarena.cz\/index.php?rest_route=%2Fwp%2Fv2%2Fcategories&post=59308"},{"taxonomy":"post_tag","embeddable":true,"href":"https:\/\/www.invarena.cz\/index.php?rest_route=%2Fwp%2Fv2%2Ftags&post=59308"}],"curies":[{"name":"wp","href":"https:\/\/api.w.org\/{rel}","templated":true}]}}