{"id":59312,"date":"2025-07-15T23:54:56","date_gmt":"2025-07-15T21:54:56","guid":{"rendered":"https:\/\/www.invarena.cz\/?p=59312"},"modified":"2025-07-15T23:54:57","modified_gmt":"2025-07-15T21:54:57","slug":"socialni-sluzby-v-novem-kabate-hirschova-vila-prochazi-zasadni-promenou","status":"publish","type":"post","link":"https:\/\/www.invarena.cz\/?p=59312","title":{"rendered":"Soci\u00e1ln\u00ed slu\u017eby v nov\u00e9m kab\u00e1t\u011b. Hirschova vila proch\u00e1z\u00ed z\u00e1sadn\u00ed prom\u011bnou"},"content":{"rendered":"\n<p>Je\u0161t\u011b ned\u00e1vno byla Hirschova vila v Karlov\u011b ulici zapomenut\u00fdm symbolem minulosti. Dnes se m\u011bn\u00ed v d\u016fle\u017eit\u00e9 m\u00edsto budoucnosti. D\u00edky \u00fasil\u00ed m\u011bsta Ho\u0159ice a spolupr\u00e1ci s krajem i st\u00e1tem se objekt prom\u011b\u0148uje na modern\u00ed centrum soci\u00e1ln\u00edch slu\u017eeb. Krom\u011b odleh\u010dovac\u00ed p\u00e9\u010de zde vzniknou dva denn\u00ed stacion\u00e1\u0159e, specializovan\u00e9 terapeutick\u00e9 prostory a pln\u011b bezbari\u00e9rov\u00e9 z\u00e1zem\u00ed.<\/p>\n\n\n\n<p>Z\u00e1m\u011br p\u0159em\u011bnit ch\u00e1traj\u00edc\u00ed budovu na centrum pro seniory a osoby se specifick\u00fdmi pot\u0159ebami vznikl v roce 2021, kdy bylo z\u0159ejm\u00e9, \u017ee st\u00e1vaj\u00edc\u00ed kapacity Denn\u00edho stacion\u00e1\u0159e Klokan u\u017e nesta\u010d\u00ed. Z\u00e1rove\u0148 v regionu chyb\u011bla odleh\u010dovac\u00ed slu\u017eba pro rodiny, kter\u00e9 se doma staraj\u00ed o sv\u00e9 bl\u00edzk\u00e9.<\/p>\n\n\n\n<p>Zastupitelstvo Ho\u0159ic projekt schv\u00e1lilo 6. prosince 2021 a o dev\u011bt m\u011bs\u00edc\u016f pozd\u011bji, 12. z\u00e1\u0159\u00ed 2022, bylo rozhodnuto o jeho financov\u00e1n\u00ed. V roce 2023 za\u010dala samotn\u00e1 rekonstrukce.<\/p>\n\n\n\n<p>T\u0159\u00edstup\u0148ov\u00e9 financov\u00e1n\u00ed: P\u0159\u00edb\u011bh spolupr\u00e1ce<\/p>\n\n\n\n<p>Celkov\u00e9 n\u00e1klady p\u0159esahuj\u00ed 133 milion\u016f korun. Rozpo\u010det je kryt\u00fd z n\u011bkolika zdroj\u016f:<\/p>\n\n\n\n<p>80 milion\u016f korun poch\u00e1z\u00ed z N\u00e1rodn\u00edho pl\u00e1nu obnovy (evropsk\u00e9 fondy),<\/p>\n\n\n\n<p>30 milion\u016f korun p\u0159isp\u011bl Kr\u00e1lov\u00e9hradeck\u00fd kraj,<\/p>\n\n\n\n<p>zb\u00fdvaj\u00edc\u00ed \u010d\u00e1st hrad\u00ed m\u011bsto Ho\u0159ice.<\/p>\n\n\n\n<p>Tento model ukazuje efektivn\u00ed spolupr\u00e1ci nap\u0159\u00ed\u010d \u00farovn\u011bmi ve\u0159ejn\u00e9 spr\u00e1vy \u2013 m\u011bstsk\u00e9, krajsk\u00e9 i n\u00e1rodn\u00ed.<\/p>\n\n\n\n<p>Co Hirschova vila nab\u00eddne?<\/p>\n\n\n\n<p>Po dokon\u010den\u00ed p\u0159estavby bude vila slou\u017eit jako komplexn\u00ed centrum soci\u00e1ln\u00edch slu\u017eeb. Nab\u00eddne:<\/p>\n\n\n\n<p>Odleh\u010dovac\u00ed slu\u017ebu s kapacitou 12 l\u016f\u017eek,<\/p>\n\n\n\n<p>Roz\u0161\u00ed\u0159en\u00fd denn\u00ed stacion\u00e1\u0159 Klokan pro osoby s ment\u00e1ln\u00edm posti\u017een\u00edm (a\u017e 24 klient\u016f),<\/p>\n\n\n\n<p>Nov\u00fd denn\u00ed stacion\u00e1\u0159 pro seniory (po\u010d\u00e1te\u010dn\u00ed kapacita 8 klient\u016f),<\/p>\n\n\n\n<p>Specializovan\u00e9 prostory \u2013 fyzioterapie, snoezelen m\u00edstnost, n\u00e1cvikov\u00e1 kuchyn\u011b, individu\u00e1ln\u00ed terapie.<\/p>\n\n\n\n<p>Budova bude zcela bezbari\u00e9rov\u00e1 a energeticky \u0161etrn\u00e1 \u2013 jej\u00ed provoz p\u0159inese a\u017e 90% \u00fasporu energi\u00ed a sn\u00ed\u017een\u00ed emis\u00ed CO\u2082 o 257 tun ro\u010dn\u011b.<\/p>\n\n\n\n<p>Pro ob\u010dany i komunitu<\/p>\n\n\n\n<p>Provoz bude zaji\u0161\u0165ovat Denn\u00ed stacion\u00e1\u0159 Klokan, o.p.s., kter\u00fd u\u017e v Ho\u0159ic\u00edch poskytuje soci\u00e1ln\u00ed slu\u017eby a pat\u0159\u00ed do krajsk\u00e9 s\u00edt\u011b poskytovatel\u016f.<\/p>\n\n\n\n<p>Nov\u00e9 z\u00e1zem\u00ed nen\u00ed jen o p\u00e9\u010di \u2013 poslou\u017e\u00ed i k vzd\u011bl\u00e1v\u00e1n\u00ed, komunitn\u00edmu setk\u00e1v\u00e1n\u00ed a sd\u00edlen\u00ed zku\u0161enost\u00ed. Projekt t\u00edm zapad\u00e1 do dlouhodob\u00e9 strategie m\u011bsta i Kr\u00e1lov\u00e9hradeck\u00e9ho kraje, kter\u00e1 klade d\u016fraz na podporu rodin, senior\u016f a lid\u00ed s posti\u017een\u00edm.<\/p>\n\n\n\n<p>Z vize realita<\/p>\n\n\n\n<p>Hirschova vila dnes p\u0159edstavuje v\u00edce ne\u017e jen stavebn\u00ed obnovu. St\u00e1v\u00e1 se symbolem prom\u011bny m\u011bsta Ho\u0159ice, kter\u00e9 nezapom\u00edn\u00e1 na sv\u00e9 slab\u0161\u00ed ob\u010dany a investuje do infrastruktury, je\u017e zlep\u0161uje kvalitu \u017eivota nap\u0159\u00ed\u010d generacemi.<\/p>\n\n\n\n<p>Tom\u00e1\u0161 Cerman<\/p>\n\n\n\n<p>Ji\u010d\u00ednsk\u00fd den\u00edk<\/p>\n\n\n\n<p><a href=\"https:\/\/jicinsky.denik.cz\" target=\"_blank\" rel=\"noreferrer noopener\">https:\/\/jicinsky.denik.cz<\/a><\/p>\n","protected":false},"excerpt":{"rendered":"<div class=\"mh-excerpt\"><p>Je\u0161t\u011b ned\u00e1vno byla Hirschova vila v Karlov\u011b ulici zapomenut\u00fdm symbolem minulosti. Dnes se m\u011bn\u00ed v d\u016fle\u017eit\u00e9 m\u00edsto budoucnosti. D\u00edky \u00fasil\u00ed m\u011bsta Ho\u0159ice a spolupr\u00e1ci s <a class=\"mh-excerpt-more\" href=\"https:\/\/www.invarena.cz\/?p=59312\" title=\"Soci\u00e1ln\u00ed slu\u017eby v nov\u00e9m kab\u00e1t\u011b. Hirschova vila proch\u00e1z\u00ed z\u00e1sadn\u00ed prom\u011bnou\">[&#8230;]<\/a><\/p>\n<\/div>","protected":false},"author":1,"featured_media":17517,"comment_status":"open","ping_status":"closed","sticky":false,"template":"","format":"standard","meta":{"footnotes":""},"categories":[9],"tags":[],"class_list":["post-59312","post","type-post","status-publish","format-standard","has-post-thumbnail","hentry","category-zpravy"],"_links":{"self":[{"href":"https:\/\/www.invarena.cz\/index.php?rest_route=\/wp\/v2\/posts\/59312","targetHints":{"allow":["GET"]}}],"collection":[{"href":"https:\/\/www.invarena.cz\/index.php?rest_route=\/wp\/v2\/posts"}],"about":[{"href":"https:\/\/www.invarena.cz\/index.php?rest_route=\/wp\/v2\/types\/post"}],"author":[{"embeddable":true,"href":"https:\/\/www.invarena.cz\/index.php?rest_route=\/wp\/v2\/users\/1"}],"replies":[{"embeddable":true,"href":"https:\/\/www.invarena.cz\/index.php?rest_route=%2Fwp%2Fv2%2Fcomments&post=59312"}],"version-history":[{"count":0,"href":"https:\/\/www.invarena.cz\/index.php?rest_route=\/wp\/v2\/posts\/59312\/revisions"}],"wp:featuredmedia":[{"embeddable":true,"href":"https:\/\/www.invarena.cz\/index.php?rest_route=\/wp\/v2\/media\/17517"}],"wp:attachment":[{"href":"https:\/\/www.invarena.cz\/index.php?rest_route=%2Fwp%2Fv2%2Fmedia&parent=59312"}],"wp:term":[{"taxonomy":"category","embeddable":true,"href":"https:\/\/www.invarena.cz\/index.php?rest_route=%2Fwp%2Fv2%2Fcategories&post=59312"},{"taxonomy":"post_tag","embeddable":true,"href":"https:\/\/www.invarena.cz\/index.php?rest_route=%2Fwp%2Fv2%2Ftags&post=59312"}],"curies":[{"name":"wp","href":"https:\/\/api.w.org\/{rel}","templated":true}]}}