{"id":59478,"date":"2025-08-17T05:31:07","date_gmt":"2025-08-17T03:31:07","guid":{"rendered":"https:\/\/www.invarena.cz\/?p=59478"},"modified":"2025-08-18T02:58:53","modified_gmt":"2025-08-18T00:58:53","slug":"koordinator-pece-ma-lidem-vyhledavat-a-zajistit-lekare","status":"publish","type":"post","link":"https:\/\/www.invarena.cz\/?p=59478","title":{"rendered":"Koordin\u00e1tor\u00a0p\u00e9\u010de m\u00e1 lidem vyhled\u00e1vat a zajistit l\u00e9ka\u0159e"},"content":{"rendered":"\n<p>Se zaji\u0161t\u011bn\u00edm term\u00ednu u specializovan\u00e9ho l\u00e9ka\u0159e maj\u00ed pomoci koordin\u00e1to\u0159i p\u00e9\u010de, kte\u0159\u00ed by fungovali pod zdravotn\u00edmi poji\u0161\u0165ovnami. Prosadit to cht\u011bj\u00ed n\u011bkte\u0159\u00ed politici a politi\u010dky v p\u0159\u00ed\u0161t\u00edm volebn\u00edm obdob\u00ed. Podle nich t\u00edm lidem odpadne \u00famorn\u00e9 obvol\u00e1v\u00e1n\u00ed ordinac\u00ed. Pl\u00e1n podporuj\u00ed i poji\u0161\u0165ovny. N\u011bkter\u00e9 nemocnice u\u017e koordin\u00e1tora&nbsp;p\u00e9\u010de zav\u00e1d\u00ed. <\/p>\n\n\n\n<p>Jako pr\u016fvodce pacienta syst\u00e9mem vid\u00ed koordin\u00e1tora\u00a0p\u00e9\u010de st\u00ednov\u00fd ministr zdravotnictv\u00ed za hnut\u00ed ANO Adam Vojt\u011bch. <\/p>\n\n\n\n<p>\u201eU chronicky nemocn\u00fdch by m\u011bly b\u00fdt aktivn\u011bj\u0161\u00ed zdravotn\u00ed poji\u0161\u0165ovny, kter\u00e9 by pro ka\u017edou chronickou nemoc m\u011bly m\u00edt program, v n\u011bm\u017e bude d\u00e1n postup pacienta. Kdy\u017e t\u0159eba dostanu diabetes, abych v\u011bd\u011bl, co m\u011b \u010dek\u00e1, kam m\u00e1m sm\u011b\u0159ovat nebo jestli m\u016f\u017eu j\u00edt k praktick\u00e9mu l\u00e9ka\u0159i a ten m\u011b zal\u00e9\u010d\u00ed. To je n\u011bco, co by mohlo pomoci a zat\u00edm tady chyb\u00ed,\u201c uvedl Vojt\u011bch. <\/p>\n\n\n\n<p>Sou\u010dasn\u00e1 situace je \u0161patn\u00e1. Pacient mnohdy odch\u00e1z\u00ed od praktick\u00e9ho l\u00e9ka\u0159e s \u017e\u00e1dankou, na n\u00ed\u017e je uvedeno, \u017ee mus\u00ed specialistu nav\u0161t\u00edvit do sedmi nebo \u010dtrn\u00e1cti dn\u016f. Jen\u017ee po\u010det pacient\u016f v n\u011bkter\u00fdch regionech p\u0159evy\u0161uje kapacity specialist\u016f. Za m\u00e9n\u011b ne\u017e n\u011bkolik m\u011bs\u00edc\u016f se nelze objednat k nefrologovi, alergologovi nebo k d\u011btsk\u00e9mu psychologovi. Dostat se do ambulance kardiologa trv\u00e1 v pr\u016fm\u011bru 54 dn\u016f, uk\u00e1zal lo\u0148sk\u00fd pr\u016fzkum v r\u00e1mci projektu Cesta ke zdrav\u00e9mu srdci. Jen 57 procent z 365 ambulanc\u00ed by bylo schopno nov\u00e9ho pacienta p\u0159ijmout.<\/p>\n\n\n\n<p> Koordin\u00e1tora p\u00e9\u010de vid\u00ed politici jako pr\u016fvodce syst\u00e9mem, na kter\u00e9ho se mohou lid\u00e9 obr\u00e1tit v\u017edy, ne pouze kv\u016fli nalezen\u00ed brzk\u00e9ho term\u00ednu u specialisty v bl\u00edzkosti bydli\u0161t\u011b. Tento pr\u016fvodce ale bude pot\u0159ebovat data z elektronick\u00fdch \u017e\u00e1danek. S jejich postupn\u00fdm spu\u0161t\u011bn\u00edm se po\u010d\u00edt\u00e1 v p\u0159\u00ed\u0161t\u00edm roce. Zprvu jen pro objedn\u00e1n\u00ed na screeningov\u00e9 programy nebo laboratorn\u00ed a zobrazovac\u00ed vy\u0161et\u0159en\u00ed, jako jsou rentgeny, magnetick\u00e9 rezonance a metoda PET\/CT. Pozd\u011bji i na dal\u0161\u00ed typy prohl\u00eddek.<\/p>\n\n\n\n<p> Data o kapacit\u00e1ch ordinac\u00ed by m\u011bla b\u00fdt dostupn\u00e1 v\u0161em. Poji\u0161\u0165ovna by podle e\u017d\u00e1danky v\u011bd\u011bla, kde jsou jak\u00e9 \u010dekac\u00ed lh\u016fty. V budoucnu by to m\u011bl v\u011bd\u011bt tak\u00e9 pacient a bude se moci s\u00e1m objednat. N\u011bkter\u00e9 zdravotn\u00ed poji\u0161\u0165ovny na zaveden\u00ed koordin\u00e1tor\u016f u\u017e pracuj\u00ed. <\/p>\n\n\n\n<p>Koordin\u00e1to\u0159i by tak\u00e9 m\u011bli dohl\u00e9dnout na to, aby se jejich klienti dol\u00e9\u010dili a neskon\u010dili kv\u016fli nedol\u00e9\u010den\u00ed v nemocnici. Poji\u0161\u0165ovna toti\u017e za pobyt v nemocnici zaplat\u00ed v\u00fdrazn\u011b v\u00edc, ne\u017e kdy\u017e doty\u010dn\u00fd \u0159\u00e1dn\u011b a v\u010das podstoup\u00ed t\u0159eba rehabilitaci. <\/p>\n","protected":false},"excerpt":{"rendered":"<div class=\"mh-excerpt\"><p>Se zaji\u0161t\u011bn\u00edm term\u00ednu u specializovan\u00e9ho l\u00e9ka\u0159e maj\u00ed pomoci koordin\u00e1to\u0159i p\u00e9\u010de, kte\u0159\u00ed by fungovali pod zdravotn\u00edmi poji\u0161\u0165ovnami. Prosadit to cht\u011bj\u00ed n\u011bkte\u0159\u00ed politici a politi\u010dky v p\u0159\u00ed\u0161t\u00edm <a class=\"mh-excerpt-more\" href=\"https:\/\/www.invarena.cz\/?p=59478\" title=\"Koordin\u00e1tor\u00a0p\u00e9\u010de m\u00e1 lidem vyhled\u00e1vat a zajistit l\u00e9ka\u0159e\">[&#8230;]<\/a><\/p>\n<\/div>","protected":false},"author":1,"featured_media":14066,"comment_status":"open","ping_status":"closed","sticky":false,"template":"","format":"standard","meta":{"footnotes":""},"categories":[9],"tags":[],"class_list":["post-59478","post","type-post","status-publish","format-standard","has-post-thumbnail","hentry","category-zpravy"],"_links":{"self":[{"href":"https:\/\/www.invarena.cz\/index.php?rest_route=\/wp\/v2\/posts\/59478","targetHints":{"allow":["GET"]}}],"collection":[{"href":"https:\/\/www.invarena.cz\/index.php?rest_route=\/wp\/v2\/posts"}],"about":[{"href":"https:\/\/www.invarena.cz\/index.php?rest_route=\/wp\/v2\/types\/post"}],"author":[{"embeddable":true,"href":"https:\/\/www.invarena.cz\/index.php?rest_route=\/wp\/v2\/users\/1"}],"replies":[{"embeddable":true,"href":"https:\/\/www.invarena.cz\/index.php?rest_route=%2Fwp%2Fv2%2Fcomments&post=59478"}],"version-history":[{"count":0,"href":"https:\/\/www.invarena.cz\/index.php?rest_route=\/wp\/v2\/posts\/59478\/revisions"}],"wp:featuredmedia":[{"embeddable":true,"href":"https:\/\/www.invarena.cz\/index.php?rest_route=\/wp\/v2\/media\/14066"}],"wp:attachment":[{"href":"https:\/\/www.invarena.cz\/index.php?rest_route=%2Fwp%2Fv2%2Fmedia&parent=59478"}],"wp:term":[{"taxonomy":"category","embeddable":true,"href":"https:\/\/www.invarena.cz\/index.php?rest_route=%2Fwp%2Fv2%2Fcategories&post=59478"},{"taxonomy":"post_tag","embeddable":true,"href":"https:\/\/www.invarena.cz\/index.php?rest_route=%2Fwp%2Fv2%2Ftags&post=59478"}],"curies":[{"name":"wp","href":"https:\/\/api.w.org\/{rel}","templated":true}]}}