{"id":59565,"date":"2025-07-26T12:40:00","date_gmt":"2025-07-26T10:40:00","guid":{"rendered":"https:\/\/www.invarena.cz\/?p=59565"},"modified":"2025-07-26T13:33:15","modified_gmt":"2025-07-26T11:33:15","slug":"oba-prijedou-vtip-na-vikend","status":"publish","type":"post","link":"https:\/\/www.invarena.cz\/?p=59565","title":{"rendered":"Oba p\u0159ijedou \u2013 vtip na v\u00edkend"},"content":{"rendered":"\n<p>Star\u00fd mu\u017e z Miami vol\u00e1 sv\u00e9mu synovi do New Yorku a \u0159\u00edk\u00e1: \u201ePod\u00edvej, s tvou matkou se rozv\u00e1d\u00edme. \u010cty\u0159icet p\u011bt let tr\u00e1pen\u00ed je u\u017e dost.\u201c<\/p>\n\n\n\n<p>\u201eTati, o \u010dem to mluv\u00ed\u0161?\u201c k\u0159i\u010d\u00ed syn.<\/p>\n\n\n\n<p>\u201eU\u017e se nem\u016f\u017eeme vid\u011bt,\u201c \u0159\u00edk\u00e1 otec. \u201eU\u017e m\u011b nebav\u00ed jej\u00ed obli\u010dej a u\u017e m\u011b nebav\u00ed o tom mluvit, tak zavolej sest\u0159e do Chicaga a \u0159ekni j\u00ed to,\u201c a zav\u011bs\u00ed.<\/p>\n\n\n\n<p>Syn pln\u00fd obav zavol\u00e1 sest\u0159e.<\/p>\n\n\n\n<p>\u0158ekla: \u201eJak by se na\u0161i mohli rozv\u00e1d\u011bt, proboha!\u201c a okam\u017eit\u011b vol\u00e1 otci do Miami. \u201eTy se nem\u016f\u017ee\u0161 rozv\u00e9st! Ned\u011blej nic dal\u0161\u00edho, z\u00edtra oba p\u0159ijedeme dom\u016f a promluv\u00edme si o tom. Do t\u00e9 doby nevolej pr\u00e1vn\u00edkovi ani nevypl\u0148uj \u017e\u00e1dn\u00e9 pap\u00edry. SLY\u0160\u00cd\u0160 M\u011a?\u201c a zav\u011bs\u00ed.<\/p>\n\n\n\n<p>Star\u00fd mu\u017e se oto\u010d\u00ed k \u017een\u011b a \u0159\u00edk\u00e1: \u201eJe to dobr\u00e9, p\u0159ijedou na V\u00e1noce a sami si zaplat\u00ed letenku.\u201c<\/p>\n","protected":false},"excerpt":{"rendered":"<div class=\"mh-excerpt\"><p>Star\u00fd mu\u017e z Miami vol\u00e1 sv\u00e9mu synovi do New Yorku a \u0159\u00edk\u00e1: \u201ePod\u00edvej, s tvou matkou se rozv\u00e1d\u00edme. \u010cty\u0159icet p\u011bt let tr\u00e1pen\u00ed je u\u017e dost.\u201c <a class=\"mh-excerpt-more\" href=\"https:\/\/www.invarena.cz\/?p=59565\" title=\"Oba p\u0159ijedou \u2013 vtip na v\u00edkend\">[&#8230;]<\/a><\/p>\n<\/div>","protected":false},"author":1,"featured_media":3373,"comment_status":"open","ping_status":"closed","sticky":false,"template":"","format":"standard","meta":{"footnotes":""},"categories":[17],"tags":[],"class_list":["post-59565","post","type-post","status-publish","format-standard","has-post-thumbnail","hentry","category-kultura"],"_links":{"self":[{"href":"https:\/\/www.invarena.cz\/index.php?rest_route=\/wp\/v2\/posts\/59565","targetHints":{"allow":["GET"]}}],"collection":[{"href":"https:\/\/www.invarena.cz\/index.php?rest_route=\/wp\/v2\/posts"}],"about":[{"href":"https:\/\/www.invarena.cz\/index.php?rest_route=\/wp\/v2\/types\/post"}],"author":[{"embeddable":true,"href":"https:\/\/www.invarena.cz\/index.php?rest_route=\/wp\/v2\/users\/1"}],"replies":[{"embeddable":true,"href":"https:\/\/www.invarena.cz\/index.php?rest_route=%2Fwp%2Fv2%2Fcomments&post=59565"}],"version-history":[{"count":0,"href":"https:\/\/www.invarena.cz\/index.php?rest_route=\/wp\/v2\/posts\/59565\/revisions"}],"wp:featuredmedia":[{"embeddable":true,"href":"https:\/\/www.invarena.cz\/index.php?rest_route=\/wp\/v2\/media\/3373"}],"wp:attachment":[{"href":"https:\/\/www.invarena.cz\/index.php?rest_route=%2Fwp%2Fv2%2Fmedia&parent=59565"}],"wp:term":[{"taxonomy":"category","embeddable":true,"href":"https:\/\/www.invarena.cz\/index.php?rest_route=%2Fwp%2Fv2%2Fcategories&post=59565"},{"taxonomy":"post_tag","embeddable":true,"href":"https:\/\/www.invarena.cz\/index.php?rest_route=%2Fwp%2Fv2%2Ftags&post=59565"}],"curies":[{"name":"wp","href":"https:\/\/api.w.org\/{rel}","templated":true}]}}