{"id":59686,"date":"2025-07-30T11:37:09","date_gmt":"2025-07-30T09:37:09","guid":{"rendered":"https:\/\/www.invarena.cz\/?p=59686"},"modified":"2025-07-30T11:37:12","modified_gmt":"2025-07-30T09:37:12","slug":"diky-daru-spitzera-vzniknou-chranene-dilny","status":"publish","type":"post","link":"https:\/\/www.invarena.cz\/?p=59686","title":{"rendered":"D\u00edky daru Spitzera vzniknou chr\u00e1n\u011bn\u00e9 d\u00edlny"},"content":{"rendered":"\n<p>\u010cRo \u010cesk\u00e9 Bud\u011bjovice<\/p>\n\n\n\n<p><\/p>\n\n\n\n<p>Tov\u00e1rna na perle\u0165ov\u00e9 knofl\u00edky, kter\u00e1 p\u0159ed druhou sv\u011btovou v\u00e1lku zam\u011bstn\u00e1vala 150 lid\u00ed, k tomu rodinn\u00e1 vila a velk\u00fd pozemek u \u0159eky na Radou\u0148ce na Jind\u0159ichohradecku. To v\u0161echno daroval potomek majitel\u016f tov\u00e1rny Jan Spitzer. <\/p>\n\n\n\n<p>Sdru\u017een\u00ed Otev\u0159en\u00e1 okna, kter\u00e9 pom\u00e1h\u00e1 lidem se zdravotn\u00edm posti\u017een\u00edm, od srpna ve vile tov\u00e1rn\u00edka otev\u0159e chr\u00e1n\u011bnou d\u00edlnu. <\/p>\n\n\n\n<p>Kdy\u017e jsme sem p\u0159i\u0161li poprv\u00e9, tak tady st\u00e1la tov\u00e1rna a vila, ale my jsme je mohli jenom tu\u0161it, proto\u017ee komplet ten are\u00e1l byl zarostl\u00fd n\u00e1letov\u00fdmi d\u0159evinami a do budov jsme se dost\u00e1vali pajcrem. <\/p>\n\n\n\n<p><strong>mluv\u010d\u00ed 7,<\/strong> Vzpom\u00edn\u00e1 \u0159editelka organizace Otev\u0159en\u00e1 okna Drahom\u00edra Bla\u017ekov\u00e1. <\/p>\n\n\n\n<p><strong>mluv\u010d\u00ed 2,<\/strong> Pan majitel sem p\u0159ilet\u011bl ze Severn\u00ed Karol\u00edny. Rozhodnut\u00fd, \u017ee n\u00e1m chce tento jeho rodov\u00fd majetek darovat. A j\u00e1 se p\u0159izn\u00e1m, \u017ee v t\u00e9 prvn\u00ed chv\u00edli, kdy\u017e on mi to \u0159ekl, tak jsem se stra\u0161n\u011b vyd\u011bsila.<\/p>\n\n\n\n<p> <strong>mluv\u010d\u00ed 7,<\/strong> Jan Spitzer je potomek rodiny, kter\u00e1 v are\u00e1lu na Radounce od dvac\u00e1t\u00fdch let minul\u00e9ho stolet\u00ed provozovala tov\u00e1rnu na perle\u0165ov\u00e9 knofl\u00edky. <\/p>\n\n\n\n<p><strong>mluv\u010d\u00ed 2,<\/strong> Kdy\u017e se pod\u00edv\u00e1te na zem, tak tady je v\u0161ude spousta perlet\u00ed a n\u011bkter\u00e9 lastury s kulat\u00fdmi otvory.<\/p>\n\n\n\n<p><strong>mluv\u010d\u00ed 7,<\/strong> V\u00fdrobu ale p\u0159eru\u0161ily v\u00e1le\u010dn\u00e9 ud\u00e1losti. <\/p>\n\n\n\n<p><strong>mluv\u010d\u00ed 2,<\/strong> Ta rodina Spitzerova p\u016fvodn\u00ed byla \u017eidovsk\u00e1 a v roce 41 jim v\u00fdrobu knofl\u00edk\u016f vlastn\u011b p\u0159eru\u0161ilo hitlerovsk\u00e9 N\u011bmecko. \u010c\u00e1st rodiny se nevr\u00e1tila z koncentra\u010dn\u00edch t\u00e1bor\u016f, pozd\u011bji rodina o tov\u00e1rnu p\u0159i\u0161la, kdy\u017e ji komunist\u00e9 v roce 1957 vyvlastnili.<\/p>\n\n\n\n<p><strong>mluv\u010d\u00ed 2,<\/strong>  t\u00e9 budov\u011b nejv\u00edc bylo ubl\u00ed\u017eeno v t\u011bch pades\u00e1t\u00fdch, \u0161edes\u00e1t\u00fdch letech, kdy cel\u00e1 \u0159ada prvk\u016f stavebn\u00edch t\u00e9 tov\u00e1rny byla upravena velmi toxick\u00fdmi materi\u00e1ly. <\/p>\n\n\n\n<p><strong>mluv\u010d\u00ed 7,<\/strong> Samotn\u00e1 tov\u00e1rna u\u017e na pozemku nestoj\u00ed, byla ve \u0161patn\u00e9m technick\u00e9m stavu. V opraven\u00e9 rodinn\u00e9 vile to ale za\u010d\u00edn\u00e1 \u017e\u00edt. <\/p>\n\n\n\n<p><strong>mluv\u010d\u00ed 2,<\/strong> Se st\u011bhujeme, budou tady chr\u00e1n\u011bn\u00fd d\u00edlny.<\/p>\n\n\n\n<p><strong>mluv\u010d\u00ed 7,<\/strong> Vysv\u011btluje vedouc\u00ed chr\u00e1n\u011bn\u00fdch d\u00edlen Vlasta Koci\u00e1nov\u00e1, kterou jsem na chv\u00edli zastavila p\u0159i st\u011bhov\u00e1n\u00ed krabic s materi\u00e1ly. <\/p>\n\n\n\n<p><strong>mluv\u010d\u00ed 2,<\/strong> M\u00e1me d\u0159eva\u0159skou d\u00edlnu, m\u00e1me \u0161ic\u00ed d\u00edlnu, m\u00e1me v\u00fdtvarnou d\u00edlnu a kniha\u0159skou. <\/p>\n\n\n\n<p><strong>mluv\u010d\u00ed 7,<\/strong> Klienti se zdravotn\u00edm posti\u017een\u00edm, kte\u0159\u00ed pracuj\u00ed v chr\u00e1n\u011bn\u00fdch d\u00edln\u00e1ch, budou od srpna pr\u00e1v\u011b tady. <\/p>\n\n\n\n<p><strong>mluv\u010d\u00ed 2,<\/strong> Zat\u00edm jsou rozporupln\u00fd pocity, proto\u017ee to psychicky&#8230; i n\u011bkter\u00fd lidi nemaj\u00ed r\u00e1di zm\u011bny, tak to nen\u00ed \u00fapln\u011b snadn\u00fd, ale \u010d\u00edm v\u00edc tady jsme, t\u00edm v\u00edce se s t\u00edm s\u017e\u00edv\u00e1me a \u010d\u00edm v\u00edc se asi t\u011b\u0161\u00edme, a\u017e tady bude vydl\u00e1\u017ed\u011bn\u00fd chodn\u00ed\u010dek, tak tady budou kameny zmizel\u00fd za Maxe, Vil\u00e9ma a Annu. <\/p>\n\n\n\n<p><strong>mluv\u010d\u00ed 7,<\/strong> Ale vy jste se rozhodli vlastn\u011b ten jejich p\u0159\u00edb\u011bh tady nechat. Vlastn\u011b tady tro\u0161ku z\u016fstanou Spitzerovi, v t\u00e9 vile rozhodn\u011b z\u016fstanou, proto\u017ee mysl\u00edm si, \u017ee tak velik\u00fd dar, to je n\u011bco v\u00fdjime\u010dn\u00e9ho a ned\u011bje se to ka\u017ed\u00fd den.<\/p>\n\n\n\n<p><strong>mluv\u010d\u00ed 7,<\/strong> Ve vile vznikne st\u00e1l\u00e1 v\u00fdstava o osudech rodiny Spitzerov\u00fdch, kterou p\u0159ipravily d\u011bti z m\u00edstn\u00ed z\u00e1kladn\u00ed \u0161koly. Oni zpracovali p\u0159\u00edb\u011bh Jana pro Post Bellum. Pro Pam\u011b\u0165 n\u00e1roda. \u017d\u00e1d\u00e1me i muzeum o spolupr\u00e1ci. <\/p>\n\n\n\n<p><strong>mluv\u010d\u00ed 7,<\/strong> Krom\u011b chr\u00e1n\u011bn\u00fdch d\u00edlen v Jind\u0159ichov\u011b Hradci a Da\u010dic\u00edch provozuj\u00ed Otev\u0159en\u00e1 okna tak\u00e9 chr\u00e1n\u011bn\u00e1 bydlen\u00ed. <\/p>\n\n\n\n<p> \u010cesk\u00fd rozhlas<\/p>\n","protected":false},"excerpt":{"rendered":"<div class=\"mh-excerpt\"><p>\u010cRo \u010cesk\u00e9 Bud\u011bjovice Tov\u00e1rna na perle\u0165ov\u00e9 knofl\u00edky, kter\u00e1 p\u0159ed druhou sv\u011btovou v\u00e1lku zam\u011bstn\u00e1vala 150 lid\u00ed, k tomu rodinn\u00e1 vila a velk\u00fd pozemek u \u0159eky na <a class=\"mh-excerpt-more\" href=\"https:\/\/www.invarena.cz\/?p=59686\" title=\"D\u00edky daru Spitzera vzniknou chr\u00e1n\u011bn\u00e9 d\u00edlny\">[&#8230;]<\/a><\/p>\n<\/div>","protected":false},"author":1,"featured_media":59712,"comment_status":"open","ping_status":"closed","sticky":false,"template":"","format":"standard","meta":{"footnotes":""},"categories":[9],"tags":[],"class_list":["post-59686","post","type-post","status-publish","format-standard","has-post-thumbnail","hentry","category-zpravy"],"_links":{"self":[{"href":"https:\/\/www.invarena.cz\/index.php?rest_route=\/wp\/v2\/posts\/59686","targetHints":{"allow":["GET"]}}],"collection":[{"href":"https:\/\/www.invarena.cz\/index.php?rest_route=\/wp\/v2\/posts"}],"about":[{"href":"https:\/\/www.invarena.cz\/index.php?rest_route=\/wp\/v2\/types\/post"}],"author":[{"embeddable":true,"href":"https:\/\/www.invarena.cz\/index.php?rest_route=\/wp\/v2\/users\/1"}],"replies":[{"embeddable":true,"href":"https:\/\/www.invarena.cz\/index.php?rest_route=%2Fwp%2Fv2%2Fcomments&post=59686"}],"version-history":[{"count":0,"href":"https:\/\/www.invarena.cz\/index.php?rest_route=\/wp\/v2\/posts\/59686\/revisions"}],"wp:featuredmedia":[{"embeddable":true,"href":"https:\/\/www.invarena.cz\/index.php?rest_route=\/wp\/v2\/media\/59712"}],"wp:attachment":[{"href":"https:\/\/www.invarena.cz\/index.php?rest_route=%2Fwp%2Fv2%2Fmedia&parent=59686"}],"wp:term":[{"taxonomy":"category","embeddable":true,"href":"https:\/\/www.invarena.cz\/index.php?rest_route=%2Fwp%2Fv2%2Fcategories&post=59686"},{"taxonomy":"post_tag","embeddable":true,"href":"https:\/\/www.invarena.cz\/index.php?rest_route=%2Fwp%2Fv2%2Ftags&post=59686"}],"curies":[{"name":"wp","href":"https:\/\/api.w.org\/{rel}","templated":true}]}}