{"id":5982,"date":"2013-06-01T17:36:10","date_gmt":"2013-06-01T15:36:10","guid":{"rendered":"http:\/\/www.invarena.cz\/?p=5982"},"modified":"2013-06-02T12:33:04","modified_gmt":"2013-06-02T10:33:04","slug":"ministr-heger-dnes-v-janskych-laznich-lecebna-vesna-bude-zachovana","status":"publish","type":"post","link":"https:\/\/www.invarena.cz\/?p=5982","title":{"rendered":"Ministr Heger dnes v Jansk\u00fdch L\u00e1zn\u00edch: L\u00e9\u010debna Vesna bude zachov\u00e1na"},"content":{"rendered":"<p><strong>Ministr zdravotnictv\u00ed Leo\u0161 Heger dnes v Jansk\u00fdch L\u00e1zn\u00edch sl\u00edbil, \u017ee d\u011btsk\u00e1 l\u00e9\u010debna Vesna z\u016fstane zachov\u00e1na. \u0158ekl to asi dv\u011bma st\u016fm lid\u00ed, kte\u0159\u00ed se z\u00fa\u010dastnili dne\u0161n\u00ed demonstrace proti jej\u00edmu ru\u0161en\u00ed.<\/strong><\/p>\n<p><!--more-->\u00a0\u00a0\u00a0 Na shrom\u00e1\u017ed\u011bn\u00ed v chladn\u00e9m a de\u0161tiv\u00e9 po\u010das\u00ed na l\u00e1ze\u0148skou kolon\u00e1du dorazili p\u0159ev\u00e1\u017en\u011b rodi\u010de s d\u011btmi, kte\u0159\u00ed se ve Vesn\u011b l\u00e9\u010d\u00ed \u010di l\u00e9\u010dili.<\/p>\n<p>&#8222;Vesna je za\u0159\u00edzen\u00ed specializovan\u00e9 pro d\u011bti, je tady vytvo\u0159en\u00fd dobr\u00fd rehabilita\u010dn\u00ed t\u00fdm a je pot\u0159eba, aby byl zachov\u00e1n,&#8220; \u0159ekl p\u0159ed shrom\u00e1\u017ed\u011bn\u00edm ministr zdravotnictv\u00ed Leo\u0161\u00a0Heger.<\/p>\n<p>Tak\u00e9 uvedl, \u017ee Vesna m\u00e1 pro nejbli\u017e\u0161\u00ed obdob\u00ed dost pacient\u016f. &#8222;Nov\u00e9mu \u0159editeli to d\u00e1 dostatek \u010dasu, aby tady restrukturalizoval cel\u00fd komplex, eventu\u00e1ln\u011b zav\u0159el n\u011bkter\u00e9 provozy, kter\u00e9 nejsou vyt\u00ed\u017een\u00e9,&#8220; \u0159ekl Heger.<\/p>\n<p>Upozornil, \u017ee d\u011btsk\u00fdch pacient\u016f je m\u00e9n\u011b ne\u017e v minulosti. &#8222;Je nutn\u00e9 ten komplex nov\u00fdma o\u010dima zmapovat a zjistit, co z toho je \u017eivotaschopn\u00e9 a sp\u00ed\u0161e pozav\u00edrat to, co je pro dosp\u011bl\u00e9 pacienty a hledat pro to jin\u00e9 vyt\u00ed\u017een\u00ed,&#8220; \u0159ekl Heger.<\/p>\n<p>Podle Hegera zat\u00edm nebyl nikdo ze zam\u011bstnanc\u016f propu\u0161t\u011bn. &#8222;Je \u00fakolem nov\u00e9ho \u0159editele, aby zrevidoval, jak dalece by bylo propou\u0161t\u011bn\u00ed nutn\u00e9,&#8220; \u0159ekl.<\/p>\n<p>\u0160imurda dnes \u0159ekl \u017ee by do konce \u010dervna cht\u011bl m\u00edt jasno alespo\u0148 v z\u00e1kladn\u00edch parametrech, jak\u00fdm sm\u011brem se budou l\u00e1zn\u011b vyv\u00edjet.<\/p>\n<p>&#8222;Budoucnost l\u00e1zn\u00ed je ur\u010dit\u011b zaji\u0161t\u011bna. Ekonomick\u00e1 situace nen\u00ed dobr\u00e1 a bude vy\u017eadovat \u0159adu optimaliza\u010dn\u00edch opat\u0159en\u00ed, ale jsem p\u0159esv\u011bd\u010den, \u017ee nakonec se n\u00e1m poda\u0159\u00ed chod l\u00e1zn\u00ed zachovat i do budoucna,&#8220; \u0159ekl \u0160imurda.<\/p>\n<p>Podle n\u011bj je v l\u00e1zn\u00edch ur\u010dit\u00e1 p\u0159ezam\u011bstnanost na po\u010det v\u00fdkon\u016f, p\u0159esn\u00e1 \u010d\u00edsla p\u0159\u00edpadn\u011b propou\u0161t\u011bn\u00fdch neuvedl. Kapacita l\u00e1zn\u00ed je vyu\u017eit\u00e1 zhruba na 40 procent, ale nov\u00fd \u0159editel v\u011b\u0159\u00ed, \u017ee se ji poda\u0159\u00ed naplnit.<\/p>\n<p>&#8222;Situace, v n\u00ed\u017e se l\u00e1zn\u011b nach\u00e1zej\u00ed, nen\u00ed z\u00e1le\u017eitost\u00ed posledn\u00edho dne ani t\u00fddne. Je to z\u00e1le\u017eitost n\u011bkolika let, kdy minul\u00e9 veden\u00ed nedok\u00e1zalo reagovat na situaci a zajistit napln\u011bnost kapacit,&#8220; \u0159ekl \u0160imurda.<\/p>\n<p>Podle n\u011bj by v l\u00e1zn\u00edch mohla b\u00fdt poskytov\u00e1na p\u00e9\u010de i nel\u00e1ze\u0148sk\u00fdm host\u016fm. &#8222;Atraktivita regionu je ohromn\u00e1, tak\u017ee v\u011b\u0159\u00edm, \u017ee kapacitu dok\u00e1\u017eeme naplnit,&#8220; \u0159ekl \u0160imurda.<\/p>\n<p>Koudele se h\u00e1jil t\u00edm, \u017ee ud\u011blal v\u0161e, co bylo v jeho sil\u00e1ch a \u017ee za probl\u00e9my l\u00e1zn\u00ed je \u00fabytek pacient\u016f po vyd\u00e1n\u00ed nov\u00e9ho indika\u010dn\u00edho seznamu.<\/p>\n<p>Na shrom\u00e1\u017ed\u011bn\u00ed v chladn\u00e9m a de\u0161tiv\u00e9 po\u010das\u00ed na l\u00e1ze\u0148skou kolon\u00e1du dorazili p\u0159ev\u00e1\u017en\u011b rodi\u010de s d\u011btmi, kte\u0159\u00ed se ve Vesn\u011b l\u00e9\u010d\u00ed \u010di l\u00e9\u010dili.<\/p>\n<p>&#8222;P\u0159ijela jsem do Vesny s pln\u011b le\u017e\u00edc\u00edm d\u00edt\u011btem a d\u00edky p\u00e9\u010di person\u00e1lu tady dcera za\u010dala ve \u010dty\u0159ech letech chodit,&#8220; \u0159ekla jedna z matek. Lid\u00e9 m\u011bli na demonstraci transparenty s n\u00e1pisy Zav\u0159\u00edt Vesnu je zl\u00fd sen, tato vl\u00e1da z kola ven \u010di Kdo chce zru\u0161it l\u00e9\u010debnu, ten je prost\u011b na bednu.<\/p>\n<p>Iva \u0158ezn\u00ed\u010dkov\u00e1 z ob\u010dansk\u00e9 iniciativy Zachra\u0148me Vesnu \u0159ekla, \u017ee demonstrac\u00ed cht\u011bli upozornit nejen na probl\u00e9m Vesny.<\/p>\n<p>Po\u0159adatel\u00e9 demonstrace p\u0159e\u010detli prohl\u00e1\u0161en\u00ed, j\u00edm\u017e odm\u00edtli uzav\u0159en\u00ed Vesny, propou\u0161t\u011bn\u00ed zam\u011bstnanc\u016f a vyzvali k okam\u017eit\u00e9mu jedn\u00e1n\u00ed o nov\u00e9m indika\u010dn\u00edm seznamu.<\/p>\n<p>&#8222;Po\u017eadujeme okam\u017eit\u00e9 vyhl\u00e1\u0161en\u00ed \u0159\u00e1dn\u00e9ho v\u00fdb\u011brov\u00e9ho \u0159\u00edzen\u00ed na \u0159editele St\u00e1tn\u00edch l\u00e9\u010debn\u00fdch l\u00e1zn\u00ed Jansk\u00e9 L\u00e1zn\u011b,&#8220; stoj\u00ed v prohl\u00e1\u0161en\u00ed. Pokud jejich po\u017eadavky nebudou vysly\u0161eny, cht\u011bj\u00ed demisi ministra Hegera.<\/p>\n<p>Provoz Vesny zam\u00fd\u0161lel ukon\u010dit b\u00fdval\u00fd \u0159editel St\u00e1tn\u00edch l\u00e9\u010debn\u00fdch l\u00e1zn\u00ed Jansk\u00e9 L\u00e1zn\u011b Roman Koudele kv\u016fli \u0161patn\u00e9 ekonomick\u00e9 situaci. Ministerstvo ho 20. kv\u011btna odvolalo z funkce. Z\u00e1stupci odbor\u016f, pacient\u016f a iniciativ dnes zalo\u017eili krizov\u00fd \u0161t\u00e1b, kter\u00fd by m\u011bl pomoci zachovat Vesnu i dal\u0161\u00ed l\u00e1zn\u011b v \u010cesk\u00e9 republice.<\/p>\n<p>St\u00e1tn\u00ed l\u00e9\u010debn\u00e9 l\u00e1zn\u011b Jansk\u00e9 L\u00e1zn\u011b maj\u00ed ekonomick\u00e9 probl\u00e9my. Koudele pl\u00e1noval v kv\u011btnu propustit osm des\u00edtek zam\u011bstnanc\u016f ze 400. L\u00e1zn\u011b nab\u00edzej\u00ed p\u00e9\u010di na 800 l\u016f\u017ek\u00e1ch rozm\u00edst\u011bn\u00fdch v n\u011bkolika objektech v Jansk\u00fdch L\u00e1zn\u00edch.<\/p>\n<p>Jakub Sochor<\/p>\n<p>\u010cTK<\/p>\n","protected":false},"excerpt":{"rendered":"<div class=\"mh-excerpt\"><p>Ministr zdravotnictv\u00ed Leo\u0161 Heger dnes v Jansk\u00fdch L\u00e1zn\u00edch sl\u00edbil, \u017ee d\u011btsk\u00e1 l\u00e9\u010debna Vesna z\u016fstane zachov\u00e1na. \u0158ekl to asi dv\u011bma st\u016fm lid\u00ed, kte\u0159\u00ed se z\u00fa\u010dastnili dne\u0161n\u00ed <a class=\"mh-excerpt-more\" href=\"https:\/\/www.invarena.cz\/?p=5982\" title=\"Ministr Heger dnes v Jansk\u00fdch L\u00e1zn\u00edch: L\u00e9\u010debna Vesna bude zachov\u00e1na\">[&#8230;]<\/a><\/p>\n<\/div>","protected":false},"author":1,"featured_media":219,"comment_status":"open","ping_status":"open","sticky":false,"template":"","format":"standard","meta":{"footnotes":""},"categories":[9],"tags":[],"class_list":["post-5982","post","type-post","status-publish","format-standard","has-post-thumbnail","hentry","category-zpravy"],"_links":{"self":[{"href":"https:\/\/www.invarena.cz\/index.php?rest_route=\/wp\/v2\/posts\/5982","targetHints":{"allow":["GET"]}}],"collection":[{"href":"https:\/\/www.invarena.cz\/index.php?rest_route=\/wp\/v2\/posts"}],"about":[{"href":"https:\/\/www.invarena.cz\/index.php?rest_route=\/wp\/v2\/types\/post"}],"author":[{"embeddable":true,"href":"https:\/\/www.invarena.cz\/index.php?rest_route=\/wp\/v2\/users\/1"}],"replies":[{"embeddable":true,"href":"https:\/\/www.invarena.cz\/index.php?rest_route=%2Fwp%2Fv2%2Fcomments&post=5982"}],"version-history":[{"count":0,"href":"https:\/\/www.invarena.cz\/index.php?rest_route=\/wp\/v2\/posts\/5982\/revisions"}],"wp:featuredmedia":[{"embeddable":true,"href":"https:\/\/www.invarena.cz\/index.php?rest_route=\/wp\/v2\/media\/219"}],"wp:attachment":[{"href":"https:\/\/www.invarena.cz\/index.php?rest_route=%2Fwp%2Fv2%2Fmedia&parent=5982"}],"wp:term":[{"taxonomy":"category","embeddable":true,"href":"https:\/\/www.invarena.cz\/index.php?rest_route=%2Fwp%2Fv2%2Fcategories&post=5982"},{"taxonomy":"post_tag","embeddable":true,"href":"https:\/\/www.invarena.cz\/index.php?rest_route=%2Fwp%2Fv2%2Ftags&post=5982"}],"curies":[{"name":"wp","href":"https:\/\/api.w.org\/{rel}","templated":true}]}}