{"id":59890,"date":"2025-08-05T22:43:25","date_gmt":"2025-08-05T20:43:25","guid":{"rendered":"https:\/\/www.invarena.cz\/?p=59890"},"modified":"2025-08-05T22:43:26","modified_gmt":"2025-08-05T20:43:26","slug":"matka-musela-nest-ochrnuteho-syna-protoze-do-letadla-nenalozili-vozik-za-tri-dny-dorazil-rozbity","status":"publish","type":"post","link":"https:\/\/www.invarena.cz\/?p=59890","title":{"rendered":"Matka musela n\u00e9st ochrnut\u00e9ho syna, proto\u017ee do letadla nenalo\u017eili voz\u00edk. Za t\u0159i dny dorazil rozbit\u00fd"},"content":{"rendered":"\n<p>Podle b\u00fdval\u00e9 letu\u0161ky Kirsty Diasov\u00e9 se za posledn\u00edch 20 let pro cestuj\u00edc\u00ed s posti\u017een\u00edm v leteck\u00e9 doprav\u011b nic nezm\u011bnilo. B\u011bhem letu s aerolinkami Ryanair z Dublinu do Var\u0161avy jej\u00edmu t\u0159\u00edap\u016fllet\u00e9mu synovi, ochrnut\u00e9mu na v\u0161echny kon\u010detiny, nebyl nalo\u017een voz\u00edk a po p\u0159ist\u00e1n\u00ed j\u00ed person\u00e1lem leti\u0161t\u011b bylo sd\u011bleno, \u017ee syna bude muset n\u00e9st. Situace je m\u011bla na t\u0159i dny uv\u011bznit v pokoji. Kdy\u017e byl voz\u00edk kone\u010dn\u011b doru\u010den, byl neopraviteln\u011b po\u0161kozen\u00fd.<\/p>\n\n\n\n<p>Cel\u00fd \u010dl\u00e1nek naleznete na novinky.cz: <a href=\"https:\/\/www.novinky.cz\/clanek\/cestovani-matka-musela-nest-ochrnuteho-syna-protoze-do-letadla-nenalozili-vozik-za-tri-dny-dorazil-rozbity-40532955\" target=\"_blank\" rel=\"noreferrer noopener\">https:\/\/www.novinky.cz\/clanek\/cestovani-matka-musela-nest-ochrnuteho-syna-protoze-do-letadla-nenalozili-vozik-za-tri-dny-dorazil-rozbity-40532955<\/a><\/p>\n","protected":false},"excerpt":{"rendered":"<div class=\"mh-excerpt\"><p>Podle b\u00fdval\u00e9 letu\u0161ky Kirsty Diasov\u00e9 se za posledn\u00edch 20 let pro cestuj\u00edc\u00ed s posti\u017een\u00edm v leteck\u00e9 doprav\u011b nic nezm\u011bnilo. B\u011bhem letu s aerolinkami Ryanair z <a class=\"mh-excerpt-more\" href=\"https:\/\/www.invarena.cz\/?p=59890\" title=\"Matka musela n\u00e9st ochrnut\u00e9ho syna, proto\u017ee do letadla nenalo\u017eili voz\u00edk. Za t\u0159i dny dorazil rozbit\u00fd\">[&#8230;]<\/a><\/p>\n<\/div>","protected":false},"author":1,"featured_media":41873,"comment_status":"open","ping_status":"closed","sticky":false,"template":"","format":"standard","meta":{"footnotes":""},"categories":[9],"tags":[],"class_list":["post-59890","post","type-post","status-publish","format-standard","has-post-thumbnail","hentry","category-zpravy"],"_links":{"self":[{"href":"https:\/\/www.invarena.cz\/index.php?rest_route=\/wp\/v2\/posts\/59890","targetHints":{"allow":["GET"]}}],"collection":[{"href":"https:\/\/www.invarena.cz\/index.php?rest_route=\/wp\/v2\/posts"}],"about":[{"href":"https:\/\/www.invarena.cz\/index.php?rest_route=\/wp\/v2\/types\/post"}],"author":[{"embeddable":true,"href":"https:\/\/www.invarena.cz\/index.php?rest_route=\/wp\/v2\/users\/1"}],"replies":[{"embeddable":true,"href":"https:\/\/www.invarena.cz\/index.php?rest_route=%2Fwp%2Fv2%2Fcomments&post=59890"}],"version-history":[{"count":0,"href":"https:\/\/www.invarena.cz\/index.php?rest_route=\/wp\/v2\/posts\/59890\/revisions"}],"wp:featuredmedia":[{"embeddable":true,"href":"https:\/\/www.invarena.cz\/index.php?rest_route=\/wp\/v2\/media\/41873"}],"wp:attachment":[{"href":"https:\/\/www.invarena.cz\/index.php?rest_route=%2Fwp%2Fv2%2Fmedia&parent=59890"}],"wp:term":[{"taxonomy":"category","embeddable":true,"href":"https:\/\/www.invarena.cz\/index.php?rest_route=%2Fwp%2Fv2%2Fcategories&post=59890"},{"taxonomy":"post_tag","embeddable":true,"href":"https:\/\/www.invarena.cz\/index.php?rest_route=%2Fwp%2Fv2%2Ftags&post=59890"}],"curies":[{"name":"wp","href":"https:\/\/api.w.org\/{rel}","templated":true}]}}