{"id":59896,"date":"2025-08-05T22:58:12","date_gmt":"2025-08-05T20:58:12","guid":{"rendered":"https:\/\/www.invarena.cz\/?p=59896"},"modified":"2025-08-05T22:58:13","modified_gmt":"2025-08-05T20:58:13","slug":"mate-v-tele-houbu-rekli-tereze-lekari-byl-to-ale-nador","status":"publish","type":"post","link":"https:\/\/www.invarena.cz\/?p=59896","title":{"rendered":"M\u00e1te v t\u011ble houbu, \u0159ekli Tereze l\u00e9ka\u0159i. Byl to ale n\u00e1dor"},"content":{"rendered":"\n<p>\u201eJe to hodn\u011b slo\u017eit\u00e9,\u201c \u0159\u00edk\u00e1 \u00favodem Tereza z Libkovic pod \u0158\u00edpem, kter\u00e1 trp\u00ed hned dv\u011bma v\u00e1\u017en\u00fdmi a vysoce smrteln\u00fdmi onemocn\u011bn\u00edmi. Jedn\u00edm z nich je T-bun\u011b\u010dn\u00fd lymfom \u2013 n\u00e1dor, o kter\u00e9m se l\u00e9ka\u0159i nejprve domn\u00edvali, \u017ee jde o vz\u00e1cnou houbu. Druh\u00fdm je sekund\u00e1rn\u00ed HLH syndrom, jen\u017e n\u00e1dor vyvolal. Krom\u011b rakoviny tak Tereza trp\u00ed i nemoc\u00ed, p\u0159i n\u00ed\u017e bu\u0148ky, kter\u00e9 maj\u00ed t\u011blo chr\u00e1nit, jej\u00ed organismus nam\u00edsto toho likviduj\u00ed.<\/p>\n\n\n\n<p>V\u0161e za\u010dalo na ja\u0159e roku 2024, kdy Tereza (p\u0159\u00edjmen\u00ed nen\u00ed z\u00e1m\u011brn\u011b uvedeno z d\u016fvodu zachov\u00e1n\u00ed \u010d\u00e1ste\u010dn\u00e9 anonymity, ale redakce jej\u00ed plnou toto\u017enost zn\u00e1) z Libkovic pod \u0158\u00edpem upadla na h\u00fd\u017ed\u011b. V m\u00edst\u011b dopadu se j\u00ed n\u00e1sledn\u011b ud\u011blal velk\u00fd hematom, kter\u00fd se rychle zv\u011bt\u0161oval.<\/p>\n\n\n\n<p>L\u00e9ka\u0159i se od po\u010d\u00e1tku domn\u00edvali, \u017ee je to proto, \u017ee se \u017een\u011b usadila v t\u011bla vz\u00e1cn\u00e1 houba, kter\u00e9 se \u0159\u00edk\u00e1 scedosporium (rod, je\u017e se b\u011b\u017en\u011b vyskytuje v p\u0159\u00edrod\u011b, ale m\u016f\u017ee zp\u016fsobit infekce u lid\u00ed s oslabenou imunitou; pozn. red.).<\/p>\n\n\n\n<p>N\u00e1sledovala velk\u00e1 \u00fanava, migr\u00e9ny a hore\u010dky. Stav Terezy se nad\u00e1le zhor\u0161oval. Do\u0161lo i na hospitalizaci, n\u011bkolik septick\u00fdch stav\u016f a selh\u00e1v\u00e1n\u00ed jater. Antibiotika nezab\u00edrala. \u201eHouba\u201c byla dle zji\u0161t\u011bn\u00ed l\u00e9ka\u0159\u016f roz\u0161\u00ed\u0159en\u00e1 po cel\u00e9m t\u011ble a nikdo nev\u011bd\u011bl, pro\u010d nereaguje na l\u00e9\u010dbu.<\/p>\n\n\n\n<p>Na konci roku pustili l\u00e9ka\u0159i Terezu dom\u016f v relativn\u011b dobr\u00e9m stavu. Pak se j\u00ed ale ud\u011blala boule na tv\u00e1\u0159i. Najednou v\u0161e za\u010dalo d\u00e1vat smysl.<\/p>\n\n\n\n<p>L\u00e9ka\u0159sk\u00e9 drama, kter\u00e9 p\u0159esahuje lidsk\u00e9 ch\u00e1p\u00e1n\u00ed<\/p>\n\n\n\n<p>\u201eNejprve jsem chodila po zuba\u0159\u00edch, na o\u010dn\u00ed, na ORL. Nic nezjistili. Vytrhli mi dva zuby, nasadili antibiotika. M\u016fj stav se ale zhor\u0161oval a brzy se p\u0159i\u0161lo na to, \u017ee to nen\u00ed od zub\u016f, ale \u017ee m\u00e1m n\u011bco s imunitou. Odhalili u m\u011b sekund\u00e1rn\u00ed HLH syndrom (viz n\u00ed\u017ee). Jen\u017ee st\u00e1le nev\u011bd\u011bli, co ho vyvolalo,\u201c popisuje Tereza.<\/p>\n\n\n\n<p>V lednu roku 2025 se j\u00ed ud\u011blala boule i na rameni. Z n\u00ed u\u017e l\u00e9ka\u0159i dle slov pan\u00ed Terezy ud\u011blali biopsii. Uk\u00e1zalo se, \u017ee jde celou dobu o vz\u00e1cn\u00fd T-bun\u011b\u010dn\u00fd lymfom (viz n\u00ed\u017ee), nikoliv o houbu. Ihned byla proto p\u0159evezena na hematologii a za\u010dala s\u00e9rie chemoterapi\u00ed.<\/p>\n\n\n\n<p>\u201eM\u016fj zdravotn\u00ed stav byl v\u00e1\u017en\u00fd. M\u011bla jsem \u00fapln\u011b zni\u010den\u00e9 a slab\u00e9 t\u011blo, silnou neuropatii. Ta trv\u00e1 dodnes. Nezvedla jsem se sama ze sedu, nemohla jsem chodit, ani otev\u0159\u00edt v\u00ed\u010dko od jogurtu,\u201c popisuje Tereza stav po chemoterapi\u00edch.<\/p>\n\n\n\n<p>N\u00e1vrat dom\u016f byl jedna velk\u00e1 katastrofa<\/p>\n\n\n\n<p>Kdy\u017e Terezu l\u00e9ka\u0159i po dvou m\u011bs\u00edc\u00edch pustili dom\u016f, byla to dle jej\u00edch slov trag\u00e9die. Se sv\u00fdmi t\u0159emi d\u011btmi bydl\u00ed ve druh\u00e9m pat\u0159e bez v\u00fdtahu. Jen dostat se dom\u016f pro ni bylo nad jej\u00ed s\u00edly.<\/p>\n\n\n\n<p>\u201eMuseli jsme doma nainstalovat dr\u017e\u00e1ky a koupit zdravotn\u00ed pom\u016fcky, jako t\u0159eba n\u00e1stavec na z\u00e1chod, abych m\u011bla \u0161anci se v\u016fbec zvednout. Do toho jsme jezdili ka\u017ed\u00fd t\u00fdden na kontrolu. Hodina cesty tam a hodina zp\u00e1tky,\u201c popisuje \u017eena n\u00e1sledn\u00fd koloto\u010d.<\/p>\n\n\n\n<p>Po \u0161esti cyklech chemoterapi\u00ed vy\u0161et\u0159en\u00ed uk\u00e1zalo, \u017ee lymfom skoro vymizel. Pro celou rodinu tak nastalo obdob\u00ed radosti. Bohu\u017eel netrvalo dlouho.<\/p>\n\n\n\n<p>N\u00e1dor nejprve vymizel, pak se vr\u00e1til<\/p>\n\n\n\n<p>Po m\u011bs\u00edci p\u0159i\u0161la dal\u0161\u00ed r\u00e1na: lymfom op\u011bt narostl po cel\u00e9m t\u011ble. \u201eN\u00e1dor se u m\u011b chov\u00e1 velmi agresivn\u011b a roste rychle. Podstupuji proto aktu\u00e1ln\u011b druhou s\u00e9rii chemoterapi\u00ed s c\u00edlem zni\u010dit aktivn\u00ed n\u00e1dorov\u00e9 bu\u0148ky a p\u0159ej\u00edt k transplantaci kostn\u00ed d\u0159en\u011b od d\u00e1rce,\u201c vysv\u011btluje Tereza dal\u0161\u00ed postup.<\/p>\n\n\n\n<p>I n\u00e1sledn\u00e1 transplantace ale p\u0159in\u00e1\u0161\u00ed mnoho rizik a komplikac\u00ed. T\u011blo nemus\u00ed nov\u00e9 krvinky p\u0159ijmout. Nebo se tak\u00e9 krvinky nemus\u00ed cht\u00edt uchytit. Nav\u00edc i sebemen\u0161\u00ed infekce, t\u0159eba i oby\u010dejn\u00e1 r\u00fdma, m\u016f\u017ee Terezu ohrozit na \u017eivot\u011b.<\/p>\n\n\n\n<p>\u201eNikdo nev\u00ed, jak se bude lymfom d\u00e1l chovat. Transplantace bude mo\u017en\u00e1 pouze v p\u0159\u00edpad\u011b, \u017ee se aktivn\u00ed rakovinn\u00e9 bu\u0148ky poda\u0159\u00ed zlikvidovat. V opa\u010dn\u00e9m p\u0159\u00edpad\u011b m\u011b \u010dek\u00e1 biol\u00e9\u010dba a pak u\u017e jen paliativn\u00ed p\u00e9\u010de,\u201c pokra\u010duje Tereza.<\/p>\n\n\n\n<p>Lymfom ale dle jej\u00edch slov zat\u00edm reaguje na l\u00e9\u010dbu dob\u0159e. I p\u0159es vedlej\u0161\u00ed \u00fa\u010dinky chemoterapie, jako jsou nevolnosti, zvracen\u00ed \u010di velk\u00e1 \u00fanava, se jej\u00ed zdravotn\u00ed stav zlep\u0161uje.<\/p>\n\n\n\n<p>Rodina pom\u00e1h\u00e1, co m\u016f\u017ee<\/p>\n\n\n\n<p>Se v\u0161\u00edm Tereze pom\u00e1haj\u00ed jej\u00ed bratr, sestra, rodi\u010de i jej\u00ed t\u0159i nezletil\u00e9 d\u011bti Mat\u011bj (16 let), Terezka (14 let) a Dorotka (9 let), o kter\u00e9 pe\u010duje sama. Te\u010f se ale role obr\u00e1tily a jej\u00ed d\u011bti se staraj\u00ed o n\u00ed. Mo\u017en\u00e1 i d\u00edky jejich podpo\u0159e se mohl jej\u00ed zdravotn\u00ed stav za\u010d\u00edt postupn\u011b zlep\u0161ovat.<\/p>\n\n\n\n<p>\u201eNikdy bych nev\u011b\u0159ila, kolik starost\u00ed dok\u00e1\u017ee jedna nemoc p\u0159in\u00e9st. V\u0161em jsem nesm\u00edrn\u011b vd\u011b\u010dn\u00e1 za pomoc. Jsou tak state\u010dn\u00ed. Ob\u010das m\u00e1m pocit, \u017ee je to pro n\u011b n\u00e1ro\u010dn\u011bj\u0161\u00ed ne\u017e pro m\u011b samotnou. Hlavn\u011b tedy psychicky,\u201c d\u011bkuje Tereza sv\u00e9 rodin\u011b za podporu, bez kter\u00e9 by to nezvl\u00e1dla.<\/p>\n\n\n\n<p>Ob\u010das m\u00e1 ale v\u00fd\u010ditky sv\u011bdom\u00ed, \u017ee mus\u00ed m\u00edt jej\u00ed d\u011bti takov\u00e9 d\u011btstv\u00ed. Jsou pr\u00fd dny, kdy se u nich doma jen pl\u00e1\u010de, proto\u017ee d\u011btem je l\u00edto, v jak\u00e9m stavu jejich maminka n\u011bkdy je.<\/p>\n\n\n\n<p>V invalidn\u00edm d\u016fchodu a bez pen\u011bz<\/p>\n\n\n\n<p>Do toho v\u0161eho mus\u00ed Tereza \u0159e\u0161it, jak si poradit s napnut\u00fdm rozpo\u010dtem. Pob\u00edr\u00e1 toti\u017e jen invalidn\u00ed d\u016fchod. Jej\u00ed bratr proto zalo\u017eil jej\u00edm jm\u00e9nem sb\u00edrku na dobro\u010dinn\u00e9 platform\u011b Donio (<a href=\"https:\/\/donio.cz\/srdcem-pro-terezku\" target=\"_blank\" rel=\"noreferrer noopener\">https:\/\/donio.cz\/srdcem-pro-terezku<\/a>). Vybran\u00e9 pen\u00edze maj\u00ed v n\u00e1ro\u010dn\u00e9 \u017eivotn\u00ed etap\u011b pomoci nejen Tereze, ale i jej\u00edm d\u011btem ke zlep\u0161en\u00ed kvality \u017eivota.<\/p>\n\n\n\n<p>O \u00fahradu Tereziny l\u00e9\u010dby jako takov\u00e9 se na\u0161t\u011bst\u00ed star\u00e1 zdravotn\u00ed poji\u0161\u0165ovna.<\/p>\n\n\n\n<p>\u201eBydl\u00edme v n\u00e1jmu na vesnici, kde se v zim\u011b top\u00ed uhl\u00edm. V\u0161e je tak drah\u00e9. Pom\u016fcky do \u0161koly pro t\u0159i d\u011bti, oble\u010den\u00ed, doj\u00ed\u017ed\u011bn\u00ed do nemocnice,\u201c jmenuje Tereza jen zlomek v\u00fddaj\u016f.<\/p>\n\n\n\n<p>\u201eTe\u010f nav\u00edc p\u0159em\u00fd\u0161l\u00edme, jestli se nep\u0159est\u011bhovat do levn\u011bj\u0161\u00edho bytu. O uhl\u00ed by se toti\u017e musel kv\u016fli m\u00e9mu stavu starat syn. Nav\u00edc, kdy\u017e je u sv\u00e9ho otce, nem\u00e1 tuto pr\u00e1ci kdo zastat. D\u011bl\u00e1 toho u\u017e tolik, \u017ee to po n\u011bm ani nem\u016f\u017eu cht\u00edt,\u201c zva\u017euje Tereza levn\u011bj\u0161\u00ed a m\u00e9n\u011b n\u00e1ro\u010dn\u00e9 bydlen\u00ed.<\/p>\n\n\n\n<p>V\u0161em potenci\u00e1ln\u00edm d\u00e1rc\u016fm je nesm\u00edrn\u011b vd\u011b\u010dn\u00e1. Pom\u00e1haj\u00ed j\u00ed toti\u017e v nejt\u011b\u017e\u0161\u00ed \u017eivotn\u00ed f\u00e1zi k tomu, aby se mohla pln\u011b soust\u0159edit na sv\u00e9 uzdraven\u00ed a nemusela se tr\u00e1pit t\u00edm, \u017ee jej\u00ed d\u011bti nebudou m\u00edt co j\u00edst.<\/p>\n\n\n\n<p>HLH syndrom<\/p>\n\n\n\n<p>\u201eHemofagocyt\u00e1rn\u00ed lymfohistiocyt\u00f3za (HLH) je z\u00e1va\u017en\u00fd, \u017eivot ohro\u017euj\u00edc\u00ed hyperz\u00e1n\u011btliv\u00fd syndrom charakterizovan\u00fd nadm\u011brnou imunitn\u00ed aktivac\u00ed, kter\u00e1 vede k po\u0161kozen\u00ed tk\u00e1n\u00ed, multiorg\u00e1nov\u00e9mu selh\u00e1n\u00ed a \u010dasto i k \u00famrt\u00ed, pokud nen\u00ed l\u00e9\u010dena,\u201c vysv\u011btluje Sam Konkol z Virginsk\u00e9 univerzity ve studii zve\u0159ejn\u011bn\u00e9 v roce 2025.<\/p>\n\n\n\n<p>Zjednodu\u0161en\u011b \u0159e\u010deno jde o to, \u017ee bu\u0148ky, kter\u00e9 maj\u00ed organismus chr\u00e1nit, jsou hyperaktivn\u00ed. M\u00edsto toho, aby napadaly \u0161kodliv\u00e9 mikroorganismy, napadaj\u00ed t\u011blo. M\u016f\u017ee se projevit nov\u011b, nebo jako reakce na jin\u00e9 onemocn\u011bn\u00ed.<\/p>\n\n\n\n<p>T-bun\u011b\u010dn\u00fd lymfom<\/p>\n\n\n\n<p>\u201eJedn\u00e1 se o formu non-Hodgkinova lymfomu, kter\u00fd se m\u016f\u017ee vyvinout v lymfoidn\u00edch tk\u00e1n\u00edch (jako jsou lymfatick\u00e9 uzliny a slezina) nebo i mimo n\u011b (v j\u00e1trech, nosn\u00ed dutin\u011b, na k\u016f\u017ei a v dal\u0161\u00edch m\u00edstech). Ka\u017ed\u00fd konkr\u00e9tn\u00ed podtyp je velmi neobvykl\u00fd,\u201c vysv\u011btluje pojem Lymphoma Research Foundation.<\/p>\n\n\n\n<p>M\u016f\u017ee se jednat o agresivn\u00ed a rychle rostouc\u00ed n\u00e1dor, ale m\u016f\u017ee r\u016fst i mnoho let bez pov\u0161imnut\u00ed. V podstat\u011b jde o to, \u017ee se bu\u0148ky, kter\u00e9 maj\u00ed t\u011blo chr\u00e1nit, stanou rakovinn\u00fdmi.<\/p>\n\n\n\n<p>Kate\u0159ina Kofro\u0148ov\u00e1<\/p>\n\n\n\n<p>Den\u00edk.cz<\/p>\n\n\n\n<p><a href=\"https:\/\/www.denik.cz\" target=\"_blank\" rel=\"noreferrer noopener\">https:\/\/www.denik.cz<\/a><\/p>\n","protected":false},"excerpt":{"rendered":"<div class=\"mh-excerpt\"><p>\u201eJe to hodn\u011b slo\u017eit\u00e9,\u201c \u0159\u00edk\u00e1 \u00favodem Tereza z Libkovic pod \u0158\u00edpem, kter\u00e1 trp\u00ed hned dv\u011bma v\u00e1\u017en\u00fdmi a vysoce smrteln\u00fdmi onemocn\u011bn\u00edmi. Jedn\u00edm z nich je T-bun\u011b\u010dn\u00fd <a class=\"mh-excerpt-more\" href=\"https:\/\/www.invarena.cz\/?p=59896\" title=\"M\u00e1te v t\u011ble houbu, \u0159ekli Tereze l\u00e9ka\u0159i. Byl to ale n\u00e1dor\">[&#8230;]<\/a><\/p>\n<\/div>","protected":false},"author":1,"featured_media":14888,"comment_status":"open","ping_status":"closed","sticky":false,"template":"","format":"standard","meta":{"footnotes":""},"categories":[9],"tags":[],"class_list":["post-59896","post","type-post","status-publish","format-standard","has-post-thumbnail","hentry","category-zpravy"],"_links":{"self":[{"href":"https:\/\/www.invarena.cz\/index.php?rest_route=\/wp\/v2\/posts\/59896","targetHints":{"allow":["GET"]}}],"collection":[{"href":"https:\/\/www.invarena.cz\/index.php?rest_route=\/wp\/v2\/posts"}],"about":[{"href":"https:\/\/www.invarena.cz\/index.php?rest_route=\/wp\/v2\/types\/post"}],"author":[{"embeddable":true,"href":"https:\/\/www.invarena.cz\/index.php?rest_route=\/wp\/v2\/users\/1"}],"replies":[{"embeddable":true,"href":"https:\/\/www.invarena.cz\/index.php?rest_route=%2Fwp%2Fv2%2Fcomments&post=59896"}],"version-history":[{"count":0,"href":"https:\/\/www.invarena.cz\/index.php?rest_route=\/wp\/v2\/posts\/59896\/revisions"}],"wp:featuredmedia":[{"embeddable":true,"href":"https:\/\/www.invarena.cz\/index.php?rest_route=\/wp\/v2\/media\/14888"}],"wp:attachment":[{"href":"https:\/\/www.invarena.cz\/index.php?rest_route=%2Fwp%2Fv2%2Fmedia&parent=59896"}],"wp:term":[{"taxonomy":"category","embeddable":true,"href":"https:\/\/www.invarena.cz\/index.php?rest_route=%2Fwp%2Fv2%2Fcategories&post=59896"},{"taxonomy":"post_tag","embeddable":true,"href":"https:\/\/www.invarena.cz\/index.php?rest_route=%2Fwp%2Fv2%2Ftags&post=59896"}],"curies":[{"name":"wp","href":"https:\/\/api.w.org\/{rel}","templated":true}]}}