{"id":59899,"date":"2025-08-05T23:09:52","date_gmt":"2025-08-05T21:09:52","guid":{"rendered":"https:\/\/www.invarena.cz\/?p=59899"},"modified":"2025-08-05T23:09:52","modified_gmt":"2025-08-05T21:09:52","slug":"centrum-paraple-obdrzelo-pres-tri-ctvrte-milionu-korun-pomaha-mu-stiraci-los","status":"publish","type":"post","link":"https:\/\/www.invarena.cz\/?p=59899","title":{"rendered":"Centrum Paraple obdr\u017eelo p\u0159es t\u0159i \u010dtvrt\u011b milionu korun. Pom\u00e1h\u00e1 mu st\u00edrac\u00ed los"},"content":{"rendered":"\n<p>Centrum Paraple z\u00edskalo dal\u0161\u00edch 890 547 korun z charitativn\u00edho losu. Prost\u0159edky budou pou\u017eity na instalaci klimatizace a \u00faprav\u00e1m venkovn\u00ed terasy, \u010d\u00edm\u017e se v\u00fdrazn\u011b zlep\u0161\u00ed komfort a bezpe\u010dnost klient\u016f po poran\u011bn\u00ed m\u00edchy. Los je v prodeji a\u017e do roku 2027 a celkov\u00e1 hodnota daru by mohla dos\u00e1hnout a\u017e na 20 milion\u016f korun. \u010c\u00e1stka se odv\u00edj\u00ed od toho, kolik los\u016f se prod\u00e1.<\/p>\n\n\n\n<p>Celkem 890 547 korun. Tolik obdr\u017eelo Centrum Paraple, kter\u00e9 dlouhodob\u011b poskytuje odbornou pomoc lidem po poran\u011bn\u00ed m\u00edchy. Pen\u00edze poch\u00e1zej\u00ed z dal\u0161\u00edho v\u00fdt\u011b\u017eku charitativn\u00edho st\u00edrac\u00edho losu Paraple. \u010c\u00e1stka p\u0159esahuj\u00edc\u00ed t\u0159i \u010dtvrt\u011b milionu korun poslou\u017e\u00ed k instalaci klimatizace v prostor\u00e1ch fyzioterapie, ergoterapie a soci\u00e1ln\u00ed rehabilitace. Naru\u0161en\u00e1 termoregulace je probl\u00e9m, kter\u00fd se vyskytuje u \u010d\u00e1sti lid\u00ed po poran\u011bn\u00ed m\u00edchy. Pro ty, kte\u0159\u00ed s n\u00ed bojuj\u00ed, je udr\u017een\u00ed st\u00e1l\u00e9 t\u011blesn\u00e9 teploty nezbytnost\u00ed.<\/p>\n\n\n\n<p>\u201eP\u0159i n\u00e1v\u0161t\u011bv\u011b Centra n\u00e1s prov\u00e1zel jeho b\u00fdval\u00fd klient, kter\u00fd n\u00e1m popisoval, jak z\u00e1sadn\u00edm probl\u00e9mem m\u016f\u017ee b\u00fdt naru\u0161en\u00e1 schopnost regulovat t\u011blesnou teplotu. To jsou v\u011bci, kter\u00e9 si zdrav\u00fd \u010dlov\u011bk \u010dasto ani neuv\u011bdom\u00ed. O to v\u00edc n\u00e1s t\u011b\u0161\u00ed, \u017ee pr\u00e1v\u011b na tuto pot\u0159ebu m\u016f\u017ee nyn\u00ed putovat \u010d\u00e1st v\u00fdt\u011b\u017eku,\u201c uvedla Eva Nov\u00e1kov\u00e1, mana\u017eerka kategorie st\u00edrac\u00edch los\u016f ve spole\u010dnosti Sazka.<\/p>\n\n\n\n<p>Centrum vyu\u017eije zb\u00fdvaj\u00edc\u00ed prost\u0159edky ke stavebn\u00edm \u00faprav\u00e1m venkovn\u00ed terasy. Ta se roz\u0161\u00ed\u0159\u00ed tak, aby se na n\u00ed mohli klienti na voz\u00edku pohybovat bezpe\u010dn\u011bji a pohodln\u011bji, tedy bez rizika n\u00e1raz\u016f \u010di p\u00e1d\u016f. Nov\u00fd prostor m\u00e1 z\u00e1rove\u0148 nab\u00eddnout v\u00edce m\u00edsta pro odpo\u010dinek i setk\u00e1v\u00e1n\u00ed s bl\u00edzk\u00fdmi.<\/p>\n\n\n\n<p>V\u011bt\u0161\u00ed komfort a bezpe\u010d\u00ed pro klienty<\/p>\n\n\n\n<p>\u201eVelmi si v\u00e1\u017e\u00edme dlouhodob\u00e9 podpory. Tak\u00e9 d\u00edky n\u00ed m\u016f\u017eeme realizovat projekty, kter\u00e9 maj\u00ed p\u0159\u00edm\u00fd dopad na kvalitu \u017eivota na\u0161ich klient\u016f. Klimatizace i bezpe\u010dn\u011bj\u0161\u00ed terasa v\u00fdrazn\u011b zv\u00fd\u0161\u00ed komfort a pohodu lid\u00ed po poran\u011bn\u00ed m\u00edchy b\u011bhem jejich pobytu,\u201c uvedl Ji\u0159\u00ed Pokuta, provozn\u00ed \u0159editel Centra Paraple, kter\u00e9 obdr\u017eelo prvn\u00ed \u010d\u00e1st v\u00fdt\u011b\u017eku z losu u\u017e na ja\u0159e. Jednalo se o t\u00e9m\u011b\u0159 dva miliony korun. Ty tehdy pomohly zajistit, ale i roz\u0161\u00ed\u0159it slu\u017eby, kter\u00e9 Centrum poskytuje.<\/p>\n\n\n\n<p>Charitativn\u00ed los Paraple byl uveden na trh v lednu leto\u0161n\u00edho roku a jeho v\u00fdt\u011b\u017eek bude podporovat \u010dinnosti Centra Paraple a\u017e do roku 2027. Celkov\u00e1 v\u00fd\u0161e p\u0159\u00edsp\u011bvku z\u00e1vis\u00ed na prodeji los\u016f. \u010c\u00edm v\u00edce se jich prod\u00e1, t\u00edm bude podpora vy\u0161\u0161\u00ed. P\u0159\u00edsp\u011bvek by mohl podle odhad\u016f celkov\u011b dos\u00e1hnout a\u017e na 20 milion\u016f korun.<\/p>\n\n\n\n<p>Stovky nov\u00fdch zran\u011bn\u00ed ka\u017ed\u00fd rok<\/p>\n\n\n\n<p>V \u010cesku p\u0159ibude ka\u017ed\u00fd rok zhruba 300 nov\u00fdch p\u0159\u00edpad\u016f poran\u011bn\u00ed m\u00edchy. P\u0159ibli\u017en\u011b polovina vznik\u00e1 v d\u016fsledku \u00farazu, zbytek m\u00e1 ne\u00farazov\u00e9 p\u0159\u00ed\u010diny, od z\u00e1n\u011bt\u016f p\u0159es degenerativn\u00ed zm\u011bny a\u017e po c\u00e9vn\u00ed posti\u017een\u00ed.<\/p>\n\n\n\n<p>Ji\u0159\u00ed \u0160traub<\/p>\n\n\n\n<p>Den\u00edk.cz<\/p>\n\n\n\n<p><a href=\"https:\/\/www.denik.cz\" target=\"_blank\" rel=\"noreferrer noopener\">https:\/\/www.denik.cz<\/a><\/p>\n","protected":false},"excerpt":{"rendered":"<div class=\"mh-excerpt\"><p>Centrum Paraple z\u00edskalo dal\u0161\u00edch 890 547 korun z charitativn\u00edho losu. Prost\u0159edky budou pou\u017eity na instalaci klimatizace a \u00faprav\u00e1m venkovn\u00ed terasy, \u010d\u00edm\u017e se v\u00fdrazn\u011b zlep\u0161\u00ed komfort <a class=\"mh-excerpt-more\" href=\"https:\/\/www.invarena.cz\/?p=59899\" title=\"Centrum Paraple obdr\u017eelo p\u0159es t\u0159i \u010dtvrt\u011b milionu korun. Pom\u00e1h\u00e1 mu st\u00edrac\u00ed los\">[&#8230;]<\/a><\/p>\n<\/div>","protected":false},"author":1,"featured_media":600,"comment_status":"open","ping_status":"closed","sticky":false,"template":"","format":"standard","meta":{"footnotes":""},"categories":[9],"tags":[],"class_list":["post-59899","post","type-post","status-publish","format-standard","has-post-thumbnail","hentry","category-zpravy"],"_links":{"self":[{"href":"https:\/\/www.invarena.cz\/index.php?rest_route=\/wp\/v2\/posts\/59899","targetHints":{"allow":["GET"]}}],"collection":[{"href":"https:\/\/www.invarena.cz\/index.php?rest_route=\/wp\/v2\/posts"}],"about":[{"href":"https:\/\/www.invarena.cz\/index.php?rest_route=\/wp\/v2\/types\/post"}],"author":[{"embeddable":true,"href":"https:\/\/www.invarena.cz\/index.php?rest_route=\/wp\/v2\/users\/1"}],"replies":[{"embeddable":true,"href":"https:\/\/www.invarena.cz\/index.php?rest_route=%2Fwp%2Fv2%2Fcomments&post=59899"}],"version-history":[{"count":0,"href":"https:\/\/www.invarena.cz\/index.php?rest_route=\/wp\/v2\/posts\/59899\/revisions"}],"wp:featuredmedia":[{"embeddable":true,"href":"https:\/\/www.invarena.cz\/index.php?rest_route=\/wp\/v2\/media\/600"}],"wp:attachment":[{"href":"https:\/\/www.invarena.cz\/index.php?rest_route=%2Fwp%2Fv2%2Fmedia&parent=59899"}],"wp:term":[{"taxonomy":"category","embeddable":true,"href":"https:\/\/www.invarena.cz\/index.php?rest_route=%2Fwp%2Fv2%2Fcategories&post=59899"},{"taxonomy":"post_tag","embeddable":true,"href":"https:\/\/www.invarena.cz\/index.php?rest_route=%2Fwp%2Fv2%2Ftags&post=59899"}],"curies":[{"name":"wp","href":"https:\/\/api.w.org\/{rel}","templated":true}]}}