{"id":59902,"date":"2025-08-05T23:15:28","date_gmt":"2025-08-05T21:15:28","guid":{"rendered":"https:\/\/www.invarena.cz\/?p=59902"},"modified":"2025-08-05T23:15:28","modified_gmt":"2025-08-05T21:15:28","slug":"investice-za-700-milionu-socialni-centrum-v-jihlave-zdvojnasobi-pocet-luzek","status":"publish","type":"post","link":"https:\/\/www.invarena.cz\/?p=59902","title":{"rendered":"Investice za 700 milion\u016f. Soci\u00e1ln\u00ed centrum v Jihlav\u011b zdvojn\u00e1sob\u00ed po\u010det l\u016f\u017eek"},"content":{"rendered":"\n<p>Kraj Vyso\u010dina m\u00e1 v pl\u00e1nu zdvojn\u00e1sobit po\u010det l\u016f\u017eek pro seniory ve sv\u00e9m soci\u00e1ln\u00edm centru u nemocnice v Jihlav\u011b. P\u0159istav\u011bt tam chce objekt se 159 l\u016f\u017eky.<\/p>\n\n\n\n<p>Investici s p\u0159edpokl\u00e1dan\u00fdmi n\u00e1klady okolo 700 milion\u016f korun by mohl za\u010d\u00edt uskute\u010d\u0148ovat v roce 2027 nebo 2028. Stavebn\u00ed z\u00e1m\u011br dnes schv\u00e1lila krajsk\u00e1 rada.<\/p>\n\n\n\n<p>Soci\u00e1ln\u00ed centrum v Rant\u00ed\u0159ovsk\u00e9 ulici se 138 l\u016f\u017eky bylo podle d\u0159\u00edv\u011bj\u0161\u00edch \u00fadaj\u016f kraje otev\u0159eno p\u0159ed dv\u011bma lety. \u201ePopt\u00e1vka v sou\u010dasnosti n\u011bkolikan\u00e1sobn\u011b p\u0159evy\u0161uje kapacitu za\u0159\u00edzen\u00ed,&#8220; uvedl hejtman Kraje Vyso\u010dina Martin Kukla k z\u00e1m\u011bru na jeho roz\u0161\u00ed\u0159en\u00ed. Doplnil, \u017ee n\u00e1klady na projektovou dokumentaci budou zhruba 30 milion\u016f korun.<\/p>\n\n\n\n<p>V nov\u00e9m objektu budou i l\u016f\u017eka pro takzvanou pobytovou odleh\u010dovac\u00ed slu\u017ebu ur\u010denou na pomoc lidem, kte\u0159\u00ed dlouhodob\u011b pe\u010duj\u00ed o sv\u00e9 bl\u00edzk\u00e9 doma, l\u016f\u017eka pro paliativn\u00ed p\u00e9\u010di a dal\u0161\u00ed slu\u017eby pro seniory a lidi se zdravotn\u00edm posti\u017een\u00edm.<\/p>\n\n\n\n<p>Letos v kv\u011btnu kraj na webu uvedl, \u017ee p\u0159ipravuje roz\u0161\u00ed\u0159en\u00ed pobytov\u00fdch slu\u017eeb pro seniory o 600 l\u016f\u017eek. Na Vyso\u010din\u011b je pro n\u011b p\u0159es 3360 l\u016f\u017eek v za\u0159\u00edzen\u00edch r\u016fzn\u00fdch provozovatel\u016f, \u017e\u00e1dost\u00ed o um\u00edst\u011bn\u00ed bylo zjara v jednotn\u00e9 krajsk\u00e9 evidenci v\u00edc ne\u017e 3700. \u010cekac\u00ed lh\u016fta na um\u00edst\u011bn\u00ed do domova pro seniory z\u00e1vis\u00ed na tom, jak\u00fd je zdravotn\u00ed stav \u017eadatele a v jak\u00e9 je situaci.<\/p>\n\n\n\n<p>Do domova pro seniory postaven\u00e9ho u jihlavsk\u00e9 nemocnice se prvn\u00ed obyvatel\u00e9 st\u011bhovali na ja\u0159e 2023. Funguje v n\u011bm i mate\u0159sk\u00e1 \u0161kola pro 25 d\u011bt\u00ed. T\u0159\u00edda mate\u0159sk\u00e9 \u0161koly by podle materi\u00e1lu na webu kraje mohla b\u00fdt i v chystan\u00e9 p\u0159\u00edstavb\u011b.<\/p>\n\n\n\n<p>Na Vyso\u010din\u011b, kter\u00e1 m\u00e1 p\u0159ibli\u017en\u011b 517 000 obyvatel, bylo vloni podle profilu kraje 25 domov\u016f pro seniory a stejn\u00fd po\u010det domov\u016f se zvl\u00e1\u0161tn\u00edm re\u017eimem, kter\u00e9 pe\u010duj\u00ed o lidi posti\u017een\u00e9 demencemi. Krom\u011b kraje provozuj\u00ed domovy pro seniory obce, c\u00edrkve i soukrom\u00e9 subjekty.<\/p>\n\n\n\n<p>\u010cTK<\/p>\n\n\n\n<p>Jihlavsk\u00fd den\u00edk<\/p>\n\n\n\n<p><a href=\"https:\/\/jihlavsky.denik.cz\" target=\"_blank\" rel=\"noreferrer noopener\">https:\/\/jihlavsky.denik.cz<\/a><\/p>\n","protected":false},"excerpt":{"rendered":"<div class=\"mh-excerpt\"><p>Kraj Vyso\u010dina m\u00e1 v pl\u00e1nu zdvojn\u00e1sobit po\u010det l\u016f\u017eek pro seniory ve sv\u00e9m soci\u00e1ln\u00edm centru u nemocnice v Jihlav\u011b. P\u0159istav\u011bt tam chce objekt se 159 l\u016f\u017eky. <a class=\"mh-excerpt-more\" href=\"https:\/\/www.invarena.cz\/?p=59902\" title=\"Investice za 700 milion\u016f. Soci\u00e1ln\u00ed centrum v Jihlav\u011b zdvojn\u00e1sob\u00ed po\u010det l\u016f\u017eek\">[&#8230;]<\/a><\/p>\n<\/div>","protected":false},"author":1,"featured_media":21447,"comment_status":"open","ping_status":"closed","sticky":false,"template":"","format":"standard","meta":{"footnotes":""},"categories":[9],"tags":[],"class_list":["post-59902","post","type-post","status-publish","format-standard","has-post-thumbnail","hentry","category-zpravy"],"_links":{"self":[{"href":"https:\/\/www.invarena.cz\/index.php?rest_route=\/wp\/v2\/posts\/59902","targetHints":{"allow":["GET"]}}],"collection":[{"href":"https:\/\/www.invarena.cz\/index.php?rest_route=\/wp\/v2\/posts"}],"about":[{"href":"https:\/\/www.invarena.cz\/index.php?rest_route=\/wp\/v2\/types\/post"}],"author":[{"embeddable":true,"href":"https:\/\/www.invarena.cz\/index.php?rest_route=\/wp\/v2\/users\/1"}],"replies":[{"embeddable":true,"href":"https:\/\/www.invarena.cz\/index.php?rest_route=%2Fwp%2Fv2%2Fcomments&post=59902"}],"version-history":[{"count":0,"href":"https:\/\/www.invarena.cz\/index.php?rest_route=\/wp\/v2\/posts\/59902\/revisions"}],"wp:featuredmedia":[{"embeddable":true,"href":"https:\/\/www.invarena.cz\/index.php?rest_route=\/wp\/v2\/media\/21447"}],"wp:attachment":[{"href":"https:\/\/www.invarena.cz\/index.php?rest_route=%2Fwp%2Fv2%2Fmedia&parent=59902"}],"wp:term":[{"taxonomy":"category","embeddable":true,"href":"https:\/\/www.invarena.cz\/index.php?rest_route=%2Fwp%2Fv2%2Fcategories&post=59902"},{"taxonomy":"post_tag","embeddable":true,"href":"https:\/\/www.invarena.cz\/index.php?rest_route=%2Fwp%2Fv2%2Ftags&post=59902"}],"curies":[{"name":"wp","href":"https:\/\/api.w.org\/{rel}","templated":true}]}}