{"id":59905,"date":"2025-08-05T23:18:07","date_gmt":"2025-08-05T21:18:07","guid":{"rendered":"https:\/\/www.invarena.cz\/?p=59905"},"modified":"2025-08-05T23:18:08","modified_gmt":"2025-08-05T21:18:08","slug":"kromeriz-zacina-oprava-pavilonu-na-barborce","status":"publish","type":"post","link":"https:\/\/www.invarena.cz\/?p=59905","title":{"rendered":"Krom\u011b\u0159\u00ed\u017e: Za\u010d\u00edn\u00e1 oprava pavilonu na Barborce"},"content":{"rendered":"\n<p>Radnice dnes p\u0159edala stavebn\u00ed firm\u011b VW Wachal z Krom\u011b\u0159\u00ed\u017ee pavilon K v are\u00e1lu Domova pro osoby se zdravotn\u00edm posti\u017een\u00edm Barborka.<\/p>\n\n\n\n<p>Po rekonstrukci v budov\u011b vznikne z\u00e1zem\u00ed pro odleh\u010dovac\u00ed pobytovou slu\u017ebu pro dosp\u011bl\u00e9 osoby. \u201eZak\u00e1zku se poda\u0159ilo vysout\u011b\u017eit za cca 43,4 milionu korun, tedy oproti p\u0159edpokl\u00e1dan\u00e9 hodnot\u011b zak\u00e1zky jde o \u00fasporu zhruba 8,6 milionu korun,\u201c upozornil starosta Tom\u00e1\u0161 Opatrn\u00fd.<\/p>\n\n\n\n<p>Cel\u00fd \u010dl\u00e1nek naleznete v Parlamentn\u00edch Listech: <a href=\"https:\/\/www.parlamentnilisty.cz\/politika\/obce-volicum\/Kromeriz-Zacina-oprava-pavilonu-na-Barborce-777841\" target=\"_blank\" rel=\"noreferrer noopener\">https:\/\/www.parlamentnilisty.cz\/politika\/obce-volicum\/Kromeriz-Zacina-oprava-pavilonu-na-Barborce-777841<\/a><\/p>\n","protected":false},"excerpt":{"rendered":"<div class=\"mh-excerpt\"><p>Radnice dnes p\u0159edala stavebn\u00ed firm\u011b VW Wachal z Krom\u011b\u0159\u00ed\u017ee pavilon K v are\u00e1lu Domova pro osoby se zdravotn\u00edm posti\u017een\u00edm Barborka. Po rekonstrukci v budov\u011b vznikne <a class=\"mh-excerpt-more\" href=\"https:\/\/www.invarena.cz\/?p=59905\" title=\"Krom\u011b\u0159\u00ed\u017e: Za\u010d\u00edn\u00e1 oprava pavilonu na Barborce\">[&#8230;]<\/a><\/p>\n<\/div>","protected":false},"author":1,"featured_media":4002,"comment_status":"open","ping_status":"closed","sticky":false,"template":"","format":"standard","meta":{"footnotes":""},"categories":[9],"tags":[],"class_list":["post-59905","post","type-post","status-publish","format-standard","has-post-thumbnail","hentry","category-zpravy"],"_links":{"self":[{"href":"https:\/\/www.invarena.cz\/index.php?rest_route=\/wp\/v2\/posts\/59905","targetHints":{"allow":["GET"]}}],"collection":[{"href":"https:\/\/www.invarena.cz\/index.php?rest_route=\/wp\/v2\/posts"}],"about":[{"href":"https:\/\/www.invarena.cz\/index.php?rest_route=\/wp\/v2\/types\/post"}],"author":[{"embeddable":true,"href":"https:\/\/www.invarena.cz\/index.php?rest_route=\/wp\/v2\/users\/1"}],"replies":[{"embeddable":true,"href":"https:\/\/www.invarena.cz\/index.php?rest_route=%2Fwp%2Fv2%2Fcomments&post=59905"}],"version-history":[{"count":0,"href":"https:\/\/www.invarena.cz\/index.php?rest_route=\/wp\/v2\/posts\/59905\/revisions"}],"wp:featuredmedia":[{"embeddable":true,"href":"https:\/\/www.invarena.cz\/index.php?rest_route=\/wp\/v2\/media\/4002"}],"wp:attachment":[{"href":"https:\/\/www.invarena.cz\/index.php?rest_route=%2Fwp%2Fv2%2Fmedia&parent=59905"}],"wp:term":[{"taxonomy":"category","embeddable":true,"href":"https:\/\/www.invarena.cz\/index.php?rest_route=%2Fwp%2Fv2%2Fcategories&post=59905"},{"taxonomy":"post_tag","embeddable":true,"href":"https:\/\/www.invarena.cz\/index.php?rest_route=%2Fwp%2Fv2%2Ftags&post=59905"}],"curies":[{"name":"wp","href":"https:\/\/api.w.org\/{rel}","templated":true}]}}