{"id":59981,"date":"2025-08-12T13:02:18","date_gmt":"2025-08-12T11:02:18","guid":{"rendered":"https:\/\/www.invarena.cz\/?p=59981"},"modified":"2025-08-12T13:15:27","modified_gmt":"2025-08-12T11:15:27","slug":"za-chybejici-stehno-chteji-dva-miliony","status":"publish","type":"post","link":"https:\/\/www.invarena.cz\/?p=59981","title":{"rendered":"Za chyb\u011bj\u00edc\u00ed stehno cht\u011bj\u00ed dva miliony"},"content":{"rendered":"\n<p>\u010cRo<\/p>\n\n\n\n<p><\/p>\n\n\n\n<p>Rodi\u010de, kter\u00fdm se narodila nyn\u00ed ji\u0159 \u010dty\u0159let\u00e1 hol\u010di\u010dka bez stehenn\u00ed kosti, cht\u011bj\u00ed po trutnovsk\u00e9 nemocnici a o\u0161et\u0159uj\u00edc\u00edm l\u00e9ka\u0159i od\u0161kodn\u00e9 2 miliony K\u010d. Hol\u010di\u010dka se tam narodila s v\u00fdvojovou vadou, podle rodi\u010d\u016f se na to ale m\u011blo p\u0159ij\u00edt u\u017e v t\u011bhotenstv\u00ed. Ani na jednom z ultrazvuk\u016f v t\u011bhotenstv\u00ed se na to nep\u0159i\u0161lo.  L\u00e9ka\u0159i tvrd\u00ed, \u017ee diagn\u00f3zu nebylo mo\u017en\u00e9 dop\u0159edu zjistit. <\/p>\n\n\n\n<p>P\u0159\u00edpad projedn\u00e1v\u00e1 Krajsk\u00fd soud v Hradci Kr\u00e1lov\u00e9. Trutnovsk\u00fd soud jejich \u017e\u00e1dost letos na ja\u0159e zam\u00edtl, rodi\u010de se proto odvolali.<\/p>\n","protected":false},"excerpt":{"rendered":"<div class=\"mh-excerpt\"><p>\u010cRo Rodi\u010de, kter\u00fdm se narodila nyn\u00ed ji\u0159 \u010dty\u0159let\u00e1 hol\u010di\u010dka bez stehenn\u00ed kosti, cht\u011bj\u00ed po trutnovsk\u00e9 nemocnici a o\u0161et\u0159uj\u00edc\u00edm l\u00e9ka\u0159i od\u0161kodn\u00e9 2 miliony K\u010d. Hol\u010di\u010dka se <a class=\"mh-excerpt-more\" href=\"https:\/\/www.invarena.cz\/?p=59981\" title=\"Za chyb\u011bj\u00edc\u00ed stehno cht\u011bj\u00ed dva miliony\">[&#8230;]<\/a><\/p>\n<\/div>","protected":false},"author":1,"featured_media":19485,"comment_status":"open","ping_status":"closed","sticky":false,"template":"","format":"standard","meta":{"footnotes":""},"categories":[7],"tags":[],"class_list":["post-59981","post","type-post","status-publish","format-standard","has-post-thumbnail","hentry","category-spolecnost"],"_links":{"self":[{"href":"https:\/\/www.invarena.cz\/index.php?rest_route=\/wp\/v2\/posts\/59981","targetHints":{"allow":["GET"]}}],"collection":[{"href":"https:\/\/www.invarena.cz\/index.php?rest_route=\/wp\/v2\/posts"}],"about":[{"href":"https:\/\/www.invarena.cz\/index.php?rest_route=\/wp\/v2\/types\/post"}],"author":[{"embeddable":true,"href":"https:\/\/www.invarena.cz\/index.php?rest_route=\/wp\/v2\/users\/1"}],"replies":[{"embeddable":true,"href":"https:\/\/www.invarena.cz\/index.php?rest_route=%2Fwp%2Fv2%2Fcomments&post=59981"}],"version-history":[{"count":0,"href":"https:\/\/www.invarena.cz\/index.php?rest_route=\/wp\/v2\/posts\/59981\/revisions"}],"wp:featuredmedia":[{"embeddable":true,"href":"https:\/\/www.invarena.cz\/index.php?rest_route=\/wp\/v2\/media\/19485"}],"wp:attachment":[{"href":"https:\/\/www.invarena.cz\/index.php?rest_route=%2Fwp%2Fv2%2Fmedia&parent=59981"}],"wp:term":[{"taxonomy":"category","embeddable":true,"href":"https:\/\/www.invarena.cz\/index.php?rest_route=%2Fwp%2Fv2%2Fcategories&post=59981"},{"taxonomy":"post_tag","embeddable":true,"href":"https:\/\/www.invarena.cz\/index.php?rest_route=%2Fwp%2Fv2%2Ftags&post=59981"}],"curies":[{"name":"wp","href":"https:\/\/api.w.org\/{rel}","templated":true}]}}