{"id":60034,"date":"2025-08-15T15:05:02","date_gmt":"2025-08-15T13:05:02","guid":{"rendered":"https:\/\/www.invarena.cz\/?p=60034"},"modified":"2025-08-15T15:05:08","modified_gmt":"2025-08-15T13:05:08","slug":"nadrazi-bubny-celi-kritice-osob-se-zdravotnim-postizenim","status":"publish","type":"post","link":"https:\/\/www.invarena.cz\/?p=60034","title":{"rendered":"N\u00e1dra\u017e\u00ed\u00a0Bubny\u00a0\u010del\u00ed kritice osob se\u00a0zdravotn\u00edm\u00a0posti\u017een\u00edm"},"content":{"rendered":"\n<p>TV Nova<\/p>\n\n\n\n<p>Na \u010derstv\u011b otev\u0159en\u00e9 n\u00e1dra\u017e\u00ed Bubny si st\u011b\u017euje N\u00e1rodn\u00ed rada osob se zdravotn\u00edm posti\u017een\u00edm. Lid\u00e9 se zrakov\u00fdm posti\u017een\u00edm tam mohou m\u00edt probl\u00e9my s orientac\u00ed. Spr\u00e1va \u017eeleznic sice slibuje zlep\u0161en\u00ed, ale kdo \u00fapravy provede, zat\u00edm nen\u00ed jasn\u00e9. <\/p>\n\n\n\n<p><strong>Jon\u00e1\u0161 K\u0159\u00ed\u017e, redaktor<\/strong> Ze z\u00e1kona mus\u00ed po\u017eadavky na bezbari\u00e9rovost spl\u0148ovat ka\u017ed\u00e1 nov\u00e1 \u010di nov\u011b zrekonstruovan\u00e1 ve\u0159ejn\u00e1 budova. U n\u00e1dra\u017e\u00ed Bubny jsou podle zrakov\u011b posti\u017een\u00fdch nedostatky. Probl\u00e9mem jsou podle rady nap\u0159\u00edklad tzv. vod\u00edc\u00ed linie pro nevidom\u00e9. Jejich napojen\u00ed od stanice metra Vltavsk\u00e1 tady \u00fapln\u011b chyb\u00ed. <\/p>\n\n\n\n<p><strong>V\u00e1clav Kr\u00e1sa, p\u0159edseda N\u00e1rodn\u00ed rady osob se zdravotn\u00edm posti\u017een\u00edm<\/strong> Je to zvl\u00e1\u0161tn\u00ed dla\u017eba, kter\u00e1 m\u00e1 v sob\u011b n\u011bkolik dr\u00e1\u017eek. Nevidom\u00e1 osoba svoji slepeckou h\u016fl vlo\u017e\u00ed do t\u00e9 dr\u00e1\u017eky a ta jej vede p\u0159esn\u011b k dan\u00e9mu c\u00edli. <\/p>\n\n\n\n<p><strong>Martin Koz\u00e1k, \u0159editel, Dopravn\u00ed a energetick\u00fd stavebn\u00ed \u00fa\u0159ad<\/strong> Sou\u010d\u00e1st\u00ed toho projektu v\u00fdstavby nebyla \u010d\u00e1st toho ve\u0159ejn\u00e9ho prostoru od stanice metra k tomu prostoru n\u00e1dra\u017e\u00ed. Um\u011bl\u00e1 vod\u00edc\u00ed linie je prost\u011b p\u0159eru\u0161ena a ti nevidom\u00ed nebo slabozrac\u00ed, kte\u0159\u00ed p\u0159ich\u00e1zej\u00ed od toho metra na n\u00e1dra\u017e\u00ed, tam maj\u00ed 5 metr\u016f, kdy vlastn\u011b nejsou vedeni. <\/p>\n\n\n\n<p><strong>Jon\u00e1\u0161 K\u0159\u00ed\u017e, redaktor<\/strong> N\u00e1dra\u017e\u00ed je zat\u00edm ve zku\u0161ebn\u00edm provozu. Nejde pr\u00fd ale o jedin\u00fd probl\u00e9m. <\/p>\n\n\n\n<p><strong>V\u00e1clav Kr\u00e1sa, p\u0159edseda N\u00e1rodn\u00ed rady osob se zdravotn\u00edm posti\u017een\u00edm<\/strong> Pak jsou tam je\u0161t\u011b n\u011bkter\u00e9 ty vodic\u00ed linie a jakoby \u00fapln\u011b ne \u00fapln\u011b dod\u011blan\u00e9. Akustick\u00fd sign\u00e1l pro nevidom\u00e9 je skryt\u00fd za stropn\u00edmi podhledy a nefunguje dob\u0159e. <\/p>\n\n\n\n<p><strong>Martin Koz\u00e1k, \u0159editel, Dopravn\u00ed a energetick\u00fd stavebn\u00ed \u00fa\u0159ad<\/strong> Ve vztahu ke schodi\u0161ti na terase vyt\u00fdkaj\u00ed, \u017ee je tam n\u00edzk\u00fd profil toho schodi\u0161t\u011b. Vy\u0161\u0161\u00ed osoby mohou do n\u011bj narazit hlavou.<\/p>\n\n\n\n<p> <strong>Jon\u00e1\u0161 K\u0159\u00ed\u017e, redaktor<\/strong> Spr\u00e1va \u017eeleznic slibuje n\u00e1pravu. <\/p>\n\n\n\n<p><strong>Du\u0161an Gavenda, mluv\u010d\u00ed, Spr\u00e1va \u017eeleznic<\/strong> Dnes se uskute\u010dnilo jedn\u00e1n\u00ed, kde byly jednotliv\u00e9 podn\u011bty prodiskutov\u00e1ny. A domluvili jsme se na dal\u0161\u00edm postupu.<\/p>\n\n\n\n<p> <strong>Jon\u00e1\u0161 K\u0159\u00ed\u017e, redaktor<\/strong> Ot\u00e1zka z\u016fst\u00e1v\u00e1, kdo \u00fapravu u metra provede. <\/p>\n\n\n\n<p><strong>Du\u0161an Gavenda, mluv\u010d\u00ed, Spr\u00e1va \u017eeleznic<\/strong> Spr\u00e1va \u017eeleznic nen\u00ed investorem \u00faprav u stanice Vltavsk\u00e1, ale podle na\u0161ich informac\u00ed vod\u00edc\u00ed p\u00e1s v bl\u00edzk\u00e9 dob\u011b dopln\u00ed hlavn\u00ed m\u011bsto Praha v r\u00e1mci dokon\u010dov\u00e1n\u00ed okol\u00ed b\u011bhem zku\u0161ebn\u00edho provozu. <\/p>\n\n\n\n<p><strong>V\u00edt Hofman, mluv\u010d\u00ed Magistr\u00e1tu hlavn\u00edho m\u011bsta Prahy<\/strong> Jedn\u00e1 se o stavbu, jej\u00ed\u017e v\u00fdhradn\u00edm investorem je Spr\u00e1va \u017eeleznic. Opravdu se mus\u00edte obr\u00e1tit na Spr\u00e1vu \u017eeleznic, kter\u00e1 \u0159e\u0161\u00ed bezbari\u00e9rovost cel\u00e9ho projektu, v\u010detn\u011b okol\u00ed. <\/p>\n\n\n\n<p><strong>Jon\u00e1\u0161 K\u0159\u00ed\u017e, redaktor<\/strong> Zdravotn\u011b posti\u017een\u00ed na\u0161li probl\u00e9m i u dal\u0161\u00edch pra\u017esk\u00fdch staveb. Ter\u010dem kritiky rady se stalo i sofijsk\u00e9 n\u00e1m\u011bst\u00ed v Mod\u0159anech, jeho\u017e revitalizace vy\u0161la na zhruba 50 000 000 K\u010d. Vadilo tu nedodr\u017een\u00ed sklon\u016f chodn\u00edk\u016f i nezabezpe\u010den\u00e9 hrany. Kolaudace byla po otev\u0159en\u00ed zru\u0161ena a do\u0161lo na n\u011b a\u017e po n\u011bkolika letech. \u00dapravy vy\u0161ly na v\u00edce ne\u017e dva miliony.<\/p>\n\n\n\n<p>televize Nova<\/p>\n","protected":false},"excerpt":{"rendered":"<div class=\"mh-excerpt\"><p>TV Nova Na \u010derstv\u011b otev\u0159en\u00e9 n\u00e1dra\u017e\u00ed Bubny si st\u011b\u017euje N\u00e1rodn\u00ed rada osob se zdravotn\u00edm posti\u017een\u00edm. Lid\u00e9 se zrakov\u00fdm posti\u017een\u00edm tam mohou m\u00edt probl\u00e9my s orientac\u00ed. <a class=\"mh-excerpt-more\" href=\"https:\/\/www.invarena.cz\/?p=60034\" title=\"N\u00e1dra\u017e\u00ed\u00a0Bubny\u00a0\u010del\u00ed kritice osob se\u00a0zdravotn\u00edm\u00a0posti\u017een\u00edm\">[&#8230;]<\/a><\/p>\n<\/div>","protected":false},"author":1,"featured_media":13669,"comment_status":"open","ping_status":"closed","sticky":false,"template":"","format":"standard","meta":{"footnotes":""},"categories":[9],"tags":[],"class_list":["post-60034","post","type-post","status-publish","format-standard","has-post-thumbnail","hentry","category-zpravy"],"_links":{"self":[{"href":"https:\/\/www.invarena.cz\/index.php?rest_route=\/wp\/v2\/posts\/60034","targetHints":{"allow":["GET"]}}],"collection":[{"href":"https:\/\/www.invarena.cz\/index.php?rest_route=\/wp\/v2\/posts"}],"about":[{"href":"https:\/\/www.invarena.cz\/index.php?rest_route=\/wp\/v2\/types\/post"}],"author":[{"embeddable":true,"href":"https:\/\/www.invarena.cz\/index.php?rest_route=\/wp\/v2\/users\/1"}],"replies":[{"embeddable":true,"href":"https:\/\/www.invarena.cz\/index.php?rest_route=%2Fwp%2Fv2%2Fcomments&post=60034"}],"version-history":[{"count":0,"href":"https:\/\/www.invarena.cz\/index.php?rest_route=\/wp\/v2\/posts\/60034\/revisions"}],"wp:featuredmedia":[{"embeddable":true,"href":"https:\/\/www.invarena.cz\/index.php?rest_route=\/wp\/v2\/media\/13669"}],"wp:attachment":[{"href":"https:\/\/www.invarena.cz\/index.php?rest_route=%2Fwp%2Fv2%2Fmedia&parent=60034"}],"wp:term":[{"taxonomy":"category","embeddable":true,"href":"https:\/\/www.invarena.cz\/index.php?rest_route=%2Fwp%2Fv2%2Fcategories&post=60034"},{"taxonomy":"post_tag","embeddable":true,"href":"https:\/\/www.invarena.cz\/index.php?rest_route=%2Fwp%2Fv2%2Ftags&post=60034"}],"curies":[{"name":"wp","href":"https:\/\/api.w.org\/{rel}","templated":true}]}}