{"id":60142,"date":"2025-08-18T03:52:01","date_gmt":"2025-08-18T01:52:01","guid":{"rendered":"https:\/\/www.invarena.cz\/?p=60142"},"modified":"2025-08-18T04:50:32","modified_gmt":"2025-08-18T02:50:32","slug":"mobilni-aplikace-ez-karta-ma-nove-pomahat-s-hlidanim-terminu-prevence-a-ockovani","status":"publish","type":"post","link":"https:\/\/www.invarena.cz\/?p=60142","title":{"rendered":"Mobiln\u00ed aplikace EZ karta m\u00e1 nov\u011b pom\u00e1hat s hl\u00edd\u00e1n\u00edm term\u00edn\u016f prevence a o\u010dkov\u00e1n\u00ed"},"content":{"rendered":"\n<p>TV Nova<\/p>\n\n\n\n<p>Mobiln\u00ed aplikace EZ karta, b\u00fdval\u00e1 covidov\u00e1 Te\u010dka, m\u00e1 nov\u011b pom\u00e1hat s hl\u00edd\u00e1n\u00edm term\u00edn\u016f prevence a o\u010dkov\u00e1n\u00ed. Ministerstvo zdravotnictv\u00ed ji roz\u0161\u00ed\u0159ilo a pl\u00e1nuje pro ni dal\u0161\u00ed funkce, nap\u0159\u00edklad e\u017d\u00e1danku pro objedn\u00e1n\u00ed vy\u0161et\u0159en\u00ed nebo elektronickou mapu l\u00e9ka\u0159\u016f; jak praktik\u016f, tak specialist\u016f.<\/p>\n\n\n\n<p> Mobiln\u00ed aplikaci EZ karta maj\u00ed podle Ministerstva zdravotnictv\u00ed v telefonu zhruba 4 miliony u\u017eivatel\u016f. Vznikla z p\u016fvodn\u00ed Te\u010dky, kter\u00e1 slou\u017eila v dob\u011b pandemie pro evidenci o\u010dkov\u00e1n\u00ed i test\u016f na covid. U\u017e te\u010f ka\u017ed\u00fd \u010dlov\u011bk najde p\u0159\u00edmo v aplikaci svoje o\u010dkov\u00e1n\u00ed od roku 2010 a b\u011bhem n\u00e1sleduj\u00edc\u00edch m\u011bs\u00edc\u016f p\u0159ibudou dal\u0161\u00ed funkce a informace. Od z\u00e1\u0159\u00ed za\u010dne EZ karta postupn\u011b pos\u00edlat upozorn\u011bn\u00ed, p\u0159ipomene term\u00edn preventivn\u00ed prohl\u00eddky, screeningov\u00e9ho vy\u0161et\u0159en\u00ed nebo o\u010dkov\u00e1n\u00ed hrazen\u00e9ho z ve\u0159ejn\u00e9ho poji\u0161t\u011bn\u00ed. A uk\u00e1\u017ee tak\u00e9, kam se na vy\u0161et\u0159en\u00ed m\u016f\u017eete objednat. <\/p>\n\n\n\n<p><strong>Vlastimil V\u00e1lek, vicepremi\u00e9r a ministr zdravotnictv\u00ed \/TOP 09\/<\/strong> Postupn\u011b do konce roku se tam objev\u00ed laboratorn\u00ed vy\u0161et\u0159en\u00ed. Do \u010dervna p\u0159\u00ed\u0161t\u00edho roku se EZ karta pln\u011b zm\u011bn\u00ed vlastn\u011b v n\u00e1stroj, v kter\u00e9m budou \u017e\u00e1danky, n\u00e1lezy vy\u0161et\u0159en\u00ed, pomoc\u00ed kter\u00e9ho se pacient bude moct objedn\u00e1vat. Objev\u00ed se tam jak\u00fdsi barometr zdrav\u00ed, kter\u00fd bude ukazovat, jak na tom ten pacient je, kolik vy\u0161et\u0159en\u00ed absolvovat\/neobsahoval. <\/p>\n\n\n\n<p><strong>Ladislav Du\u0161ek, \u0159editel \u00dastavu zdravotnick\u00fdch informac\u00ed a statistiky<\/strong> Bude motivovat x lid\u00ed, kte\u0159\u00ed na ty preventivn\u00ed prohl\u00eddky te\u010f v\u016fbec nechod\u00ed, aby se jich z\u00fa\u010dastnili. Je na stole vlastn\u011b p\u0159\u00edprava u\u017e i legislativn\u011b schv\u00e1lena elektronick\u00e9ho o\u010dkovac\u00edho pr\u016fkazu.<\/p>\n\n\n\n<p><strong>redaktorka<\/strong> Aplikaci si ka\u017ed\u00fd m\u016f\u017ee zdarma st\u00e1hnou, p\u0159ihl\u00e1sit se p\u0159es digit\u00e1ln\u00ed identitu a m\u00edt sv\u00e9 zdravotn\u00ed z\u00e1znamy p\u0159ehledn\u011b po ruce. Pro \u010dlov\u011bka, kter\u00fd aplikaci nechce nebo nem\u016f\u017ee m\u00edt, se pr\u00fd nic nem\u011bn\u00ed.<\/p>\n\n\n\n<p> <strong>Petr Folt\u00fdn, \u0159editel, N\u00e1rodn\u00ed centr\u00e1la elektronizace zdravotnictv\u00ed<\/strong> Dostanete tam informace o aktu\u00e1ln\u00edm o\u010dkov\u00e1n\u00ed a te\u010f nov\u011b od tohoto data se v\u00e1m tam na\u0161ly informace o n\u00e1v\u0161t\u011bv\u00e1ch praktick\u00fdch l\u00e9ka\u0159\u016f a p\u0159\u00edpadn\u011b o screeninc\u00edch. Pokud si tam p\u0159id\u00e1te sv\u00e9 d\u00edt\u011b, tak se automaticky dostanete na tu informaci tady k tomu.<\/p>\n\n\n\n<p> <strong>Zuzana Dumbrovsk\u00e1, redaktorka<\/strong> K tomu sv\u00e9 \u00fadaje o o\u010dkov\u00e1n\u00ed tak\u00e9 m\u016f\u017eete sd\u00edlet s jinou osobou, nap\u0159\u00edklad s l\u00e9ka\u0159em, a to pomoc\u00ed jednoduch\u00e9ho QR k\u00f3du. S elektronizac\u00ed zdravotnictv\u00ed souvis\u00ed i novela z\u00e1kona, kter\u00e1 za\u010dne platit od p\u0159\u00ed\u0161t\u00edho roku. Vznikne t\u0159eba kmenov\u00fd registr pacient\u016f, kde budou mimo jin\u00e9 \u00fadaje o zdravotn\u00ed zp\u016fsobilosti k \u0159\u00edzen\u00ed nebo o tom, zda m\u00e1 \u010dlov\u011bk povolen\u00ed k dr\u017een\u00ed zbran\u011b. <\/p>\n\n\n\n<p><strong>Petr Folt\u00fdn, \u0159editel, N\u00e1rodn\u00ed centr\u00e1la elektronizace zdravotnictv\u00ed<\/strong> Centr\u00e1ln\u00ed registr, kde budou v\u0161ichni pacienti a budou v\u0161echny syst\u00e9my v zemi napojeny na tento registr. <\/p>\n\n\n\n<p><strong>Zuzana Dumbrovsk\u00e1, redaktorka<\/strong> Tento nouzov\u00fd zdravotn\u00ed z\u00e1znam obsahuje kl\u00ed\u010dov\u00e9 informace pro l\u00e9ka\u0159e, nap\u0159\u00edklad krevn\u00ed skupinu, alergie nebo l\u00e9ky, kter\u00e9 pacient u\u017e\u00edv\u00e1.<\/p>\n\n\n\n<p> televize Nova<\/p>\n","protected":false},"excerpt":{"rendered":"<div class=\"mh-excerpt\"><p>TV Nova Mobiln\u00ed aplikace EZ karta, b\u00fdval\u00e1 covidov\u00e1 Te\u010dka, m\u00e1 nov\u011b pom\u00e1hat s hl\u00edd\u00e1n\u00edm term\u00edn\u016f prevence a o\u010dkov\u00e1n\u00ed. Ministerstvo zdravotnictv\u00ed ji roz\u0161\u00ed\u0159ilo a pl\u00e1nuje pro <a class=\"mh-excerpt-more\" href=\"https:\/\/www.invarena.cz\/?p=60142\" title=\"Mobiln\u00ed aplikace EZ karta m\u00e1 nov\u011b pom\u00e1hat s hl\u00edd\u00e1n\u00edm term\u00edn\u016f prevence a o\u010dkov\u00e1n\u00ed\">[&#8230;]<\/a><\/p>\n<\/div>","protected":false},"author":1,"featured_media":21736,"comment_status":"open","ping_status":"closed","sticky":false,"template":"","format":"standard","meta":{"footnotes":""},"categories":[11,9],"tags":[],"class_list":["post-60142","post","type-post","status-publish","format-standard","has-post-thumbnail","hentry","category-zdravi","category-zpravy"],"_links":{"self":[{"href":"https:\/\/www.invarena.cz\/index.php?rest_route=\/wp\/v2\/posts\/60142","targetHints":{"allow":["GET"]}}],"collection":[{"href":"https:\/\/www.invarena.cz\/index.php?rest_route=\/wp\/v2\/posts"}],"about":[{"href":"https:\/\/www.invarena.cz\/index.php?rest_route=\/wp\/v2\/types\/post"}],"author":[{"embeddable":true,"href":"https:\/\/www.invarena.cz\/index.php?rest_route=\/wp\/v2\/users\/1"}],"replies":[{"embeddable":true,"href":"https:\/\/www.invarena.cz\/index.php?rest_route=%2Fwp%2Fv2%2Fcomments&post=60142"}],"version-history":[{"count":0,"href":"https:\/\/www.invarena.cz\/index.php?rest_route=\/wp\/v2\/posts\/60142\/revisions"}],"wp:featuredmedia":[{"embeddable":true,"href":"https:\/\/www.invarena.cz\/index.php?rest_route=\/wp\/v2\/media\/21736"}],"wp:attachment":[{"href":"https:\/\/www.invarena.cz\/index.php?rest_route=%2Fwp%2Fv2%2Fmedia&parent=60142"}],"wp:term":[{"taxonomy":"category","embeddable":true,"href":"https:\/\/www.invarena.cz\/index.php?rest_route=%2Fwp%2Fv2%2Fcategories&post=60142"},{"taxonomy":"post_tag","embeddable":true,"href":"https:\/\/www.invarena.cz\/index.php?rest_route=%2Fwp%2Fv2%2Ftags&post=60142"}],"curies":[{"name":"wp","href":"https:\/\/api.w.org\/{rel}","templated":true}]}}