{"id":60146,"date":"2025-08-18T04:04:07","date_gmt":"2025-08-18T02:04:07","guid":{"rendered":"https:\/\/www.invarena.cz\/?p=60146"},"modified":"2025-08-18T04:50:51","modified_gmt":"2025-08-18T02:50:51","slug":"stat-chce-vice-ockovat-vymysli-novou-strategii","status":"publish","type":"post","link":"https:\/\/www.invarena.cz\/?p=60146","title":{"rendered":"St\u00e1t chce v\u00edce o\u010dkovat. Vym\u00fd\u0161l\u00ed novou strategii"},"content":{"rendered":"\n<p>\u010cT 1<\/p>\n\n\n\n<p>Ministerstvo zdravotnictv\u00ed dokon\u010duje n\u00e1rodn\u00ed vakcina\u010dn\u00ed strategii. Dokument na p\u0159\u00ed\u0161t\u00edch p\u011bt let u\u017e pro\u0161el p\u0159ipom\u00ednkov\u00fdm \u0159\u00edzen\u00edm. Vl\u00e1d\u011b ho \u0161\u00e9f rezortu chce p\u0159edlo\u017eit v z\u00e1\u0159\u00ed. <\/p>\n\n\n\n<p>C\u00edlem je zv\u00fd\u0161it pod\u00edl o\u010dkovan\u00fdch hlavn\u011b v rizikov\u00fdch skupin\u00e1ch. V\u00edc zapojit se podle n\u00e1vrhu maj\u00ed poji\u0161\u0165ovny. Nap\u0159\u00edklad c\u00edlen\u00fdm zvan\u00edm. Zdravotn\u00edci v prim\u00e1rn\u00ed p\u00e9\u010di by pak m\u011bli obslou\u017eit i neregistrovan\u00e9 pacienty. <\/p>\n\n\n\n<p><strong>Vlastimil V\u00e1lek, vicepremi\u00e9r, ministr zdravotnictv\u00ed, m\u00edstop\u0159edseda strany \/TOP 09\/<\/strong> P\u0159edpokl\u00e1d\u00e1m v p\u0159\u00ed\u0161t\u00edm roce ty n\u00e1klady \u0159\u00e1dov\u011b v des\u00edtk\u00e1ch milion\u016f, odhaduji to n\u011bkde mezi, \u0159ekn\u011bme, 70 a\u017e 80 miliony K\u010d. Sou\u010d\u00e1st\u00ed je jak\u00e1si propagace, podpora toho o\u010dkov\u00e1n\u00ed, ale ty pen\u00edze se bohat\u011b, bohat\u011b vrac\u00ed. <\/p>\n\n\n\n<p><strong>Adam Vojt\u011bch, expert hnut\u00ed ANO na zdravotnictv\u00ed<\/strong> Uvid\u00edme, jak ta strategie bude obecn\u011b vypadat, ale samoz\u0159ejm\u011b je to o permanentn\u00ed osv\u011bt\u011b, proto\u017ee se tady \u0161\u00ed\u0159\u00ed bohu\u017eel st\u00e1le spousta informac\u00ed, kter\u00e9 prost\u011b se nezakl\u00e1daj\u00ed na v\u011bdeck\u00fdch faktech o o\u010dkov\u00e1n\u00ed. <\/p>\n\n\n\n<p><strong>Marcela Augustov\u00e1, moder\u00e1torka<\/strong> N\u00e1vrh krom\u011b jin\u00e9ho po\u010d\u00edt\u00e1 taky s pravideln\u00fdmi pr\u016fzkumy ve\u0159ejn\u00e9ho m\u00edn\u011bn\u00ed na t\u00e9ma vakcinace, stejn\u011b jako s pr\u016fb\u011b\u017en\u00fdm hodnocen\u00edm imunity v populaci. Roz\u0161\u00ed\u0159it by se mohla i \u0161k\u00e1la hrazen\u00e9ho o\u010dkov\u00e1n\u00ed.<\/p>\n\n\n\n<p><strong>redaktorka<\/strong> Je j\u00ed 13 m\u011bs\u00edc\u016f podle o\u010dkovac\u00edho kalend\u00e1\u0159e \u010das na injekci proti spalni\u010dk\u00e1m. Tereza \u010ced\u00edkov\u00e1 je sama zdravotnice. Sv\u00fdm d\u011btem nech\u00e1v\u00e1 tak d\u00e1t i v\u011bt\u0161inu nepovinn\u00fdch o\u010dkov\u00e1n\u00ed.<\/p>\n\n\n\n<p> <strong>Tereza \u010ced\u00edkov\u00e1, matka<\/strong> O\u010dkujeme i kl\u00ed\u0161\u0165ovou encefalitidu, m\u00e1m pln\u011b nao\u010dkovan\u00fdho i syna, vesm\u011bs ve\u0161ker\u00fd o\u010dkov\u00e1n\u00ed byly bez komplikac\u00ed.<\/p>\n\n\n\n<p><strong>Denisa \u010c\u00ed\u017ekov\u00e1, redaktorka<\/strong> Jen asi dv\u011b rodiny u pediatri\u010dky z Odoleny Vody jak\u00e1koliv o\u010dkov\u00e1n\u00ed odm\u00edtaj\u00ed. P\u0159esto se celorepublikov\u011b proo\u010dkovanost proti n\u011bkter\u00fdm nemoc\u00edm zhor\u0161uje. T\u0159eba konkr\u00e9tn\u011b u spalni\u010dek Klesla proo\u010dkovanost v posledn\u00edch letech pod 90 %. Mezin\u00e1rodn\u011b doporu\u010dovan\u00e1 hranice d\u016fle\u017eit\u00e1 pro udr\u017een\u00ed kolektivn\u00ed imunity je 95 %. Pomoci m\u00e1 chystan\u00e1 strategie, t\u0159eba i rychlej\u0161\u00edm zav\u00e1d\u011bn\u00edm pln\u011b hrazen\u00fdch o\u010dkov\u00e1n\u00ed. V\u00fdrobci ale budou muset za\u017e\u00e1dat o anal\u00fdzu zdravotn\u00edch i ekonomick\u00fdch p\u0159\u00ednos\u016f.<\/p>\n\n\n\n<p> <strong>Jakub Dvo\u0159\u00e1\u010dek (n\u00e1m\u011bstek ministra zdravotnictv\u00ed),<\/strong> By pacient v tomto ohledu by m\u011bl m\u00edt v\u011bt\u0161\u00ed mno\u017estv\u00ed pln\u011b hrazen\u00fdch o\u010dkov\u00e1n\u00ed. My m\u00e1me 160 dn\u00ed na ten proces, tak\u017ee \u010dist\u011b teoreticky do p\u016fl roku by to k tomu roz\u0161\u00ed\u0159en\u00ed mohlo doj\u00edt.<\/p>\n\n\n\n<p><strong>redaktorka<\/strong> Podle n\u00e1vrhu by m\u011blo j\u00edt zejm\u00e9na o vakc\u00edny pro t\u011bhotn\u00e9 \u017eeny. D\u011bti by nov\u011b mohly m\u00edt zdarma o\u010dkov\u00e1n\u00ed proti plan\u00fdm ne\u0161tovic\u00edm, \u017eloutence typu A nebo t\u011b\u017ek\u00fdm pr\u016fjmov\u00fdm infekc\u00edm.<\/p>\n\n\n\n<p> <strong>Roman Chl\u00edbek, p\u0159edseda \u010cesk\u00e9 vakcinologick\u00e9 spole\u010dnosti<\/strong> Ty, kter\u00e9 jsou uvedeny mezi prvn\u00edmi, jsou nap\u0159\u00edklad vakc\u00edny, proti kter\u00fdm o\u010dkuje cel\u00e1 z\u00e1padn\u00ed Evropa, t\u0159eba rotaviry u kojenc\u016f, kter\u00e9 p\u0159in\u00e1\u0161ej\u00ed velk\u00e9 ekonomick\u00e9 \u00faspory.<\/p>\n\n\n\n<p> <strong>Denisa \u010c\u00ed\u017ekov\u00e1, redaktorka<\/strong> V\u011bt\u0161\u00ed d\u016fraz m\u00e1 b\u00fdt i na bezpe\u010dnost o\u010dkov\u00e1n\u00ed. Pokud pacient zem\u0159e do 30 dn\u016f po n\u011bm, m\u00e1 b\u00fdt povinn\u00e1 pitva. Protokol z n\u00ed dote\u010f chyb\u00ed \u00fa\u0159ad\u016fm v p\u0159\u00edpadu d\u00edt\u011bte, kter\u00e9 zem\u0159elo za\u010d\u00e1tkem roku, kr\u00e1tce po o\u010dkov\u00e1n\u00ed proti pneumokok\u016fm. Vakc\u00ednu pak S\u00daKL zak\u00e1zal na m\u011bs\u00edc pou\u017e\u00edvat.<\/p>\n\n\n\n<p> <strong>Tom\u00e1\u0161 Bor\u00e1\u0148, \u0159editel St\u00e1tn\u00edho \u00fa\u0159adu pro kontrolu l\u00e9\u010div<\/strong> My vlastn\u011b na takov\u00fd materi\u00e1l nem\u00e1me pr\u00e1vn\u00ed n\u00e1rok. M\u011blo to vlastn\u011b charakter jin\u00e9ho onemocn\u011bn\u00ed a s t\u00edm, \u017ee jsme nem\u011bli dal\u0161\u00ed z\u00e1chyt ani v Evrop\u011b podobn\u00fdch ne\u017e\u00e1douc\u00edch \u00fa\u010dink\u016f, tak jsme si mohli dovolit rozhodnout o tom povolen\u00ed pou\u017e\u00edv\u00e1n\u00ed t\u00e9to \u0161ar\u017ee. <\/p>\n\n\n\n<p><strong>Denisa \u010c\u00ed\u017ekov\u00e1, redaktorka<\/strong> Z\u00e1jem o vakc\u00ednu se od t\u00e9 doby vr\u00e1til k b\u011b\u017en\u00fdm hodnot\u00e1m.<\/p>\n\n\n\n<p><strong>Alena Kyjonkov\u00e1, praktick\u00e1 l\u00e9ka\u0159ka pro d\u011bti, Odolena Voda<\/strong> Za \u010dervenec jsme vyo\u010dkovali zhruba 25 vakc\u00edn, rozhodn\u011b tady nebyl pokles. <\/p>\n\n\n\n<p><strong> redaktorka<\/strong> Pacienti i zdravotn\u00edci nahl\u00e1sili loni 3 500 podez\u0159en\u00ed na ne\u017e\u00e1douc\u00ed \u00fa\u010dinky v\u0161ech l\u00e9\u010div\u00fdch p\u0159\u00edpravk\u016f, z toho 500 se t\u00fdkalo o\u010dkov\u00e1n\u00ed.<\/p>\n\n\n\n<p> <strong>Jan B\u011blohl\u00e1vek, prim\u00e1\u0159 II. intern\u00ed kliniky 1. LF UK a VFN v Praze<\/strong> Mysl\u00edm si, \u017ee i u komplikovan\u00e9 p\u0159\u00edhody je vypln\u011bn\u00ed toho formul\u00e1\u0159e n\u011bkde kolem p\u016fl hodiny pr\u00e1ce, na druhou stranu v\u0161ichni v\u00edme, \u017ee \u010d\u00edm v\u00edce informac\u00ed chcete v jak\u00e9mkoliv registru, t\u00edm m\u00e9n\u011b ve fin\u00e1le t\u011bch informac\u00ed v re\u00e1ln\u00e9m \u017eivot\u011b dostanete. <\/p>\n\n\n\n<p><strong>Denisa \u010c\u00ed\u017ekov\u00e1, redaktorka<\/strong> Dev\u011bt z deseti hl\u00e1\u0161en\u00ed b\u00fdv\u00e1 podle S\u00daKLu ne\u00fapln\u00fdch. B\u011bhem pandemie chyb\u011bl u poloviny vakc\u00edn i z\u00e1kladn\u00ed \u00fadaj, jako je n\u00e1zev nebo \u0161ar\u017ee l\u00e1tky. Ty maj\u00ed b\u00fdt nov\u011b povinnou polo\u017ekou. <\/p>\n\n\n\n<p><strong>moder\u00e1torka<\/strong> N\u00e1vrh dokumentu obsahuje jasn\u011b formulovan\u00e9 c\u00edle, kter\u00fdch m\u00e1 \u010cesko na poli o\u010dkov\u00e1n\u00ed do p\u011bti let dos\u00e1hnout. Kup\u0159\u00edkladu dv\u011b d\u00e1vky povinn\u00e9 vakc\u00edny proti spalni\u010dk\u00e1m dost\u00e1v\u00e1 dnes 85 % d\u011bt\u00ed. Ve vyty\u010den\u00e9m horizontu to m\u00e1 b\u00fdt minim\u00e1ln\u011b 90.<\/p>\n\n\n\n<p><strong>moder\u00e1tor<\/strong> V\u00fdrazn\u00fd posun si strategie slibuje v doporu\u010dovan\u00e9 vakcinaci proti lidsk\u00fdm papilomavir\u016fm. Ty jsou nej\u010dast\u011bj\u0161\u00ed p\u0159\u00ed\u010dinou rakoviny d\u011blo\u017en\u00edho \u010d\u00edpku. U d\u00edvek m\u00e1 m\u00edra dos\u00e1hnout 75 %, u chlapc\u016f, kte\u0159\u00ed m\u016f\u017eou b\u00fdt p\u0159ena\u0161e\u010di, 70. <\/p>\n\n\n\n<p><strong>Marcela Augustov\u00e1, moder\u00e1torka<\/strong> Celkov\u011b se m\u00e1 zv\u00fd\u0161it taky po\u010det o\u010dkovan\u00fdch proti ch\u0159ipce. Mezi seniory, kter\u00fdm hroz\u00ed t\u011b\u017e\u0161\u00ed pr\u016fb\u011bh, je moment\u00e1ln\u011b chr\u00e1n\u011bn\u00e1 \u010dtvrtina. C\u00edlem je polovina. <strong>Josef Kvasni\u010dka, moder\u00e1tor<\/strong> \u010cesko te\u010f za v\u011bt\u0161inou evropsk\u00fdch zem\u00ed zaost\u00e1v\u00e1. T\u0159eba v Portugalsku si nech\u00e1v\u00e1 tuto vakc\u00ednu aplikovat 7 z 10 star\u0161\u00edch lid\u00ed. Naopak hor\u0161\u00ed \u010d\u00edsla, ne\u017e jsou ta tuzemsk\u00e1, vykazuj\u00ed Slov\u00e1ci nebo Pol\u00e1ci. Vakc\u00ednu je t\u0159eba opakovat ka\u017ed\u00fd rok a upozor\u0148ovat na to bude i mobiln\u00ed aplikace EZ karta. Ta se pr\u00e1v\u011b dnes roz\u0161\u00ed\u0159ila o nov\u00e9 funkce. <\/p>\n\n\n\n<p><strong>Petr Folt\u00fdn, \u0159editel N\u00e1rodn\u00edho centra elektronick\u00e9ho zdravotnictv\u00ed<\/strong> Polo\u017eka Moje zdrav\u00ed, kterou kdy\u017e rozkliknu, tak obsahuje dv\u011b podmenu, jedno jsou screeningov\u00e1 vy\u0161et\u0159en\u00ed a potom jsou preventivn\u00ed prohl\u00eddky. Tady rozkliknut\u00edm u\u017e vid\u00edm v\u0161echny prohl\u00eddky, kter\u00e9 byly absolvov\u00e1ny od z\u00e1\u0159\u00ed, dopln\u00edm notifikace o screeningov\u00fdch vy\u0161et\u0159en\u00edch. A tyto notifikace vyzvou k tomu, aby nap\u0159\u00edklad tetanus, kter\u00fd vlastn\u011b odejde po 10 letech, tak vyzve toho pacienta k dal\u0161\u00ed n\u00e1v\u0161t\u011bv\u011b.<\/p>\n","protected":false},"excerpt":{"rendered":"<div class=\"mh-excerpt\"><p>\u010cT 1 Ministerstvo zdravotnictv\u00ed dokon\u010duje n\u00e1rodn\u00ed vakcina\u010dn\u00ed strategii. Dokument na p\u0159\u00ed\u0161t\u00edch p\u011bt let u\u017e pro\u0161el p\u0159ipom\u00ednkov\u00fdm \u0159\u00edzen\u00edm. Vl\u00e1d\u011b ho \u0161\u00e9f rezortu chce p\u0159edlo\u017eit v z\u00e1\u0159\u00ed. <a class=\"mh-excerpt-more\" href=\"https:\/\/www.invarena.cz\/?p=60146\" title=\"St\u00e1t chce v\u00edce o\u010dkovat. Vym\u00fd\u0161l\u00ed novou strategii\">[&#8230;]<\/a><\/p>\n<\/div>","protected":false},"author":1,"featured_media":14170,"comment_status":"open","ping_status":"closed","sticky":false,"template":"","format":"standard","meta":{"footnotes":""},"categories":[11,9],"tags":[],"class_list":["post-60146","post","type-post","status-publish","format-standard","has-post-thumbnail","hentry","category-zdravi","category-zpravy"],"_links":{"self":[{"href":"https:\/\/www.invarena.cz\/index.php?rest_route=\/wp\/v2\/posts\/60146","targetHints":{"allow":["GET"]}}],"collection":[{"href":"https:\/\/www.invarena.cz\/index.php?rest_route=\/wp\/v2\/posts"}],"about":[{"href":"https:\/\/www.invarena.cz\/index.php?rest_route=\/wp\/v2\/types\/post"}],"author":[{"embeddable":true,"href":"https:\/\/www.invarena.cz\/index.php?rest_route=\/wp\/v2\/users\/1"}],"replies":[{"embeddable":true,"href":"https:\/\/www.invarena.cz\/index.php?rest_route=%2Fwp%2Fv2%2Fcomments&post=60146"}],"version-history":[{"count":0,"href":"https:\/\/www.invarena.cz\/index.php?rest_route=\/wp\/v2\/posts\/60146\/revisions"}],"wp:featuredmedia":[{"embeddable":true,"href":"https:\/\/www.invarena.cz\/index.php?rest_route=\/wp\/v2\/media\/14170"}],"wp:attachment":[{"href":"https:\/\/www.invarena.cz\/index.php?rest_route=%2Fwp%2Fv2%2Fmedia&parent=60146"}],"wp:term":[{"taxonomy":"category","embeddable":true,"href":"https:\/\/www.invarena.cz\/index.php?rest_route=%2Fwp%2Fv2%2Fcategories&post=60146"},{"taxonomy":"post_tag","embeddable":true,"href":"https:\/\/www.invarena.cz\/index.php?rest_route=%2Fwp%2Fv2%2Ftags&post=60146"}],"curies":[{"name":"wp","href":"https:\/\/api.w.org\/{rel}","templated":true}]}}