{"id":60150,"date":"2025-08-18T04:09:43","date_gmt":"2025-08-18T02:09:43","guid":{"rendered":"https:\/\/www.invarena.cz\/?p=60150"},"modified":"2025-08-18T04:09:44","modified_gmt":"2025-08-18T02:09:44","slug":"spor-o-poplatky-v-marianskych-laznich","status":"publish","type":"post","link":"https:\/\/www.invarena.cz\/?p=60150","title":{"rendered":"Spor o poplatky v\u00a0Mari\u00e1nsk\u00fdch\u00a0L\u00e1zn\u00edch"},"content":{"rendered":"\n<p> Osoby s pr\u016fkazem zdravotn\u00edho posti\u017een\u00ed nemus\u00ed platit pobytov\u00fd poplatek<\/p>\n\n\n\n<p>\u010cT 1<\/p>\n\n\n\n<p>Pobytov\u00e9 poplatky v l\u00e1zn\u00edch, vyb\u00edraj\u00ed je radnice a maj\u00ed slou\u017eit k financov\u00e1n\u00ed infrastruktury a slu\u017eeb, kter\u00e9 turist\u00e9 a rekreanti vyu\u017e\u00edvaj\u00ed. Jen\u017ee t\u0159eba v Mari\u00e1nsk\u00fdch L\u00e1zn\u00edch vlastn\u00ed kolon\u00e1dy i z\u00e1zem\u00ed kolem pramen\u016f soukrom\u00e1 spole\u010dnost a z l\u00e1ze\u0148sk\u00fdch poplatk\u016f od m\u011bsta na jejich \u00fadr\u017ebu nic nedost\u00e1v\u00e1. Podle radnice ale pro tyto \u00fa\u010dely existuje speci\u00e1ln\u00ed fond. Stejn\u00fd spor \u0159e\u0161ili i v Luha\u010dovic\u00edch a skon\u010dil a\u017e u soudu. <\/p>\n\n\n\n<p> Cestou na procedury se Alois Mauder v\u017edycky zastav\u00ed u Josefova pramene. V Mari\u00e1nsk\u00fdch L\u00e1zn\u00edch se l\u00e9\u010d\u00ed s d\u00fdchac\u00edmi probl\u00e9my. <\/p>\n\n\n\n<p><strong>Alois Mauder, pacient, L\u00e9\u010debn\u00e9 l\u00e1zn\u011b Mari\u00e1nsk\u00e9 L\u00e1zn\u011b<\/strong> Vloni jsem tady byl 4 t\u00fddny, p\u0159edloni taky 4 t\u00fddny. <\/p>\n\n\n\n<p><strong>V\u00e1clav Matou\u0161ek, redaktor<\/strong> S pr\u016fkazem osoby se zdravotn\u00edm posti\u017een\u00edm se ho net\u00fdk\u00e1 pobytov\u00fd poplatek, ostatn\u00ed pacienti ale plat\u00ed 50 K\u010d za den. <\/p>\n\n\n\n<p><strong>Karel Kalivoda, gener\u00e1ln\u00ed \u0159editel, L\u00e9\u010debn\u00e9 l\u00e1zn\u011b Mari\u00e1nsk\u00e9 L\u00e1zn\u011b<\/strong> Jsme jako jedny z m\u00e1la l\u00e1zn\u00ed vlastn\u011b vlastn\u00edkem t\u00e9 l\u00e1ze\u0148sk\u00e9 infrastruktury, to znamen\u00e1 l\u00e1ze\u0148sk\u00e1 kolon\u00e1da, pitn\u00e9 pavilony. <strong>V\u00e1clav Matou\u0161ek, redaktor<\/strong> Jejich \u00fadr\u017eba by m\u011bla b\u00fdt alespo\u0148 \u010d\u00e1ste\u010dn\u011b hrazena pr\u00e1v\u011b z pobytov\u00fdch poplatk\u016f, i kv\u016fli tomu je host\u00e9 plat\u00ed. Jen\u017ee v\u0161echny pen\u00edze jdou a taky z\u016fst\u00e1vaj\u00ed m\u011bstu.<\/p>\n\n\n\n<p><strong>Martin Huraj\u010d\u00edk, starosta Mari\u00e1nsk\u00fdch L\u00e1zn\u00ed \/ANO\/<\/strong> Vyb\u00edr\u00e1me poplatek z pobytu p\u0159ibli\u017en\u011b ve v\u00fd\u0161i 50 000 000, ale na\u0161e v\u00fddaje jsou minim\u00e1ln\u011b dvojn\u00e1sobn\u00e9, co se t\u00fd\u010de l\u00e1ze\u0148stv\u00ed, cestovn\u00edho ruchu. <strong>V\u00e1clav Matou\u0161ek, redaktor<\/strong> Stejn\u00fd probl\u00e9m \u0159e\u0161ili i v Luha\u010dovic\u00edch. Spor o l\u00e1ze\u0148sk\u00e9 poplatky mezi m\u011bstem a l\u00e1zn\u011bmi se tam dostal dokonce a\u017e k soudu. <\/p>\n\n\n\n<p><strong>Eduard Bl\u00e1ha, p\u0159edseda p\u0159edstavenstva, L\u00e1zn\u011b Luha\u010dovice<\/strong> V moment\u011b, kdy my \u010d\u00e1st sv\u00e9ho zisku d\u00e1v\u00e1me do n\u011b\u010deho pro v\u0161echny a oni jenom do toho, co je pro n\u011b, tak jsme v obrovsk\u00e9 hospod\u00e1\u0159sk\u00e9 nev\u00fdhod\u011b. <\/p>\n\n\n\n<p><strong>V\u00e1clav Matou\u0161ek, redaktor<\/strong> V Luha\u010dovic\u00edch u\u017e spolupr\u00e1ce funguje, o kompromis se te\u010f sna\u017e\u00ed v Mari\u00e1nsk\u00fdch L\u00e1zn\u00edch.<\/p>\n\n\n\n<p> <strong>Martin Huraj\u010d\u00edk, starosta Mari\u00e1nsk\u00fdch L\u00e1zn\u00ed \/ANO\/<\/strong> Historicky je to samoz\u0159ejm\u011b \u0161patn\u011b nastaveno, \u017ee soukrom\u00e9 spole\u010dnosti z\u00edskaly do vlastnictv\u00ed takov\u00fdto majetek, kter\u00fd by m\u011bl b\u00fdt ve\u0159ejn\u00fd. <\/p>\n\n\n\n<p><strong>Karel Kalivoda, gener\u00e1ln\u00ed \u0159editel, L\u00e9\u010debn\u00e9 l\u00e1zn\u011b Mari\u00e1nsk\u00e9 L\u00e1zn\u011b<\/strong> Sna\u017e\u00edme se naj\u00edt pr\u00e1v\u011b n\u011bjak\u00fd model, kter\u00fd by tyto vztahy do budoucna narovnal. A jednou z mo\u017enost\u00ed je pr\u00e1v\u011b p\u0159evod \u010d\u00e1sti nebo n\u011bkter\u00fdch t\u011bch pavilon\u016f do majetku m\u011bsta.<\/p>\n\n\n\n<p><strong>redaktor<\/strong> Kolon\u00e1dy a pavilony v Mari\u00e1nsk\u00fdch L\u00e1zn\u00edch koupil soukrom\u00fd vlastn\u00edk v privatizaci, v\u0161echny je m\u011bstu p\u0159edat necht\u011bj\u00ed, pova\u017euj\u00ed je za p\u0159idanou hodnotu. <\/p>\n\n\n\n<p> \u010cesk\u00e1 televize<\/p>\n","protected":false},"excerpt":{"rendered":"<div class=\"mh-excerpt\"><p>Osoby s pr\u016fkazem zdravotn\u00edho posti\u017een\u00ed nemus\u00ed platit pobytov\u00fd poplatek \u010cT 1 Pobytov\u00e9 poplatky v l\u00e1zn\u00edch, vyb\u00edraj\u00ed je radnice a maj\u00ed slou\u017eit k financov\u00e1n\u00ed infrastruktury a <a class=\"mh-excerpt-more\" href=\"https:\/\/www.invarena.cz\/?p=60150\" title=\"Spor o poplatky v\u00a0Mari\u00e1nsk\u00fdch\u00a0L\u00e1zn\u00edch\">[&#8230;]<\/a><\/p>\n<\/div>","protected":false},"author":1,"featured_media":40709,"comment_status":"open","ping_status":"closed","sticky":false,"template":"","format":"standard","meta":{"footnotes":""},"categories":[9],"tags":[],"class_list":["post-60150","post","type-post","status-publish","format-standard","has-post-thumbnail","hentry","category-zpravy"],"_links":{"self":[{"href":"https:\/\/www.invarena.cz\/index.php?rest_route=\/wp\/v2\/posts\/60150","targetHints":{"allow":["GET"]}}],"collection":[{"href":"https:\/\/www.invarena.cz\/index.php?rest_route=\/wp\/v2\/posts"}],"about":[{"href":"https:\/\/www.invarena.cz\/index.php?rest_route=\/wp\/v2\/types\/post"}],"author":[{"embeddable":true,"href":"https:\/\/www.invarena.cz\/index.php?rest_route=\/wp\/v2\/users\/1"}],"replies":[{"embeddable":true,"href":"https:\/\/www.invarena.cz\/index.php?rest_route=%2Fwp%2Fv2%2Fcomments&post=60150"}],"version-history":[{"count":0,"href":"https:\/\/www.invarena.cz\/index.php?rest_route=\/wp\/v2\/posts\/60150\/revisions"}],"wp:featuredmedia":[{"embeddable":true,"href":"https:\/\/www.invarena.cz\/index.php?rest_route=\/wp\/v2\/media\/40709"}],"wp:attachment":[{"href":"https:\/\/www.invarena.cz\/index.php?rest_route=%2Fwp%2Fv2%2Fmedia&parent=60150"}],"wp:term":[{"taxonomy":"category","embeddable":true,"href":"https:\/\/www.invarena.cz\/index.php?rest_route=%2Fwp%2Fv2%2Fcategories&post=60150"},{"taxonomy":"post_tag","embeddable":true,"href":"https:\/\/www.invarena.cz\/index.php?rest_route=%2Fwp%2Fv2%2Ftags&post=60150"}],"curies":[{"name":"wp","href":"https:\/\/api.w.org\/{rel}","templated":true}]}}