{"id":60153,"date":"2025-08-18T04:49:42","date_gmt":"2025-08-18T02:49:42","guid":{"rendered":"https:\/\/www.invarena.cz\/?p=60153"},"modified":"2025-08-18T04:51:19","modified_gmt":"2025-08-18T02:51:19","slug":"mobilni-aplikace-jako-pomoc-pri-prevenci-melanomu-ano-nebo-ne","status":"publish","type":"post","link":"https:\/\/www.invarena.cz\/?p=60153","title":{"rendered":"Mobiln\u00ed aplikace jako pomoc p\u0159i prevenci melanomu&#8230; Ano, nebo ne?"},"content":{"rendered":"\n<p>\u010cRo Plus<\/p>\n\n\n\n<p>Mobiln\u00ed aplikace jako pomoc p\u0159i prevenci melanomu? Vyfotit si znam\u00e9nko a nechat si ho zkontrolovat um\u011blou inteligenc\u00ed jako \u00fa\u010dinn\u00fd n\u00e1stroj nebo p\u0159ece jen riskantn\u00ed metoda, jak vyhodnocovat riziko rakoviny k\u016f\u017ee? V jak\u00e9 m\u00ed\u0159e hroz\u00ed fale\u0161n\u011b pozitivn\u00ed, ale i fale\u0161n\u011b negativn\u00ed v\u00fdsledky? \u010c\u00e1st dermatolog\u016f v \u010cesku aplikaci SkinVision v\u00edt\u00e1, \u010d\u00e1st j\u00ed odm\u00edt\u00e1. Pro\u010d?<\/p>\n\n\n\n<p> V\u00edt\u00e1m sv\u00e9 dva hosty ve studiu Lucii Jare\u0161ovou, m\u00edstop\u0159edsedkyni Sdru\u017een\u00ed ambulantn\u00edch dermatovenerolog\u016f v \u010cesk\u00e9 republice, \u010dlenku v\u00fdboru \u010cesk\u00e9 dermatovenerologick\u00e9 spole\u010dnosti, kter\u00e1 vede kliniku DermaMed. A m\u00fdm druh\u00fdm hostem je Ond\u0159ej Svoboda, odborn\u00edk na telemedic\u00ednu, mimo jin\u00e9 zakladatel spole\u010dnosti Dr. Digital, kter\u00e1 je partnerem zmi\u0148ovan\u00e9 aplikace SkinVision pro \u010ceskou republiku. Tak pros\u00edm, pane Svobodo, m\u016f\u017eete n\u00e1m na \u00favod vysv\u011btlit, jak aplikace SkinVision funguje?<\/p>\n\n\n\n<p><strong>Ond\u0159ej Svoboda, odborn\u00edk na telemedic\u00ednu, zakladatel spole\u010dnosti Dr. Digital<\/strong> R\u00e1d, d\u011bkuju. J\u00e1 bych obecn\u011b rad\u0161i zm\u00ednil, jak by m\u011bly fungovat takov\u00e9hle n\u00e1stroje, aplikace SkinVision je jeden z nich. A aplikac\u00ed um\u011bl\u00fdch inteligenc\u00ed a dal\u0161\u00edch technologi\u00ed na sv\u011bt\u011b je celkem hodn\u011b.<\/p>\n\n\n\n<p> <strong>Karol\u00edna Koubov\u00e1, moder\u00e1torka<\/strong> J\u00e1 bych r\u00e1da pr\u00e1v\u011b ty konkr\u00e9tn\u00ed parametry SkinVision budeme mluvit, pros\u00edm. <\/p>\n\n\n\n<p><strong>Ond\u0159ej Svoboda, odborn\u00edk na telemedic\u00ednu, zakladatel spole\u010dnosti Dr. Digital<\/strong> A ty konkr\u00e9tn\u00ed parametry by pr\u00e1v\u011b m\u011bly b\u00fdt takov\u00e9, jak\u00e9 m\u00e1 SkinVision. J\u00e1 jsem 4 roky pracoval na tom, aby SkinVision v\u016fbec cht\u011bla do \u010cesk\u00e9 republiky, proto\u017ee jsme celkem mal\u00fd trh pro n\u011b a jsou na v\u011bt\u0161\u00edch trz\u00edch. A je to proto, \u017ee ad jedna, aplikace nen\u00ed to spr\u00e1vn\u00e9 slovo, je to slu\u017eba, je to ekosyst\u00e9m p\u00e9\u010de, nen\u00ed to apka, kterou si st\u00e1hnete, vyfot\u00edte si, ona v\u00e1m n\u011bco \u0159ekne.<\/p>\n\n\n\n<p> <strong>Karol\u00edna Koubov\u00e1, moder\u00e1torka<\/strong> To je jedna \u010d\u00e1st z toho cel\u00e9ho syst\u00e9mu. <\/p>\n\n\n\n<p><strong>Ond\u0159ej Svoboda, odborn\u00edk na telemedic\u00ednu, zakladatel spole\u010dnosti Dr. Digital<\/strong> To je ta prvn\u00ed \u010d\u00e1st. Druh\u00e1 \u010d\u00e1st je t\u00fdm dermatolog\u016f pom\u011brn\u011b \u0161irok\u00fd, kter\u00fd potom ty fotky proch\u00e1z\u00ed druh\u00fdm \u010dten\u00edm a validuje, jestli to je rizikov\u00e1 l\u00e9ze nebo nen\u00ed rizikov\u00e1 l\u00e9ze, to je ten rozd\u00edl mezi t\u011bmi stovkami n\u011bjak\u00fdch dal\u0161\u00edch aplikac\u00ed a slu\u017ebami, tak\u017ee SkinVision v prv\u00e9 \u0159ad\u011b je poskytovatel zdravotn\u00ed p\u00e9\u010de, je to klinika.<\/p>\n\n\n\n<p><strong>moder\u00e1torka<\/strong> Dob\u0159e. Pan\u00ed Jare\u0161ov\u00e1, vy p\u0159ece jenom ale tuto aplikaci problematizujete. Co v\u00e1m p\u0159ipad\u00e1, \u017ee nen\u00ed bezpe\u010dn\u00e9 nebo v po\u0159\u00e1dku?<\/p>\n\n\n\n<p> <strong>Lucie Jare\u0161ov\u00e1, m\u00edstop\u0159edsedkyn\u011b Sdru\u017een\u00ed ambulantn\u00edch dermatovenerolog\u016f v \u010cesk\u00e9 republice, \u010dlenka v\u00fdboru \u010cesk\u00e9 dermatovenerologick\u00e9 spole\u010dnosti, vedouc\u00ed kliniky DermaMedEst<\/strong> Tak mn\u011b to p\u0159ijde velmi rizikov\u00e9 pr\u00e1v\u011b v oblasti t\u00e9 prevence rakoviny k\u016f\u017ee, o kter\u00e9 hovo\u0159\u00edme, proto\u017ee zhoubn\u00e9 n\u00e1dory, a to p\u0159edev\u0161\u00edm ten melanom, je jeden z nej\u010dast\u011bj\u0161\u00edch n\u00e1dor\u016f, kter\u00fd se vyskytuje v prvn\u00ed des\u00edtce zhoubn\u00fdch n\u00e1dor\u016f, velmi rychle metastazuje, \u0161\u00ed\u0159\u00ed se t\u011blem. A vlastn\u011b to pou\u017eit\u00ed t\u011bch aplikac\u00ed m\u016f\u017ee v\u00e9st k tomu, \u017ee ten pacient si nevy\u0161et\u0159\u00ed to spr\u00e1vn\u00e9 rizikov\u00e9 znam\u00e9nko, on nev\u00ed, jak to rizikov\u00e9 znam\u00e9nko vypad\u00e1, ale vy\u0161et\u0159\u00ed si n\u011bco, co mu prost\u011b vad\u00ed, n\u011bco mu naroste, sv\u011bd\u00ed mu, a to je ten probl\u00e9m, s \u010d\u00edm\u017e j\u00e1 pr\u00e1v\u011b nesouhlas\u00edm a sp\u00ed\u0161e se tedy boj\u00edm o to, aby ti lid\u00e9 to nebrali jako zdravotn\u00ed slu\u017ebu, proto\u017ee to nen\u00ed zdravotn\u00ed slu\u017eba, to si mus\u00edme uv\u011bdomit a ta prevence je velmi d\u016fle\u017eit\u00e1 cestou dermatologa. <\/p>\n\n\n\n<p><strong>Karol\u00edna Koubov\u00e1, moder\u00e1torka<\/strong> Jako dopln\u011bn\u00ed k vy\u0161et\u0159en\u00ed dermatologa tak, jak by tato aplikace a n\u00e1sledn\u00e1 slu\u017eba m\u011bla fungovat?<\/p>\n\n\n\n<p><strong>Lucie Jare\u0161ov\u00e1, m\u00edstop\u0159edsedkyn\u011b Sdru\u017een\u00ed ambulantn\u00edch dermatovenerolog\u016f v \u010cesk\u00e9 republice, \u010dlenka v\u00fdboru \u010cesk\u00e9 dermatovenerologick\u00e9 spole\u010dnosti, vedouc\u00ed kliniky DermaMedEst<\/strong> Jako dopln\u011bn\u00ed dermatologick\u00e9 p\u00e9\u010de, tam samoz\u0159ejm\u011b zase z\u00e1le\u017e\u00ed, jak\u00fd typ aplikace, je to sp\u00ed\u0161e o tom, \u017ee j\u00e1 nepot\u0159ebuju \u017e\u00e1dn\u00e9 dopln\u011bn\u00ed, abych j\u00e1 v\u011bd\u011bla, jestli to je spr\u00e1vn\u011b nebo nespr\u00e1vn\u011b, proto\u017ee m\u00e1me digit\u00e1ln\u00ed dermatoskopii, m\u00e1me prost\u011b p\u0159\u00edstroje, kter\u00fdmi j\u00e1 si toho pacienta vy\u0161et\u0159\u00edm, samoz\u0159ejm\u011b m\u016f\u017eeme p\u0159ipustit to, \u017ee \u0159ekneme pacientovi, toto znam\u00e9nko si sledujte, pak ano, pak mohou vyu\u017e\u00edt r\u016fzn\u00e9 mobiln\u00ed aplikace, ale tam je velmi d\u016fle\u017eit\u00e9, aby i ten pacient v\u011bd\u011bl, jakou aplikaci pou\u017e\u00edv\u00e1 a jak\u00e1 je tam bezpe\u010dnost, proto\u017ee, jak jste u\u017e sama zm\u00ednila, fale\u0161n\u011b negativn\u00ed v\u00fdsledky nebo fale\u0161n\u011b pozitivn\u00ed tam mohou b\u00fdt. <\/p>\n\n\n\n<p><strong> moder\u00e1torka<\/strong> Tak jak je to pr\u00e1v\u011b v p\u0159\u00edpad\u011b SkinVision a cel\u00e9 t\u00e9to slu\u017eby, jak vy \u0159\u00edk\u00e1te, pane Svobodo, proto\u017ee deklarujete a\u017e 95% spolehlivost, na z\u00e1klad\u011b \u010deho? <\/p>\n\n\n\n<p><strong>Ond\u0159ej Svoboda, odborn\u00edk na telemedic\u00ednu, zakladatel spole\u010dnosti Dr. Digital<\/strong> Slu\u017eba SkinVision deklaruje a\u017e 95% spolehlivost, a proto my jsme si j\u00ed vybrali, to je d\u016fle\u017eit\u00fd zm\u00ednit, \u017ee nejsme \u017e\u00e1dn\u00ed obchodn\u00ed z\u00e1stupci SkinVision. My jsme hledali ve sv\u011bt\u011b to, co funguje, aby to v \u010cech\u00e1ch mohlo lidem pom\u00e1hat a proch\u00e1zelo to pom\u011brn\u011b velk\u00fdm filtrem, j\u00e1 se v\u011bnuju 15 let distribuci zdravotnick\u00fdch prost\u0159edk\u016f a regulatory&#8230;<\/p>\n\n\n\n<p> <strong>Karol\u00edna Koubov\u00e1, moder\u00e1torka<\/strong> Tak, jak\u00e9 byly ty filtry a jak m\u016f\u017eete garantovat 95%, pros\u00edm.<\/p>\n\n\n\n<p><strong>Ond\u0159ej Svoboda, odborn\u00edk na telemedic\u00ednu, zakladatel spole\u010dnosti Dr. Digital<\/strong> Slu\u017eba SkinVision m\u00e1 za sebou pom\u011brn\u011b \u0161irok\u00e9 klinick\u00e9 studie, ty nejv\u011bt\u0161\u00ed z nich prokazuj\u00ed a\u017e 95% senzitivitu, to znamen\u00e1, \u017ee m\u00e1 95% p\u0159esnost a 85% specificitu, co\u017e jin\u00fdmi slovy znamen\u00e1, \u017ee ka\u017ed\u00fd p\u00e1t\u00fd je fale\u0161n\u011b pozitivn\u00ed. A to je ta dobr\u00e1 v\u011bc. Z\u00e1rove\u0148 t\u011bch studi\u00ed je v\u00edcero a ka\u017ed\u00e1 takov\u00e1hle slu\u017eba mus\u00ed m\u00edt certifik\u00e1t zdravotn\u00edho prost\u0159edku, to je rozd\u00edl mezi aplikacemi a t\u011bmi slu\u017ebami, kter\u00e9 jsou klinicky validov\u00e1ny. <\/p>\n\n\n\n<p><strong>moder\u00e1torka<\/strong> Tak budeme mluvit pr\u00e1v\u011b o slu\u017eb\u011b SkinVision, jak vy \u0159\u00edk\u00e1te, to znamen\u00e1, m\u00e1 certifik\u00e1t CE, ov\u0161em t\u00e9 prvn\u00ed t\u0159\u00eddy. Z\u00e1rove\u0148 pan Svoboda mluv\u00ed o t\u00e9 bezpe\u010dnosti 95% a specifi\u010dnosti 85%, co vy \u0159\u00edk\u00e1te na tato procenta? <\/p>\n\n\n\n<p><strong>Lucie Jare\u0161ov\u00e1, m\u00edstop\u0159edsedkyn\u011b Sdru\u017een\u00ed ambulantn\u00edch dermatovenerolog\u016f v \u010cesk\u00e9 republice, \u010dlenka v\u00fdboru \u010cesk\u00e9 dermatovenerologick\u00e9 spole\u010dnosti, vedouc\u00ed kliniky DermaMedEst<\/strong> S t\u00edm j\u00e1 tedy \u00fapln\u011b nesouhlas\u00edm, proto\u017ee samoz\u0159ejm\u011b jsme si zji\u0161\u0165ovali ur\u010dit\u00e1 data a vlastn\u011b ta citlivost z toho, co my jsme jakoby z\u00edskali samoz\u0159ejm\u011b z dostupn\u00fdch informac\u00ed, nejen tedy ze studi\u00ed, co m\u00e1 vlastn\u011b jakoby SkinVision, ale tak\u00e9 jin\u00fdch. A tam opravdu ten rozd\u00edl v t\u00e9 specifit\u011b a senzitivit\u011b tam je. Tak\u017ee jako j\u00e1 jsem v tomhle opravdu opatrn\u00e1. <\/p>\n\n\n\n<p><strong>Karol\u00edna Koubov\u00e1, moder\u00e1torka<\/strong> Pr\u00e1v\u011b \u0159ekn\u011bte mi, pane Svobodo, kdy\u017e \u0159\u00edk\u00e1te, vzniklo to v klinick\u00fdch studi\u00edch, tak nen\u00ed pr\u00e1v\u011b probl\u00e9m, \u017ee t\u0159eba ta data ohledn\u011b bezpe\u010dnosti vznikaly ne v t\u00e9 laick\u00e9 populaci, pro kterou je tato slu\u017eba ur\u010dena.<\/p>\n\n\n\n<p><strong>Ond\u0159ej Svoboda, odborn\u00edk na telemedic\u00ednu, zakladatel spole\u010dnosti Dr. Digital<\/strong> To jsou dv\u011b r\u016fzn\u00e9 v\u011bci. Pokud chcete prok\u00e1zat n\u011bjak\u00fd efekt, tak mus\u00edte vz\u00edt n\u011bjakou kohortu a na t\u00e9 to otestovat. Druh\u00e1 v\u011bc je, z jak\u00fdho mno\u017estv\u00ed vzork\u016f vlastn\u011b ta AI prvn\u00ed f\u00e1ze SkinVision funguje. <\/p>\n\n\n\n<p><strong>Karol\u00edna Koubov\u00e1, moder\u00e1torka<\/strong> A to jsem se tak\u00e9 cht\u011bla zeptat, na kolika vzorc\u00edch aplikace tr\u00e9novala? <\/p>\n\n\n\n<p><strong>Ond\u0159ej Svoboda, odborn\u00edk na telemedic\u00ednu, zakladatel spole\u010dnosti Dr. Digital<\/strong> 3,5 milionu lid\u00ed, 3,5 milionu znam\u00ednek. Ta data, kter\u00fd vych\u00e1z\u00ed z t\u011bch klinick\u00fdch studi\u00ed, jsou samoz\u0159ejm\u011b z uzav\u0159en\u00fdch vzork\u016f, ale jsou to uzav\u0159en\u00fd vzorky lid\u00ed, kte\u0159\u00ed maj\u00ed ko\u017en\u00ed l\u00e9ze, nen\u00ed to \u0161irok\u00e1 populace s r\u016fzn\u00fdmi l\u00e9zemi, jsou to melanomy a bazaliomy a na tom se to tr\u00e9nuje.<\/p>\n\n\n\n<p> <strong>Karol\u00edna Koubov\u00e1, moder\u00e1torka<\/strong> Tak nen\u00ed to dostate\u010dn\u00e1 z\u00e1ruka, pan\u00ed Jare\u0161ov\u00e1, \u017ee pr\u00e1v\u011b tato slu\u017eba by m\u011bla b\u00fdt p\u0159\u00ednosem pro pacienty, a pro to prvn\u00ed t\u0159eba ur\u010den\u00ed toho, jestli je znam\u00e9nko rizikov\u00e9 nebo ne?<\/p>\n\n\n\n<p><strong>Lucie Jare\u0161ov\u00e1, m\u00edstop\u0159edsedkyn\u011b Sdru\u017een\u00ed ambulantn\u00edch dermatovenerolog\u016f v \u010cesk\u00e9 republice, \u010dlenka v\u00fdboru \u010cesk\u00e9 dermatovenerologick\u00e9 spole\u010dnosti, vedouc\u00ed kliniky DermaMedEst<\/strong> Nen\u00ed, proto\u017ee opravdu jsme st\u00e1le ve velk\u00e9m riziku toho&#8230;, my si mus\u00edme uv\u011bdomit, \u017ee vlastn\u011b opravdu my kdekoliv na t\u011ble m\u016f\u017eeme m\u00edt n\u011bjak\u00e9 znam\u00e9nko, n\u011bjak\u00fd projev, tady pan in\u017een\u00fdr Svoboda zm\u00ednil i bazaliomy, co\u017e jsou nej\u010dast\u011bj\u0161\u00ed ko\u017en\u00ed n\u00e1dory, ale jde o to, jak jsem \u0159\u00edkala, pokud p\u0159ijdete na vy\u0161et\u0159en\u00ed k l\u00e9ka\u0159i, on v\u00e1m provede celot\u011blov\u00e9 vy\u0161et\u0159en\u00ed, on se na v\u00e1s pod\u00edv\u00e1, pod\u00edv\u00e1m se v\u00e1m za ucho, na z\u00e1da, kam si v\u011bt\u0161ina pacient\u016f nevid\u00ed, ani ho nenapadne, \u017ee by tam mohl b\u00fdt n\u011bjak\u00fd probl\u00e9m. A je velmi tedy d\u016fle\u017eit\u00e9, aby ten ko\u017en\u00ed povrch byl vy\u0161et\u0159en opravdu l\u00e9ka\u0159em. M\u00e1me mnoho pacient\u016f a m\u00e1me tedy zku\u0161enosti \/nesrozumiteln\u00e9\/, jak jsem \u0159\u00edkala, k n\u00e1m p\u0159ich\u00e1zej\u00ed, ale ty melanomy mohou b\u00fdt t\u0159eba dvoumilimetrov\u00e9. Mohou to b\u00fdt tak\u00e9 znam\u00e9nka, kter\u00e9 ten pacient m\u00e1 20 let a sama jsem se s t\u00edm n\u011bkolikr\u00e1t setkala a j\u00e1 \u0159\u00edk\u00e1m pacient\u016fm, no, a co m\u00e1te tady, to m\u00e1m u\u017e 20 let, m\u00e1m to jako babi\u010dka, ono sice se to m\u011bn\u00ed, roste, ale je to v pohod\u011b, jen\u017ee bohu\u017eel to v pohod\u011b znam\u00e9nko \u00fapln\u011b nebylo a byl tam melanom, a to jsme opravdu u t\u00e9 bezpe\u010dnosti, ten pacient si nevyfot\u00ed to znam\u00e9nko, kter\u00e9 m\u00e1 po babi\u010dce, proto\u017ee on ho m\u00e1 r\u00e1d, on si vyfot\u00ed, kter\u00e9 mu vad\u00ed, a to je za m\u011b velik\u00fd probl\u00e9m. A jak ji\u017e jsem \u0159\u00edkala, pokud je tam i t\u0159eba ta fale\u0161n\u00e1 pozitivita, dob\u0159e, tak ten pacient p\u0159ijde d\u0159\u00edve, ale u\u017e je vystresovan\u00fd, \u017ee m\u00e1 melanom, mnoho lid\u00ed n\u00e1m vol\u00e1. Samoz\u0159ejm\u011b cht\u011bj\u00ed p\u0159ednostn\u00ed o\u0161et\u0159en\u00ed a pak p\u0159ijdete a maj\u00ed tzv. seboroick\u00e9 veruky a nemaj\u00ed tu spr\u00e1vnou diagnostiku. A na druhou stranu, pokud budete m\u00edt negativn\u00ed v\u00fdsledek, tak ten pacient bude v klidu, proto\u017ee vlastn\u011b si to vyfotil, bude tomu v\u011b\u0159it a pacient p\u0159ijde za p\u016fl roku a bude m\u00edt v\u0161ude metast\u00e1ze. Kdo za to pak m\u00e1 zodpov\u011bdnost, m\u00e1 ten pacient, l\u00e9ka\u0159, t\u0159eba SkinVision? <\/p>\n\n\n\n<p><strong>Karol\u00edna Koubov\u00e1, moder\u00e1torka<\/strong> Pan Svoboda chce reagovat, nakolik pr\u00e1v\u011b hroz\u00ed, \u017ee SkinVision t\u0159eba malign\u00ed znam\u00e9nko vyhodnot\u00ed jako ne\u0161kodn\u00e9, pacienta fale\u0161n\u011b uklidn\u00ed. A naopak potom tedy i ten opa\u010dn\u00fd probl\u00e9m fale\u0161n\u00e9 pozitivity.<\/p>\n\n\n\n<p><strong>Ond\u0159ej Svoboda, odborn\u00edk na telemedic\u00ednu, zakladatel spole\u010dnosti Dr. Digital<\/strong> J\u00e1 na za\u010d\u00e1tek mus\u00edm jenom \u0159\u00edct, \u017ee jsme s pan\u00ed doktorkou na stejn\u00e9 vln\u011b. Ob\u011bma n\u00e1m jde o to, aby ti lidi byli zdrav\u00ed a aby byli v po\u0159\u00e1dku, aby ty l\u00e9ze byly zachyceny ve spr\u00e1vn\u00fd \u010das, proto\u017ee je rozd\u00edl melanomu v prvn\u00ed a ve \u010dtvrt\u00e9 f\u00e1zi, jak se k n\u011bmu p\u0159istupuje, tak\u017ee z\u010d\u00e1sti souhlas\u00edm. Jedna d\u016fle\u017eit\u00e1 v\u011bc. SkinVision jednozna\u010dn\u011b nenahrazuje pr\u00e1ci dermatologa. Ten ekosyst\u00e9m a ta slu\u017eba od detekce AI, druh\u00fd je \u010dten\u00ed t\u0159ech dermatolog\u016f, toho jednoho znam\u00ednka a\u017e po objedn\u00e1n\u00ed k dermatologu, kter\u00fd zaji\u0161\u0165uje na\u0161e firma Dr. Digital, proto jsme si je vybrali, abychom tam ty lidi mohli dost\u00e1vat ve spr\u00e1vn\u00fd \u010das spr\u00e1vn\u00fdho \u010dlov\u011bka se spr\u00e1vn\u00fdm znam\u00ednkem na spr\u00e1vn\u00fd m\u00edsto, tak to je filtr, prvn\u00ed br\u00e1na toho, ne\u017e ten \u010dlov\u011bk se rozhodne do t\u00e9 ordinace j\u00edt, proto\u017ee statisticky prost\u011b nen\u00ed mo\u017en\u00fd, a to p\u0159edn\u00e1\u0161el i pan prof. Du\u0161ek p\u0159edev\u010d\u00edrem v Poslaneck\u00e9 sn\u011bmovn\u011b, \u0161\u00e9f \u00daZISu, statisticky nen\u00ed mo\u017en\u00fd, aby dermatologov\u00e9 obs\u00e1hli a vid\u011bli v\u0161echny lidi na preventivn\u00edch prohl\u00eddk\u00e1ch pro melanom, to by 8 m\u011bs\u00edc\u016f ten dermatolog ned\u011blal nic jin\u00e9ho, jenom koukal na melanomy. Druh\u00e1 z\u00e1le\u017eitost, kter\u00e1 se toho t\u00fdk\u00e1, je, dob\u0159e, i kdyby, tak jenom logick\u00e1 \u00favaha, kolik lid\u00ed chod\u00ed na preventivn\u00ed prohl\u00eddky k dermatolog\u016fm, nev\u00edme. M\u016f\u017eeme odhadnout zhruba 10, 5\u201310 000 lid\u00ed ro\u010dn\u011b zajde do t\u011bch stan\u016f proti melanomu, pak jsou dal\u0161\u00ed data, kte\u0159\u00ed chod\u00ed na ty preventivn\u00ed prohl\u00eddky do t\u011bch ordinac\u00ed. Nem\u00e1me tady v \u010cech\u00e1ch jedno \u010d\u00edslo, ale vezmu \u010d\u00edsla z podobn\u00fdch zem\u00ed nebo tam, kde funguje takov\u00e1hle slu\u017eba, 1,5 % lid\u00ed, je to v UK, ve Velk\u00e9 Brit\u00e1nii, 3 % je to v Holandsku, 2,5 % je to v Belgii, populace, kter\u00e1 chod\u00ed na preventivn\u00ed prohl\u00eddky k dermatolog\u016fm. A o tom se tady bav\u00edme, \u017ee tady ty 2,5 % lid\u00ed, kdyby n\u00e1hodou teda pou\u017eili SkinVision, kter\u00e1 je teda fale\u0161n\u011b uklidn\u00ed, proto\u017ee si vyfot\u00ed n\u011bco jin\u00e9ho, ne\u017e je rizikov\u00e9, tak teda jako teoretizujeme, \u017ee asi nep\u0159ijdou, versus 97,5 % lid\u00ed, kte\u0159\u00ed to m\u016f\u017eou m\u00edt jako pr\u00e1v\u011b ten n\u00e1stroj, tu vzty\u010denou \u010dervenou vlajku, b\u011b\u017e k dermatologovi. A nejenom o tom, tohle znam\u00e9nko je rizikov\u00e9. Z prvn\u00edho pilotu z OZP je vid\u011bt, \u017ee ka\u017ed\u00fd \u010dlov\u011bk, kter\u00fd to pou\u017e\u00edv\u00e1, si pr\u016fm\u011brn\u011b fot\u00ed 6 l\u00e9z\u00ed.<\/p>\n\n\n\n<p><strong>moder\u00e1torka<\/strong> Tady jenom dopln\u00edm pro poslucha\u010de, \u017ee Oborov\u00e1 zdravotn\u00ed poji\u0161\u0165ovna je jednou z poji\u0161\u0165oven, jedinou tedy v \u010cesku, kter\u00e1 se rozhodla tuto slu\u017ebu hradit sv\u00fdm klient\u016fm, diskutujeme dnes v Pro a proti s Ond\u0159ejem Svobodou, odborn\u00edkem na telemedic\u00ednu, zakladatelem spole\u010dnosti Dr. Digital, kter\u00e1 je partnerem aplikace SkinVision pro \u010ceskou republiku. A dnes tak\u00e9 o prevenci melanomu mluv\u00edme s Luci\u00ed Jare\u0161ovou, m\u00edstop\u0159edsedkyn\u00ed Sdru\u017een\u00ed ambulantn\u00edch dermatovenerolog\u016f v \u010cesk\u00e9 republice, \u010dlenkou v\u00fdboru \u010cesk\u00e9 dermatovenerologick\u00e9 spole\u010dnosti, kter\u00e1 je vedouc\u00ed kliniky DermaMede. P\u0159ipustila byste, pan\u00ed doktorko, \u017ee p\u0159i tom, jak\u00e1 je dostupnost \u010di nedostupnost dermatolog\u016f, jak se \u010dasto \u010dek\u00e1 i na tu preventivn\u00ed prohl\u00eddku n\u011bkolik m\u011bs\u00edc\u016f, co\u017e m\u016f\u017ee b\u00fdt pr\u00e1v\u011b u rakoviny k\u016f\u017ee z\u00e1sadn\u00ed, \u017ee pr\u00e1v\u011b tato slu\u017eba je d\u016fle\u017eit\u00fdm dopln\u011bn\u00edm t\u00e9 prevence?<\/p>\n\n\n\n<p><strong>Lucie Jare\u0161ov\u00e1, m\u00edstop\u0159edsedkyn\u011b Sdru\u017een\u00ed ambulantn\u00edch dermatovenerolog\u016f v \u010cesk\u00e9 republice, \u010dlenka v\u00fdboru \u010cesk\u00e9 dermatovenerologick\u00e9 spole\u010dnosti, vedouc\u00ed kliniky DermaMedEst<\/strong> J\u00e1 tedy op\u011bt mus\u00edm nesouhlasit, vzhledem k tomu, t\u011bch dermatolog\u016f nen\u00ed takov\u00fd nedostatek, pokud se vlastn\u011b pod\u00edv\u00e1te op\u011bt tedy na data, tam samoz\u0159ejm\u011b z\u00e1le\u017e\u00ed na regionu, to samoz\u0159ejm\u011b, proto\u017ee ve v\u011bt\u0161\u00edch m\u011bstech je v\u00edce t\u011bch dermatolog\u016f, d\u00e1le z\u00e1le\u017e\u00ed na r\u016fzn\u00fdch klinik\u00e1ch, kde si vlastn\u011b pacient hrad\u00ed ty slu\u017eby, nen\u00ed tam prov\u00e1zanost zdravotn\u00edho poji\u0161t\u011bn\u00ed. A za m\u011b, my si mus\u00edme pr\u00e1v\u011b uv\u011bdomit, co je preventivn\u00ed vy\u0161et\u0159en\u00ed a co je akutn\u00ed vy\u0161et\u0159en\u00ed. Pokud chci preventivn\u00ed vy\u0161et\u0159en\u00ed a \u010dek\u00e1m na n\u011bj m\u011bs\u00edc, dva, nen\u00ed to samoz\u0159ejm\u011b \u017e\u00e1dn\u00fd probl\u00e9m. Jsou to standardn\u00ed objednac\u00ed doby, jsou to doby, kter\u00e9 m\u00e1te i na jin\u00e1 preventivn\u00ed o\u0161et\u0159en\u00ed, na mamograf, na kolonoskopii taky nedostanete term\u00edn hned, pokud nem\u00e1te probl\u00e9m. Pokud ale pacient zjist\u00ed, \u017ee n\u011bjak\u00e9 znam\u00e9nko mu roste nebo mu vad\u00ed, m\u016f\u017ee p\u0159ij\u00edt jako akutn\u00ed pacient bu\u010f do ambulanc\u00ed, kter\u00e9 pacienty neobjedn\u00e1vaj\u00ed, takov\u00e9 ambulance jsou, nebo samoz\u0159ejm\u011b do nemocnice se o\u0161et\u0159uj\u00ed i pacienti, kte\u0159\u00ed nejsou objednan\u00ed, ale i tak\u00e9 ke sv\u00fdm l\u00e9ka\u0159\u016fm, tak\u017ee je to o tom, jak ta slu\u017eba je nastavena. J\u00e1 t\u0159eba tady op\u011bt, jak pan in\u017een\u00fdr Svoboda \u0159ekl, \u017ee vlastn\u011b ten pacient si vyfot\u00ed pr\u016fm\u011brn\u011b 6 znam\u00e9nek, to je prost\u011b m\u00e1lo, pokud m\u00e1te 3 znam\u00e9nka na t\u011ble, v pohod\u011b, pokud jich m\u00e1te 6, v pohod\u011b, ale pokud jich m\u00e1te 50, tak prost\u011b ten probl\u00e9m tady je. A my st\u00e1le hovo\u0159\u00edme o prevenci, my mus\u00edme chr\u00e1nit vlastn\u011b na\u0161e klienty, na\u0161e pacienty. A opravdu nen\u00ed to o tom, \u017ee jak\u00e1koliv aplikace, nejsou o tom \u017e\u00e1dn\u00e1 data, \u017ee by opravdu n\u00e1m pom\u00e1hala t\u00edmto zp\u016fsobem, \u017ee odhal\u00ed melanom v\u010das. <\/p>\n\n\n\n<p><strong>Karol\u00edna Koubov\u00e1, moder\u00e1torka<\/strong> Pane Svobodo, vy pr\u00e1v\u011b jste mluvil o tom, \u017ee ta slu\u017eba od t\u00e9 vstupn\u00ed aplikace, kterou si vyfot\u00ed klienti znam\u00e9nko, tak potom n\u00e1sleduje ta prohl\u00eddka t\u0159emi dermatology a z\u00e1rove\u0148 potom jste schopni zajistit tedy pro klienta tu prohl\u00eddku u dermatolog\u016f, na z\u00e1klad\u011b \u010deho tedy, nebo jak mapujete tu s\u00ed\u0165 dermatolog\u016f, \u0159\u00edk\u00e1te, \u017ee ta slu\u017eba, nebo \u017ee jejich ordinace jsou nedostupn\u00e9 pro pacienty?<\/p>\n\n\n\n<p><strong>Ond\u0159ej Svoboda, odborn\u00edk na telemedic\u00ednu, zakladatel spole\u010dnosti Dr. Digital<\/strong> M\u016f\u017eete to je\u0161t\u011b tro\u0161ku parafr\u00e1zovat, tu ot\u00e1zku? <\/p>\n\n\n\n<p><strong>Karol\u00edna Koubov\u00e1, moder\u00e1torka<\/strong> Ano. Jak jsou \u010dekac\u00ed lh\u016fty u dermatolog\u016f, z va\u0161\u00ed zku\u0161enosti, kdy\u017e \u0159\u00edk\u00e1te, je pot\u0159eba, abychom my rychle zajistili pro pacienty, tak m\u00e1te zku\u0161enost, \u017ee se dlouho \u010dek\u00e1 u dermatolog\u016f? <\/p>\n\n\n\n<p><strong>Ond\u0159ej Svoboda, odborn\u00edk na telemedic\u00ednu, zakladatel spole\u010dnosti Dr. Digital<\/strong> To je jedna z odpov\u011bd\u00ed vlastn\u011b na to, co \u0159\u00edkala tady pan\u00ed doktorka. Pan\u00ed doktorka m\u00e1 kr\u00e1snou kliniku v centru Prahy. A tam obecn\u011b ve velk\u00fdch m\u011bstech ta dostupnost je vy\u0161\u0161\u00ed. M\u00e1me, ale jako nezapome\u0148me, \u017ee tady m\u00e1me regiony jako \u0160luknovsk\u00fd v\u00fdb\u011b\u017eek, Vala\u0161sko a podobn\u011b, kde ta dostupnost je fakt n\u00edzk\u00e1 a potom, jo, souhlas\u00edm, samoz\u0159ejm\u011b, \u017ee je preventivn\u00ed i akutn\u00ed forma toho vy\u0161et\u0159en\u00ed. A pr\u00e1v\u011b proto je d\u016fle\u017eit\u00fd, aby ten ekosyst\u00e9m toho \u010dlov\u011bka od vyfocen\u00ed a n\u011bjak\u00e9ho zhodnocen\u00ed AI potom t\u0159emi dermatology dostal, v moment\u011b, kdy tady t\u00edm dvojit\u00fdm filtrem projde, to znamen\u00e1, ne ka\u017ed\u00e9ho pos\u00edl\u00e1me v Dr. Digital k dermatologovi, proto\u017ee tam m\u00e1 t\u0159eba skvrnu od \u010dokol\u00e1dy nebo n\u011bjakou veruku, ale projde n\u011bjak\u00fdm dvojit\u00fdm filtrem a jakmile projde t\u00edm dvojit\u00fdm filtrem, tak na\u0161e sest\u0159i\u010dky sednou a volaj\u00ed a volaj\u00ed a volaj\u00ed a pros\u00ed, aby ho n\u011bkdo vzal, proto\u017ee jsme si jisti z 95 %, \u017ee ten \u010dlov\u011bk m\u016f\u017ee m\u00edt rizikovou l\u00e9zi. To je jedna v\u011bc. A ta druh\u00e1, nejenom to, na\u0161e nejd\u016fle\u017eit\u011bj\u0161\u00ed \u010d\u00e1st, co v Dr. Digital d\u011bl\u00e1me, je, \u017ee do t\u011bch lid\u00ed se sna\u017e\u00edme dostat to, \u017ee maj\u00ed chodit na ty preventivn\u00ed prohl\u00eddky, proto\u017ee tady jako naprosto souhlas\u00edm s pan\u00ed doktorkou, m\u011bli by na to chodit v\u0161ichni, ale mus\u00edme se jako srazit s realitou, v\u0161ichni na to nechod\u00ed, chod\u00ed na to jednotky procent ni\u017e\u0161\u00ed. A te\u010f touhle tou r\u00e9torikou m\u016f\u017eeme zap\u0159\u00ed\u010dinit to, \u017ee t\u011bm 97-8 % toho n\u00e1roda to prost\u011b ned\u00e1me. A i v t\u011bch n\u00edzk\u00fdch lokalit\u00e1ch s n\u00edzkou dostupnost\u00ed.<\/p>\n\n\n\n<p><strong>moder\u00e1torka<\/strong> Tak znovu ot\u00e1zka na Lucii Jare\u0161ovou. Pokud mluv\u00edme o tom, \u017ee toto m\u00e1 b\u00fdt opravdu dopln\u011bn\u00edm prevence a p\u00e9\u010de \u010dlov\u011bka o sv\u00e9 zdrav\u00ed, tak v\u00e1m to nep\u0159ipad\u00e1 jako vhodn\u00fd dopln\u011bk pr\u00e1v\u011b t\u0159eba i pro ty regiony, kde, jak \u0159\u00edk\u00e1me, je opravdu n\u00edzk\u00e1 dostupnost t\u0159eba dermatolog\u016f.<\/p>\n\n\n\n<p> <strong>Lucie Jare\u0161ov\u00e1, m\u00edstop\u0159edsedkyn\u011b Sdru\u017een\u00ed ambulantn\u00edch dermatovenerolog\u016f v \u010cesk\u00e9 republice, \u010dlenka v\u00fdboru \u010cesk\u00e9 dermatovenerologick\u00e9 spole\u010dnosti, vedouc\u00ed kliniky DermaMedEst<\/strong> Jak ji\u017e jsem \u0159\u00edkala, opravdu je to nedostate\u010dn\u00e9, proto\u017ee&#8230; <\/p>\n\n\n\n<p><strong>Karol\u00edna Koubov\u00e1, moder\u00e1torka<\/strong> M\u016f\u017ee to b\u00fdt kontraproduktivn\u00ed.<\/p>\n\n\n\n<p><strong>Lucie Jare\u0161ov\u00e1, m\u00edstop\u0159edsedkyn\u011b Sdru\u017een\u00ed ambulantn\u00edch dermatovenerolog\u016f v \u010cesk\u00e9 republice, \u010dlenka v\u00fdboru \u010cesk\u00e9 dermatovenerologick\u00e9 spole\u010dnosti, vedouc\u00ed kliniky DermaMedEst<\/strong> M\u016f\u017ee to b\u00fdt, m\u016f\u017ee to b\u00fdt kontraproduktivn\u00ed, proto\u017ee samoz\u0159ejm\u011b ono se spousta pacient\u016f k n\u00e1m samoz\u0159ejm\u011b dostane d\u00edky t\u011bm aplikac\u00edm, kter\u00e9 mohou b\u00fdt, jak jste \u0159\u00edkala, fale\u0161n\u011b, t\u0159eba pozitivn\u00ed, pacient je vystresovan\u00fd, vy\u0161et\u0159\u00edme, uklidn\u00edme ho. Na druhou stranu my si mus\u00edme uv\u011bdomit, kolik t\u011bch lid\u00ed k n\u00e1m nep\u0159ijde s melanomem, s bazaliomem, kolik t\u011bch lid\u00ed um\u0159e. A i ten jeden prost\u011b \u010dlov\u011bk, kde se p\u0159ehl\u00eddne n\u011bjak\u00e9 znam\u00e9nko, za to stoj\u00ed, aby prost\u011b ta prevence se st\u00e1le podporovala. J\u00e1 zase mus\u00edm \u0159\u00edct, \u017ee v dne\u0161n\u00ed dob\u011b opravdu ti na\u0161i pacienti nebo klienti, ta populace je velmi dob\u0159e informovan\u00e1 o t\u011bch preventivn\u00edch programech, za\u010d\u00ednaj\u00ed se vlastn\u011b o sebe starat, j\u00e1 to vid\u00edm u n\u00e1s v ordinaci, vlastn\u011b rozd\u00edl, j\u00e1 pracuju ve sv\u00e9 ordinaci p\u0159es 20 let a ta \u010detnost t\u011bch preventivn\u00edch jakoby vy\u0161et\u0159en\u00ed je daleko vy\u0161\u0161\u00ed, ne\u017e to bylo p\u0159ed 20 lety, \u010dili se zved\u00e1 podv\u011bdom\u00ed, chod\u00ed u\u017e i mlad\u00ed lidi vlastn\u011b s d\u011btmi, co\u017e je velmi d\u016fle\u017eit\u00e9, proto\u017ee ty d\u011bti u\u017e u\u010d\u00edme t\u00e9 prevenci. \u0158ekneme p\u0159itom vy\u0161et\u0159en\u00ed, na co se maj\u00ed, vlastn\u011b na kter\u00e9 znam\u00e9nko t\u0159eba se maj\u00ed d\u00e1t pozor. Tak\u017ee za m\u011b je to tedy ur\u010dit\u00fd laick\u00fd n\u00e1stroj, jsou ty aplikace, kter\u00e9 my m\u016f\u017eeme pou\u017e\u00edt pr\u00e1v\u011b k tomu, \u017ee jsme t\u0159eba nerv\u00f3zn\u00ed te\u010fka hnedka to nejde. <\/p>\n\n\n\n<p><strong>Karol\u00edna Koubov\u00e1, moder\u00e1torka<\/strong> Dob\u0159e, ale&#8230;  Se mluv\u00ed o tom, \u017ee tam je potom n\u00e1vazn\u00e1 spolupr\u00e1ce s dermatology.<\/p>\n\n\n\n<p> <strong>Lucie Jare\u0161ov\u00e1, m\u00edstop\u0159edsedkyn\u011b Sdru\u017een\u00ed ambulantn\u00edch dermatovenerolog\u016f v \u010cesk\u00e9 republice, \u010dlenka v\u00fdboru \u010cesk\u00e9 dermatovenerologick\u00e9 spole\u010dnosti, vedouc\u00ed kliniky DermaMedEst<\/strong> No, ale n\u00e1m se t\u0159eba stalo, \u017ee n\u00e1m volaj\u00ed pacienti, \u017ee maj\u00ed vlastn\u011b tyhle ty v\u00fdsledky fale\u0161n\u011b pozitivn\u00ed a volaj\u00ed, proto\u017ee jsou nerv\u00f3zn\u00ed, nikdo jim dal\u0161\u00ed p\u00e9\u010di nedoporu\u010dil. Tak\u017ee j\u00e1 zase nev\u00edm, jak to tedy funguje, proto\u017ee my tuhle tu zku\u0161enost nem\u00e1me, \u017ee by se vlastn\u011b aplikace SkinVision a n\u00e1sledn\u00e1 p\u00e9\u010de postaralo o tyto pacienty.<\/p>\n\n\n\n<p><strong>moder\u00e1torka<\/strong> Jak pr\u00e1v\u011b byste t\u0159eba reagoval, pane Svobodo, na to, jestli pr\u00e1v\u011b tato slu\u017eba nezat\u00ed\u017e\u00ed ten syst\u00e9m je\u0161t\u011b v\u00edce, pr\u00e1v\u011b t\u0159eba, pokud se vyhodnot\u00ed benign\u00ed znam\u00e9nka jako rizikov\u00e1 a nav\u00edc t\u00edm je\u0161t\u011b zp\u016fsob\u00ed t\u011bm lidem zbyte\u010dn\u00fd stres. <\/p>\n\n\n\n<p><strong>Ond\u0159ej Svoboda, odborn\u00edk na telemedic\u00ednu, zakladatel spole\u010dnosti Dr. Digital<\/strong> V\u00fdborn\u00e1 ot\u00e1zka. A j\u00e1 zase jenom mus\u00edm souhlasit s pan\u00ed doktorkou. Jedna d\u016fle\u017eit\u00e1 v\u011bc, specificita 80 % znamen\u00e1, \u017ee ka\u017ed\u00fd p\u00e1t\u00fd je fale\u0161n\u011b pozitivn\u00ed, to je fakt, to znamen\u00e1, \u017ee ka\u017ed\u00fd p\u00e1t\u00fd m\u016f\u017ee do t\u00e9 ordinace zaj\u00edt s n\u011b\u010d\u00edm, co opravdu nen\u00ed rizikov\u00fd, ale d\u00edky Bohu za to, \u017ee do t\u00e9 ordinace aspo\u0148 p\u0159ijde to, otev\u0159e ty dve\u0159e a ten dermatolog m\u00e1 tu mo\u017enost ud\u011blat tu celot\u011blovou prohl\u00eddku, to je vlastn\u011b jenom reakce na to, \u017ee \u010dlov\u011bk p\u0159ijde s jedn\u00edm znam\u00ednkem. Tak\u017ee na\u0161e slu\u017eba v sou\u010d\u00e1sti z toho ekosyst\u00e9mu m\u00e1 za c\u00edl dostat ty lidi do t\u011bch ordinac\u00ed. Dobr\u00e1 ot\u00e1zka je, jestli to n\u00e1hodou nep\u0159ehlt\u00ed ten syst\u00e9m. Pr\u00e1v\u011b ty prvn\u00ed dva kroky, to znamen\u00e1 AI vytr\u00e9novan\u00e1 na 3,5 milionu sn\u00edmc\u00edch a dermatologick\u00fd \u010dten\u00ed 3 lidmi m\u00e1 zajistit pr\u00e1v\u011b ten filtr. <\/p>\n\n\n\n<p><strong>Karol\u00edna Koubov\u00e1, moder\u00e1torka<\/strong> A je\u0161t\u011b je tam ten probl\u00e9m, promi\u0148te, kter\u00fd pojmenovala pan\u00ed Jare\u0161ov\u00e1, \u017ee zkr\u00e1tka si \u010dlov\u011bk t\u0159eba nezam\u011b\u0159\u00ed to spr\u00e1vn\u00e9 znam\u00e9nko a t\u00edm p\u00e1dem je uklidn\u011bn, zat\u00edmco pokud by tedy \u0161el k dermatologovi, tak ten ho prohl\u00eddne komplet?<\/p>\n\n\n\n<p><strong>Ond\u0159ej Svoboda, odborn\u00edk na telemedic\u00ednu, zakladatel spole\u010dnosti Dr. Digital<\/strong> Jo, dv\u011b reakce na tohle. Dermatologov\u00e9 jsou nejpovolan\u011bj\u0161\u00ed odbornost k tomu, aby kontrolovali znam\u00ednka, v\u011bt\u0161ina z nich m\u00e1 dermatoskopy, v\u011bt\u0161\u00ed \u010d\u00e1st z nich m\u00e1 asi digit\u00e1ln\u00ed dermatoskopy a potom men\u0161\u00ed \u010d\u00e1st z nich m\u00e1 celot\u011blov\u00e9 digit\u00e1ln\u00ed dermatoskopy. Tak\u017ee tady m\u00e1me jako u\u017e\u0161\u00ed kohortu, kter\u00e1 dok\u00e1\u017ee v rychl\u00fdm \u010dase supermodern\u00ed novou technologi\u00ed to cel\u00e9 t\u011blo n\u011bjak zkontrolovat a zas pravd\u011bpodobn\u011b to budou hezk\u00e9 kliniky v centru velk\u00fdch m\u011bst a na periferi\u00edch asi ne. <\/p>\n\n\n\n<p><strong>Karol\u00edna Koubov\u00e1, moder\u00e1torka<\/strong> Dob\u0159e, ale prohl\u00eddka dermatologem i na periferii asi je n\u011bco jin\u00e9ho, ne\u017e kdy\u017e laik s\u00e1m sob\u011b si \u0159ekne, zkontroluju si tohle znam\u00e9nko prost\u0159ednictv\u00edm aplikace. <\/p>\n\n\n\n<p><strong>Ond\u0159ej Svoboda, odborn\u00edk na telemedic\u00ednu, zakladatel spole\u010dnosti Dr. Digital<\/strong> Jednozna\u010dn\u011b. A tady bychom m\u011bli v\u0161ichni t\u00e1hnout za jeden provaz, proto\u017ee kdybychom t\u00e1hli za jeden provaz. SkinVision umo\u017e\u0148uje neomezen\u00fd po\u010det fotografi\u00ed neomezen\u00e9ho po\u010dtu znam\u00ednek, tak\u017ee pokud bychom t\u00e1hli s dermatology za jeden provaz, tak ty lidi si nefot\u00ed 6 znam\u00ednek, vyfot\u00ed si t\u011bch 50. <\/p>\n\n\n\n<p><strong>Karol\u00edna Koubov\u00e1, moder\u00e1torka<\/strong> A \u0159ekn\u011bte mi, jak to tedy je s t\u00edm t\u00e1hnut\u00edm za jeden provaz, proto\u017ee \u010d\u00e1st dermatolog\u016f, t\u0159eba i pr\u00e1v\u011b p\u0159edseda \u010cesk\u00e9 dermatovenerologick\u00e9 spole\u010dnosti Petr Arenberger mluv\u00ed o tom, \u017ee je to prosp\u011b\u0161n\u00e1 slu\u017eba, tak jak\u00e1 je ohledn\u011b t\u011bhle t\u011bch aplikac\u00ed a konkr\u00e9tn\u011b t\u0159eba t\u00e9to slu\u017eby mezi dermatologii atmosf\u00e9ra, nebo jak\u00e9 je p\u0159esv\u011bd\u010den\u00ed. <\/p>\n\n\n\n<p><strong>Lucie Jare\u0161ov\u00e1, m\u00edstop\u0159edsedkyn\u011b Sdru\u017een\u00ed ambulantn\u00edch dermatovenerolog\u016f v \u010cesk\u00e9 republice, \u010dlenka v\u00fdboru \u010cesk\u00e9 dermatovenerologick\u00e9 spole\u010dnosti, vedouc\u00ed kliniky DermaMedEst<\/strong><br \/>d\u011bkuju, tak vzhledem k tomu, \u017ee jsem tak\u00e9 \u010dlenem v\u00fdboru dermatovenologick\u00e9 spole\u010dnosti, tato t\u00e9matika tam byla samoz\u0159ejm\u011b \u0159e\u0161ena mnohokr\u00e1t a v\u00fdbor nikdy nedoporu\u010dil vlastn\u011b, aby tato aplikace byly hrazeny ze zdravotn\u00edho poji\u0161t\u011bn\u00ed nebo z fondu prevence. Ale my jsme nevydali \u017e\u00e1dn\u00e9 doporu\u010den\u00ed, proto\u017ee v\u00fdbor si odhlasoval, \u017ee toto nedoporu\u010duje. Na druhou stranu samoz\u0159ejm\u011b se tam vyskytlo to, \u017ee se tedy v \u0159\u00edjnu roku 2024 vlastn\u011b se doporu\u010dilo to, \u017ee dermatoskopick\u00e1 sekce, nyn\u00ed teda dermatoskopick\u00e1 pracovn\u00ed skupina, porovn\u00e1 r\u016fzn\u00e9 aplikace, nejen SkinVision, ale dal\u0161\u00ed, a vyd\u00e1 rozhodnut\u00ed, jakou maj\u00ed pr\u00e1v\u011b tu specifitu, senzitivitu. A to do dne\u0161n\u00edho dne nem\u00e1me, tak\u017ee my jsme ned\u00e1vali doporu\u010den\u00ed vlastn\u011b v r\u00e1mci t\u011bchto opat\u0159en\u00ed. A jak je\u0161t\u011b mus\u00edm \u0159\u00edct, tady opravdu je pot\u0159eba zm\u00ednit bezpe\u010dnost. Zm\u00ednili jsme tady, \u017ee je to zdravotnick\u00e1 slu\u017eba, \u017ee m\u00e1 certifik\u00e1t, ale nejedn\u00e1 se o zdravotnickou slu\u017ebu podle z\u00e1kona o zdravotn\u00edch slu\u017eb\u00e1ch, hlavn\u011b tento prost\u0159edek by m\u011bl m\u00edt certifik\u00e1t druh\u00e9 t\u0159\u00eddy, co\u017e bohu\u017eel nem\u00e1, m\u00e1 pouze prvn\u00ed t\u0159\u00eddu a my opravdu mluv\u00edme o bezpe\u010dnosti, a to je to, co je d\u016fle\u017eit\u00e9.<\/p>\n\n\n\n<p> <strong>Karol\u00edna Koubov\u00e1, moder\u00e1torka<\/strong> Tak pr\u00e1v\u011b, nakolik je garantov\u00e1na bezpe\u010dnost, \u0159\u00edkali jsme ta procenta, nicm\u00e9n\u011b ten certifik\u00e1t je pouze t\u0159\u00eddy 1, pokud v\u00edm, tak jste usilovali i o tu druhou t\u0159\u00eddu, tak jak na tom, je to dostate\u010dn\u00e9? <\/p>\n\n\n\n<p><strong>Ond\u0159ej Svoboda, odborn\u00edk na telemedic\u00ednu, zakladatel spole\u010dnosti Dr. Digital<\/strong> Mal\u00e9 ok\u00e9nko do regulatoriky Evropsk\u00e9 unie. <\/p>\n\n\n\n<p><strong>Karol\u00edna Koubov\u00e1, moder\u00e1torka<\/strong> U\u017e jenom, pros\u00edm velmi stru\u010dn\u011b, ano.<\/p>\n\n\n\n<p><strong>Ond\u0159ej Svoboda, odborn\u00edk na telemedic\u00ednu, zakladatel spole\u010dnosti Dr. Digital<\/strong> Stru\u010dn\u011b to nejde.<\/p>\n\n\n\n<p> <strong>Karol\u00edna Koubov\u00e1, moder\u00e1torka<\/strong> Bude muset. M\u00e1me dv\u011b minuty.<\/p>\n\n\n\n<p> <strong>Ond\u0159ej Svoboda, odborn\u00edk na telemedic\u00ednu, zakladatel spole\u010dnosti Dr. Digital<\/strong> T\u0159\u00edda 1 je tzv. legacy devices podle p\u0159edchoz\u00ed regulatory MDR, ta plat\u00ed do roku 2028, tak\u017ee firmy m\u016f\u017eou \u010dekat do roku 2028, ne\u017e se \/nesrozumiteln\u00e9\/ podle nov\u00e9 regulatorky MDR na dal\u0161\u00ed stupn\u011b. SkinVision ale ne\u010dek\u00e1 a 2A, a to znamen\u00e1 t\u0159\u00edda 2 u\u017e d\u00e1vno je.<\/p>\n\n\n\n<p> <strong>Karol\u00edna Koubov\u00e1, moder\u00e1torka<\/strong> M\u00e1te? <\/p>\n\n\n\n<p><strong>Ond\u0159ej Svoboda, odborn\u00edk na telemedic\u00ednu, zakladatel spole\u010dnosti Dr. Digital<\/strong> Ano.<\/p>\n\n\n\n<p> <strong>Karol\u00edna Koubov\u00e1, moder\u00e1torka<\/strong> Tak vid\u00edte&#8230; <\/p>\n\n\n\n<p><strong>Lucie Jare\u0161ov\u00e1,<\/strong> S t\u00edm j\u00e1 nesouhlas\u00edm.<\/p>\n\n\n\n<p><strong>moder\u00e1torka<\/strong> Nesouhlas\u00edte&#8230; <\/p>\n\n\n\n<p><strong>Lucie Jare\u0161ov\u00e1, m\u00edstop\u0159edsedkyn\u011b Sdru\u017een\u00ed ambulantn\u00edch dermatovenerolog\u016f v \u010cesk\u00e9 republice, \u010dlenka v\u00fdboru \u010cesk\u00e9 dermatovenerologick\u00e9 spole\u010dnosti, vedouc\u00ed kliniky DermaMedEst<\/strong> Podle jako dostupn\u00fdch informac\u00ed, co m\u00e1me my a vlastn\u011b, jak jsme to zkoumali, tak opravdu je tam t\u0159\u00edda 1 a \u010dek\u00e1 se pr\u00e1v\u011b na tu t\u0159\u00eddu 2. Nev\u00edm, jestli te\u010f teda v posledn\u00ed dob\u011b jste to z\u00edskali, nebo jestli to je z\u00e1le\u017eitost, to se p\u0159izn\u00e1m, \u017ee nev\u00edm&#8230; <\/p>\n\n\n\n<p><strong>Karol\u00edna Koubov\u00e1, moder\u00e1torka<\/strong> Pan Svoboda \u0159\u00edct tedy&#8230;<\/p>\n\n\n\n<p> <strong>Ond\u0159ej Svoboda, odborn\u00edk na telemedic\u00ednu, zakladatel spole\u010dnosti Dr. Digital<\/strong> J\u00e1 jsem to \u0159ekl&#8230; <\/p>\n\n\n\n<p><strong>Karol\u00edna Koubov\u00e1, moder\u00e1torka<\/strong> Tak\u017ee u\u017e to m\u00e1te definitivn\u011b t\u0159\u00edda 2A. <\/p>\n\n\n\n<p><strong>Ond\u0159ej Svoboda, odborn\u00edk na telemedic\u00ednu, zakladatel spole\u010dnosti Dr. Digital<\/strong> I kdy\u017e to nen\u00ed nutnost, i kdy\u017e ta nutnost je do roku 2028.<\/p>\n\n\n\n<p><strong>Lucie Jare\u0161ov\u00e1, m\u00edstop\u0159edsedkyn\u011b Sdru\u017een\u00ed ambulantn\u00edch dermatovenerolog\u016f v \u010cesk\u00e9 republice, \u010dlenka v\u00fdboru \u010cesk\u00e9 dermatovenerologick\u00e9 spole\u010dnosti, vedouc\u00ed kliniky DermaMedEst<\/strong> Ale jsou nov\u00e9 te\u010fka jako na\u0159\u00edzen\u00ed, kter\u00e9 my mus\u00edme doporu\u010dovat, proto\u017ee n\u00e1m jde o tu bezpe\u010dnost t\u011bch pacient\u016f. Za m\u011b prost\u011b nejd\u016fle\u017eit\u011bj\u0161\u00ed je opravdu prevence a nespol\u00e9hat se na ty aplikace, proto\u017ee ani, nebo v zahrani\u010dn\u00edch studijn\u00edch materi\u00e1lech tyto aplikace nevy\u0161ly tak, abysme si \u0159ekli fajn, poj\u010fte, budeme to pou\u017e\u00edvat pro prevenci. <\/p>\n\n\n\n<p><strong>Karol\u00edna Koubov\u00e1, moder\u00e1torka<\/strong> \u0158\u00edk\u00e1 Lucie Jare\u0161ov\u00e1, m\u00edstop\u0159edsedkyn\u011b Sdru\u017een\u00ed ambulantn\u00edch dermatovenerolog\u016f v \u010cesk\u00e9 republice, \u010dlenka v\u00fdboru \u010cesk\u00e9 dermatovenerologick\u00e9 spole\u010dnosti, kter\u00e1 je vedouc\u00ed kliniky DermaMede. D\u011bkuji, \u017ee jste byla \u00fa\u010dastnic\u00ed diskuze. Na shledanou. A za n\u00e1v\u0161t\u011bvu ve studiu d\u011bkuji tak\u00e9 Ond\u0159eji Svobodovi, odborn\u00edkovi na telemedic\u00ednu, zakladateli spole\u010dnosti Dr. Digital, kter\u00e1 je partnerem aplikace SkinVision pro \u010ceskou republiku.<\/p>\n\n\n\n<p><\/p>\n\n\n\n<p><\/p>\n","protected":false},"excerpt":{"rendered":"<div class=\"mh-excerpt\"><p>\u010cRo Plus Mobiln\u00ed aplikace jako pomoc p\u0159i prevenci melanomu? Vyfotit si znam\u00e9nko a nechat si ho zkontrolovat um\u011blou inteligenc\u00ed jako \u00fa\u010dinn\u00fd n\u00e1stroj nebo p\u0159ece jen <a class=\"mh-excerpt-more\" href=\"https:\/\/www.invarena.cz\/?p=60153\" title=\"Mobiln\u00ed aplikace jako pomoc p\u0159i prevenci melanomu&#8230; Ano, nebo ne?\">[&#8230;]<\/a><\/p>\n<\/div>","protected":false},"author":1,"featured_media":40551,"comment_status":"open","ping_status":"closed","sticky":false,"template":"","format":"standard","meta":{"footnotes":""},"categories":[12,11],"tags":[],"class_list":["post-60153","post","type-post","status-publish","format-standard","has-post-thumbnail","hentry","category-rozhovory","category-zdravi"],"_links":{"self":[{"href":"https:\/\/www.invarena.cz\/index.php?rest_route=\/wp\/v2\/posts\/60153","targetHints":{"allow":["GET"]}}],"collection":[{"href":"https:\/\/www.invarena.cz\/index.php?rest_route=\/wp\/v2\/posts"}],"about":[{"href":"https:\/\/www.invarena.cz\/index.php?rest_route=\/wp\/v2\/types\/post"}],"author":[{"embeddable":true,"href":"https:\/\/www.invarena.cz\/index.php?rest_route=\/wp\/v2\/users\/1"}],"replies":[{"embeddable":true,"href":"https:\/\/www.invarena.cz\/index.php?rest_route=%2Fwp%2Fv2%2Fcomments&post=60153"}],"version-history":[{"count":0,"href":"https:\/\/www.invarena.cz\/index.php?rest_route=\/wp\/v2\/posts\/60153\/revisions"}],"wp:featuredmedia":[{"embeddable":true,"href":"https:\/\/www.invarena.cz\/index.php?rest_route=\/wp\/v2\/media\/40551"}],"wp:attachment":[{"href":"https:\/\/www.invarena.cz\/index.php?rest_route=%2Fwp%2Fv2%2Fmedia&parent=60153"}],"wp:term":[{"taxonomy":"category","embeddable":true,"href":"https:\/\/www.invarena.cz\/index.php?rest_route=%2Fwp%2Fv2%2Fcategories&post=60153"},{"taxonomy":"post_tag","embeddable":true,"href":"https:\/\/www.invarena.cz\/index.php?rest_route=%2Fwp%2Fv2%2Ftags&post=60153"}],"curies":[{"name":"wp","href":"https:\/\/api.w.org\/{rel}","templated":true}]}}