{"id":6026,"date":"2013-06-03T13:50:37","date_gmt":"2013-06-03T11:50:37","guid":{"rendered":"http:\/\/www.invarena.cz\/?p=6026"},"modified":"2013-06-04T11:26:07","modified_gmt":"2013-06-04T09:26:07","slug":"pred-vodou-evakuovali-vozickare","status":"publish","type":"post","link":"https:\/\/www.invarena.cz\/?p=6026","title":{"rendered":"P\u0159ed vodou evakuovali voz\u00ed\u010dk\u00e1\u0159e v n\u00e1ru\u010d\u00ed"},"content":{"rendered":"<p><strong> V Praze byla v ned\u011bli, kdy Vltava dos\u00e1hla 3. stupn\u011b povod\u0148ov\u00e9 aktivity, nejhor\u0161\u00ed situace v Z\u00e1b\u011bhlic\u00edch, Hostiva\u0159i, v Lipenc\u00edch a Doln\u00edch \u010cerno\u0161ic\u00edch. V Z\u00e1b\u011bhlic\u00edch byl evakuov\u00e1n objekt azylov\u00e9ho domu, kde \u017eilo \u0161est voz\u00ed\u010dk\u00e1\u0159\u016f a dal\u0161\u00edch 20 lid\u00ed.<\/strong><\/p>\n<p><!--more--><\/p>\n<p>&#8222;V Z\u00e1b\u011bhlic\u00edch hasi\u010di p\u0159ev\u00e1\u017eeli lidi z vyplaven\u00fdch m\u00edst i na \u010dlunech. Pra\u017e\u0161t\u00ed hasi\u010d odpoledne vzdali od\u010derp\u00e1v\u00e1n\u00ed vod z dom\u016f, gar\u00e1\u017e\u00ed a sklep\u016f a soust\u0159edili se na z\u00e1chranu lid\u00ed z ohro\u017een\u00fdch oblast\u00ed.<\/p>\n<p>Uzav\u0159eno bylo v\u00edce ne\u017e dvacet ulic a komunikac\u00ed v oblastech vymezen\u00fdch ulicemi Koteln\u00ed, N\u00e1dra\u017en\u00ed a Lidick\u00e1 a ulicemi V Botanice, Eli\u0161ky Pe\u0161kov\u00e9 a Pet\u0159\u00ednsk\u00e1 v Praze 5.<\/p>\n<p>V Praze 10 musel b\u00fdt evakuov\u00e1n d\u016fm pro seniory. Jeho p\u011bta\u010dty\u0159icet klient\u016f a dal\u0161\u00ed lid\u00e9, kter\u00fdm domovy zaplavil Boti\u010d, byli prozat\u00edmn\u011b ubytov\u00e1ni v m\u00edstn\u00edch z\u00e1kladn\u00edch \u0161kol\u00e1ch.<\/p>\n<p>\u0158ada rodin v nejv\u00edce posti\u017een\u00fdch pra\u017esk\u00fdch \u010dtvrt\u00edch musela opustit sv\u00e9 domovy, evakuov\u00e1ni byli i klienti n\u011bkolika domov\u016f pro d\u016fchodce. V Z\u00e1b\u011bhlic\u00edch byl evakuov\u00e1n objekt azylov\u00e9ho domu, kde \u017eilo \u0161est voz\u00ed\u010dk\u00e1\u0159\u016f a dal\u0161\u00edch 20 lid\u00ed. Nemohouc\u00ed na invalidn\u00edch voz\u00edc\u00edch museli hasi\u010di p\u0159en\u00e1\u0161et do bezpe\u010d\u00ed v n\u00e1ru\u010d\u00ed.<\/p>\n<p>Ned\u011ble p\u0159ed polednem v pra\u017esk\u00e9 ulici K Pr\u00e1deln\u011b. Po silnici se val\u00ed voda z vylit\u00e9ho Boti\u010de. Hasi\u010di mus\u00ed odsud evakuovat d\u016fchodce z domova pro seniory. Mus\u00ed je p\u0159en\u00e1\u0161et ru\u010dn\u011b, voda m\u00e1 p\u0159itom jen 10,5 stupn\u011b.<\/p>\n<p>&#8222;Z domova d\u016fchodc\u016f nesta\u010dili evakuovat 22 osob, vesm\u011bs to byli voz\u00ed\u010dk\u00e1\u0159i a nepohybliv\u00e9 osoby, tak\u017ee jsme museli s pomoc\u00ed mobiln\u00ed techniky p\u0159es lagunu, kter\u00e1 byla p\u0159ibli\u017en\u011b metr 10 hlubok\u00e1 a zna\u010dn\u011b intenzivn\u00ed proud vody, tak jsme ty voz\u00ed\u010dk\u00e1\u0159e museli vyv\u00e9zt do bezpe\u010dn\u00e9ho prostoru,&#8220; \u0159ekl v report\u00e1\u017ei FTV Prima velitel hasi\u010d\u016f V\u00e1clav Kratochv\u00edl.<\/p>\n<p>Podobn\u00fd osud potkal i d\u016fm pro seniory v Michli. I tady mus\u00ed v\u0161ichni n\u00e1jemn\u00edci pry\u010d.<\/p>\n<p>&#8222;\u0158e\u0161\u00edme p\u0159evoz maminky, cht\u011bli bysme si ji vz\u00edt samoz\u0159ejm\u011b dom\u016f, ale nem\u00e1me tranzitn\u00ed auto, kter\u00e9 je pot\u0159eba pro takto handicapovan\u00e9ho \u010dlov\u011bka. Bohu\u017eel tranzitn\u00ed slu\u017eby v\u0161echny budou k dispozici k evakuaci, tak\u017ee te\u010f teda nev\u00edme, \u010dek\u00e1me, jsme tady v\u0161ichni shrom\u00e1\u017ed\u011bni,&#8220; \u0159ekla FTV Prima dcera jedn\u00e9 z klientek Lenka Semeck\u00e1.<\/p>\n<p>Nep\u0159\u00edjemn\u00e9 probuzen\u00ed m\u011bli i v nedalek\u00e9m Radot\u00edn\u011b, kde p\u0159ed vodou zachra\u0148ovali, co se dalo u\u017e od 7 od r\u00e1na.<\/p>\n<p>Z\u00e1chran\u00e1\u0159i p\u0159ed povodn\u00ed evakuovali i pacienty Nemocnice Na Franti\u0161ku. Celkem se do ostatn\u00edch pra\u017esk\u00fdch nemocnic sanitami p\u0159evezlo 79 pacient\u016f, v\u011bt\u0161inou na Bulovku, Motol a do V\u0161eobecn\u00e9 nemocnice na Karlov\u011b n\u00e1m\u011bst\u00ed. Ti, kte\u0159\u00ed mohli j\u00edt do dom\u00e1c\u00edho l\u00e9\u010den\u00ed, byli propu\u0161t\u011bni.<\/p>\n<p>Ned\u011ble 11 hodin odpoledne, Ra\u0161\u00ednovo n\u00e1b\u0159e\u017e\u00ed v Praze. Soutok Boti\u010de a Vltavy blokuje obrovsk\u00e1 hromada naplavenin. Vrstva nav\u00edc po\u0159\u00e1d roste. Nejd\u0159\u00edv mus\u00ed hasi\u010di dostat pry\u010d n\u011bkolik metr\u016f dlouh\u00fd kmen o pr\u016fm\u011bru asi 40 centimetr\u016f. Jedno z mnoha m\u00edst v Hole\u0161ovic\u00edch, kde tak\u00e9 stav\u00ed protipovod\u0148ov\u00e9 z\u00e1brany. Pr\u00e1ce ale zdr\u017euje p\u0159esunut\u00ed pracovn\u00ed bu\u0148ky, kterou technick\u00e9 slu\u017eby pot\u0159ebuj\u00ed p\u0159est\u011bhovat tak, aby ji voda nepo\u0161kodila. Mus\u00ed kv\u016fli n\u00ed nejd\u0159\u00edv roz\u0159ezat plot. Zvy\u0161uj\u00edc\u00ed se hladinu vody napjat\u011b sleduj\u00ed lid\u00e9 z nejbli\u017e\u0161\u00edho okol\u00ed.<\/p>\n<p>invArena<\/p>\n","protected":false},"excerpt":{"rendered":"<div class=\"mh-excerpt\"><p>V Praze byla v ned\u011bli, kdy Vltava dos\u00e1hla 3. stupn\u011b povod\u0148ov\u00e9 aktivity, nejhor\u0161\u00ed situace v Z\u00e1b\u011bhlic\u00edch, Hostiva\u0159i, v Lipenc\u00edch a Doln\u00edch \u010cerno\u0161ic\u00edch. V Z\u00e1b\u011bhlic\u00edch byl <a class=\"mh-excerpt-more\" href=\"https:\/\/www.invarena.cz\/?p=6026\" title=\"P\u0159ed vodou evakuovali voz\u00ed\u010dk\u00e1\u0159e v n\u00e1ru\u010d\u00ed\">[&#8230;]<\/a><\/p>\n<\/div>","protected":false},"author":1,"featured_media":4557,"comment_status":"open","ping_status":"open","sticky":false,"template":"","format":"standard","meta":{"footnotes":""},"categories":[7],"tags":[],"class_list":["post-6026","post","type-post","status-publish","format-standard","has-post-thumbnail","hentry","category-spolecnost"],"_links":{"self":[{"href":"https:\/\/www.invarena.cz\/index.php?rest_route=\/wp\/v2\/posts\/6026","targetHints":{"allow":["GET"]}}],"collection":[{"href":"https:\/\/www.invarena.cz\/index.php?rest_route=\/wp\/v2\/posts"}],"about":[{"href":"https:\/\/www.invarena.cz\/index.php?rest_route=\/wp\/v2\/types\/post"}],"author":[{"embeddable":true,"href":"https:\/\/www.invarena.cz\/index.php?rest_route=\/wp\/v2\/users\/1"}],"replies":[{"embeddable":true,"href":"https:\/\/www.invarena.cz\/index.php?rest_route=%2Fwp%2Fv2%2Fcomments&post=6026"}],"version-history":[{"count":0,"href":"https:\/\/www.invarena.cz\/index.php?rest_route=\/wp\/v2\/posts\/6026\/revisions"}],"wp:featuredmedia":[{"embeddable":true,"href":"https:\/\/www.invarena.cz\/index.php?rest_route=\/wp\/v2\/media\/4557"}],"wp:attachment":[{"href":"https:\/\/www.invarena.cz\/index.php?rest_route=%2Fwp%2Fv2%2Fmedia&parent=6026"}],"wp:term":[{"taxonomy":"category","embeddable":true,"href":"https:\/\/www.invarena.cz\/index.php?rest_route=%2Fwp%2Fv2%2Fcategories&post=6026"},{"taxonomy":"post_tag","embeddable":true,"href":"https:\/\/www.invarena.cz\/index.php?rest_route=%2Fwp%2Fv2%2Ftags&post=6026"}],"curies":[{"name":"wp","href":"https:\/\/api.w.org\/{rel}","templated":true}]}}