{"id":60318,"date":"2025-08-28T07:23:40","date_gmt":"2025-08-28T05:23:40","guid":{"rendered":"https:\/\/www.invarena.cz\/?p=60318"},"modified":"2025-08-28T07:23:49","modified_gmt":"2025-08-28T05:23:49","slug":"podanim-ruky-se-svrab-prakticky-neprenese","status":"publish","type":"post","link":"https:\/\/www.invarena.cz\/?p=60318","title":{"rendered":"Pod\u00e1n\u00edm ruky se svrab prakticky nep\u0159enese"},"content":{"rendered":"\n<p>\u010cRo<\/p>\n\n\n\n<p>na\u0161\u00edm hostem prof. Ji\u0159\u00ed Beran z Centra o\u010dkov\u00e1n\u00ed cestovn\u00ed medic\u00edny v Hradci Kr\u00e1lov\u00e9, odborn\u00edk i na problematiku o\u010dkov\u00e1n\u00ed. A my se dnes budeme bavit nejen o \u017eloutenk\u00e1ch, ale taky nap\u0159\u00edklad o svrabu, proto\u017ee to jsou onemocn\u011bn\u00ed, kter\u00e1 se te\u010f u n\u00e1s v \u010cesk\u00e9 republice zase objevuj\u00ed. <br \/><br \/>tak j\u00e1 jsem zjistila, \u017ee jsou \u017eloutenky typu od \u00e1\u010dka a\u017e do \u00e9\u010dka, to znamen\u00e1, \u017ee jich je je\u0161t\u011b mnohem v\u00edc. M\u016f\u017eeme aspo\u0148 p\u0159ibl\u00ed\u017eit poslucha\u010d\u016fm kr\u00e1tce stru\u010dn\u011b. Laicky, jak\u00e9 jsou mezi t\u011bmi typy rozd\u00edly.<\/p>\n\n\n\n<p><strong>mluv\u010d\u00ed 2,<\/strong> Ano, \u017eloutenka typu A je \u017eloutenka, kterou zn\u00e1me jako onemocn\u011bn\u00ed \u0161piav\u00fdch rukou, ta se vyskytuje p\u0159edev\u0161\u00edm u n\u00e1s v tom st\u0159edoevropsk\u00e9m nebo evropsk\u00e9m regionu, ale vyskytuje se samoz\u0159ejm\u011b i jinde ve sv\u011bt\u011b. Velmi podobn\u00e1 tomu je \u017eloutenka typu E, kter\u00e1 se ov\u0161em vyskytuje ve dvou variant\u00e1ch, v tzv. Star\u00e9m Sv\u011bt\u011b, v Asii a v Nov\u00e9m sv\u011bt\u011b, p\u0159edev\u0161\u00edm v Ji\u017en\u00ed Americe. Pak je to \u017eloutenka typu B, kter\u00e1 se ozna\u010duje jako infek\u010dn\u00ed \u017eloutenka p\u0159en\u00e1\u0161en\u00e1 krv\u00ed, \u017eloutenka typu C je \u017eloutenka, kter\u00e1 se objevuje p\u0159edev\u0161\u00edm u osob, kter\u00e9 pou\u017e\u00edvaj\u00ed ke sv\u00e9 stimulaci injek\u010dn\u00ed drogy. A D je vlastn\u011b takov\u00fd nekompletn\u00ed p\u016fvodce, kter\u00fd dok\u00e1\u017ee vyvolat \u00fapln\u011b stejn\u00e9 p\u0159\u00edznaky nebo stejnou \u017eloutenku, \u010dili hepatitidu typu B. <\/p>\n\n\n\n<p><strong>Jana Kudyvejsov\u00e1, moder\u00e1torka<\/strong> Kter\u00fd z t\u011bch typ\u016f se vyskytuje nej\u010dast\u011bji, kdy\u017e to vzt\u00e1hneme tady k n\u00e1m na \u010ceskou republiku, je to pr\u00e1v\u011b to \u00e1\u010dko, ta nemoc \u0161pinav\u00fdch rukou. <\/p>\n\n\n\n<p><strong>mluv\u010d\u00ed 2,<\/strong> Mus\u00edm \u0159\u00edct, \u017ee po ur\u010dit\u00e1 obdob\u00ed to byla hepatitida typu A, kter\u00e1 se vyskytovala opravdu hodn\u011b, b\u011bhem doby covidu se to dramaticky sn\u00ed\u017eilo, \u0159ekn\u011bme, na des\u00edtky a\u017e stovky a nyn\u00ed v posledn\u00edm roce jsme vid\u011bli 600\u2013700 p\u0159\u00edpad\u016f \u017eloutenky typu A. Ale mus\u00edme si tak\u00e9 uv\u011bdomit, \u017ee \u017eloutenka typu C, ta se vyskytovala nap\u0159\u00edklad v lo\u0148sk\u00e9m roce v po\u010dtu 1400, \u010dili \u017ee j\u00ed bylo o tro\u0161ku v\u00edc ne\u017e t\u00e9 \u017eloutenky typu A, ale je \u00fazce zam\u011b\u0159en\u00e1 na tu rizikovou skupinu u\u017eivatel\u016f drog, kde\u017eto \u017eloutenku typu A m\u016f\u017ee dostat kdokoliv, kdo nen\u00ed o\u010dkovan\u00fd a kdo \u017eloutenku typu A neprod\u011blal<\/p>\n\n\n\n<p><strong>moder\u00e1torka<\/strong> A a\u010dko, nemoc \u0161pinav\u00fdch rukou. Jak je to mo\u017en\u00e9, \u017ee te\u010f n\u011bjak vzrostl zase ten v\u00fdskyt? M\u016f\u017ee to b\u00fdt i t\u0159eba proto, \u017ee t\u00edm, jak jsme si v covidu dezinfikovali ruce a\u017e mo\u017en\u00e1 moc nebo v\u00edc, ne\u017e bylo zvykem p\u0159edt\u00edm, tak\u017ee n\u011bjak ta imunita na\u0161e se tro\u0161ku zm\u011bnila. <\/p>\n\n\n\n<p><strong>mluv\u010d\u00ed 2,<\/strong> Tak j\u00e1 si mysl\u00edm, \u017ee to souvis\u00ed. Ano, faktor dodr\u017eov\u00e1n\u00ed hygienick\u00fdch standard\u016f, kter\u00fd byl ur\u010dit\u011b vy\u0161\u0161\u00ed p\u0159ed, \u0159ekn\u011bme, t\u0159emi lety, ne\u017e je v sou\u010dasn\u00e9 dob\u011b. A druhou v\u011bc\u00ed je to, \u017ee d\u0159\u00edve virovou hepatitidu A prod\u011bl\u00e1valy p\u0159edev\u0161\u00edm d\u011bti, u kter\u00fdch to onemocn\u011bn\u00ed prob\u00edhalo skryt\u011b, bez vyj\u00e1d\u0159en\u00fdch p\u0159\u00edznak\u016f a ochranu nech\u00e1valo na cel\u00fd \u017eivot a dnes kv\u016fli zv\u00fd\u0161en\u00e9 hygien\u011b vlastn\u011b ty d\u011bti neonemocn\u00ed a onemocn\u00ed a\u017e pozd\u011bji star\u0161\u00ed osoby. \u010cili z tohoto pohledu my najednou vid\u00edme v populaci daleko v\u00edc onemocn\u011bn\u00ed, i kdy\u017e ve sv\u00e9 podstat\u011b jich m\u016f\u017ee b\u00fdt stejn\u011b. Akor\u00e1t, \u017ee jsme to d\u0159\u00edve, p\u0159ed 30, 40 lety u t\u011bch d\u011bt\u00ed skoro nediagnostikovali a u t\u011bch star\u0161\u00edch osob v\u017edycky doch\u00e1z\u00ed ke \u017eloutence a k relativn\u011b t\u011b\u017ek\u00e9mu pr\u016fb\u011bhu, \u010dili to onemocn\u011bn\u00ed je zaznamen\u00e1v\u00e1no.<\/p>\n\n\n\n<p><strong>moder\u00e1torka<\/strong> dnes s prof. Ji\u0159\u00edm Beranem. J\u00e1 jsem se do\u010detla, proto\u017ee samoz\u0159ejm\u011b je spousta informac\u00ed, i spousta varov\u00e1n\u00ed, \u017ee ten virus, mluv\u00edme o \u00e1\u010dku, je dost odoln\u00fd a \u017ee za b\u011b\u017en\u00fdch teplot m\u016f\u017ee vydr\u017eet na povr\u0161\u00edch a\u017e n\u011bkolik t\u00fddn\u016f. Je to skute\u010dn\u011b tak. <\/p>\n\n\n\n<p><strong>mluv\u010d\u00ed 2,<\/strong> Ano, je to pravda, ten virus je velmi odoln\u00fd a dok\u00e1\u017ee p\u0159etrv\u00e1vat skute\u010dn\u011b i 14 dn\u016f na bankovk\u00e1ch, n\u011bkolik t\u00fddn\u016f dokonce na povr\u0161\u00edch. A to je d\u016fvod, pro\u010d t\u0159eba v hromadn\u00e9 doprav\u011b, p\u0159i kontaktu s madly k tomu p\u0159enosu m\u016f\u017ee doj\u00edt z \u010dlov\u011bka na \u010dlov\u011bka, tam je samoz\u0159ejm\u011b pot\u0159eba tak\u00e9 myslet na to, \u017ee ten virus se mus\u00ed dostat do za\u017e\u00edvac\u00edho traktu, kudy vstoup\u00ed potom do krevn\u00edho ob\u011bhu a do jater, kde ud\u011bl\u00e1 z\u00e1n\u011bt jatern\u00ed tk\u00e1n\u011b.<\/p>\n\n\n\n<p><strong>Jana Kudyvejsov\u00e1, moder\u00e1torka<\/strong> No, proto u\u017e ten jednoduch\u00fd pokyn pro d\u011bti, \u017ee p\u0159ed ka\u017ed\u00fdm j\u00eddlem si m\u00e1me um\u00fdt ruce, \u017ee to je jasn\u00e9.  Riziko pr\u00fd stoup\u00e1 u skupiny osob, kter\u00e1 m\u00e1 spole\u010dn\u00e9 toalety, tak\u017ee tady se nab\u00edz\u00ed te\u010f v l\u00e9t\u011b zm\u00ednit t\u0159eba i d\u011btsk\u00e9 t\u00e1bory, tak opravdu m\u016f\u017ee tam b\u00fdt n\u011bjak\u00e9 riziko.<\/p>\n\n\n\n<p><strong>mluv\u010d\u00ed 2,<\/strong> Ur\u010dit\u011b to riziko je tam skute\u010dn\u011b velk\u00e9 a u t\u011bch d\u011bt\u00ed, jak jsem \u0159\u00edkal, to onemocn\u011bn\u00ed prob\u00edh\u00e1 velmi \u010dasto a skryt\u011b, bez vyj\u00e1d\u0159en\u00fdch symptom\u016f, ale velmi typick\u00e9 je, \u017ee doch\u00e1z\u00ed k vzestupu v\u00fdskytu \u017eloutenky typu A po pr\u00e1zdnin\u00e1ch. Ty d\u011bti si to v\u011bt\u0161inou n\u011bkde na t\u00e1bo\u0159e u babi\u010dky p\u0159edaj\u00ed tu \u017eloutenku typu A, pak p\u0159ijdou do kolektivu a do \u0161koly a tam doch\u00e1z\u00ed k p\u0159enosu, tak\u017ee ty prvn\u00ed p\u0159\u00edpady p\u0159ich\u00e1zej\u00ed p\u0159ibli\u017en\u011b za \u010dty\u0159i t\u00fddny po\u010d\u00e1tkem \u0159\u00edjna. A kulminuje to n\u011bkde na konci \u0159\u00edjna, tak\u017ee je to typick\u00e9 nejenom pro \u010desk\u00e9 \u0161koly, pro n\u011bmeck\u00e9 \u0161koly, italsk\u00e9 \u0161koly, \u017ee k v\u00fdskytu doch\u00e1z\u00ed pr\u00e1v\u011b se vstupem do nov\u00e9ho \u0161koln\u00edho roku a ty d\u011bti to potom v rodin\u00e1ch p\u0159ed\u00e1vaj\u00ed d\u00e1l t\u011bm dosp\u011bl\u00fdm. <\/p>\n\n\n\n<p><strong> moder\u00e1torka<\/strong> Tak\u017ee d\u011bti vlastn\u011b nemusej\u00ed m\u00edt n\u011bjak\u00e9 viditeln\u00e9 p\u0159\u00edznaky. <\/p>\n\n\n\n<p><strong>mluv\u010d\u00ed 2,<\/strong> D\u011bti pov\u011bt\u0161inou nem\u00edvaj\u00ed viditeln\u00e9 p\u0159\u00edznaky, b\u00fdv\u00e1 to u d\u011bt\u00ed ve v\u011bku, \u0159ekn\u011bme, do prvn\u00edho stupn\u011b, na z\u00e1kladn\u00ed \u0161kole, pozd\u011bji u\u017e t\u011bch p\u0159\u00edznak\u016f p\u0159ib\u00fdv\u00e1 a u lid\u00ed nad 40 let vid\u00edme i smrteln\u00e1 onemocn\u011bn\u00ed.<\/p>\n\n\n\n<p><strong>moder\u00e1torka<\/strong> A pokud tedy se na d\u00edt\u011bti nic neprojev\u00ed, tak ale tu \u017eloutenku \u0161\u00ed\u0159\u00ed d\u00e1l. <\/p>\n\n\n\n<p><strong>mluv\u010d\u00ed 2,<\/strong> Tu \u017eloutenku \u0161\u00ed\u0159\u00ed nev\u011bdom\u011b d\u00e1l ur\u010dit\u011b.<\/p>\n\n\n\n<p><strong>moder\u00e1torka<\/strong> A jak to podchytit? <\/p>\n\n\n\n<p><strong>mluv\u010d\u00ed 2,<\/strong> No, tak j\u00e1 si mysl\u00edm, \u017ee jedinou prevenc\u00ed, kter\u00e1 \u00fa\u010dinkuje, je dostate\u010dn\u00e9 myt\u00ed rukou, proto\u017ee samoz\u0159ejm\u011b m\u00fddlo je detergent a p\u016fsob\u00ed velmi dob\u0159e, to znamen\u00e1, ni\u010d\u00ed schr\u00e1nku toho viru a ten virus potom nen\u00ed schopen se p\u0159ipojit na bu\u0148ku ve st\u0159evn\u00edm traktu a tam se tedy pomno\u017eit, \u010dili prost\u00e9 myt\u00ed rukou velmi pom\u00e1h\u00e1, samoz\u0159ejm\u011b vysoce \u00fa\u010dinnou prevenc\u00ed je o\u010dkov\u00e1n\u00ed, kde sta\u010d\u00ed aplikovat dv\u011b d\u00e1vky v rozestupu p\u016fl roku a\u017e t\u0159i roky podle typu vakc\u00edny a podle v\u00fdrobce, a to o\u010dkov\u00e1n\u00ed zanech\u00e1 celo\u017eivotn\u00ed imunitu<\/p>\n\n\n\n<p><strong> moder\u00e1torka<\/strong> A jak\u00e9 projevy m\u016f\u017eou b\u00fdt u dosp\u011bl\u00fdch? M\u016f\u017ee to b\u00fdt i t\u0159eba \u017elut\u00e9 b\u011blmo, kter\u00e9 ale zase m\u016f\u017ee b\u00fdt i projevem i jin\u00e9ho onemocn\u011bn\u00ed.<\/p>\n\n\n\n<p> <strong>mluv\u010d\u00ed 2,<\/strong> Ur\u010dit\u011b m\u016f\u017ee to b\u00fdt to, co ti lid\u00e9 v\u011bt\u0161inou ud\u00e1vaj\u00ed, tak jsou na za\u010d\u00e1tku n\u011bjak\u00e9 za\u017e\u00edvac\u00ed obt\u00ed\u017ee, hor\u0161\u00ed tr\u00e1ven\u00ed. Pak se za\u010d\u00edn\u00e1 objevovat za\u017eloutnut\u00ed b\u011blma, podle toho je mo\u017en\u00e9 to rozpoznat a kdy\u017e se potom ud\u011blaj\u00ed z krve tzv. jatern\u00ed testy, \u010dili testy na p\u0159\u00edtomnost po\u0161kozen\u00fdch bun\u011bk a nebo p\u0159\u00edmo specificky na ten dan\u00fd virus, tak se tam dok\u00e1\u017e\u00ed odhalit u\u017e protil\u00e1tky nebo dokonce ten virus, pokud se pou\u017eije polymer\u00e1zov\u00e1 \u0159et\u011bzov\u00e1 reakce.<\/p>\n\n\n\n<p><strong>moder\u00e1torka<\/strong> Pokud se potvrd\u00ed \u017eloutenka typu A. Co n\u00e1sleduje potom d\u00e1l. <\/p>\n\n\n\n<p><strong>mluv\u010d\u00ed 2,<\/strong> No tak samoz\u0159ejm\u011b my si mus\u00edme uv\u011bdomit, \u017ee neexistuje \u017e\u00e1dn\u00e1 kauz\u00e1ln\u00ed l\u00e9\u010dba, nejsou ani antibiotika, ani antivirotika, kter\u00e1 by dok\u00e1zala pr\u016fb\u011bh toho onemocn\u011bn\u00ed zastavit a existuj\u00ed jenom l\u00e9ky na podp\u016frnou l\u00e9\u010dbu, na to, aby dob\u0159e fungovala j\u00e1tra, kter\u00e1 jsou napaden\u00e1 t\u00edm virem, \u010dili ta l\u00e9\u010dba je \u010dist\u011b jenom symptomatick\u00e1 a mus\u00ed se po\u010dkat, aby p\u0159\u00edznaky odezn\u011bly. Je pot\u0159eba b\u011bhem t\u00e9 doby dodr\u017eovat striktn\u00ed hygienick\u00e1 opat\u0159en\u00ed. Doch\u00e1z\u00ed k hospitalizaci lid\u00ed, kte\u0159\u00ed maj\u00ed p\u0159\u00edznaky viditeln\u00e9 a k tomu se vlastn\u011b tou izolac\u00ed zamez\u00ed dal\u0161\u00edmu p\u0159enosu. Nicm\u00e9n\u011b v rodin\u00e1ch, odkud nebo z t\u011bch kolektiv\u016f, odkud poch\u00e1zej\u00ed ti nemocn\u00ed lid\u00e9, tak je pot\u0159eba dodr\u017eovat po ur\u010ditou dobu, kter\u00e1 je od minim\u00e1ln\u00ed do pr\u016fm\u011brn\u00e9 inkuba\u010dn\u00ed doby dodr\u017eovat z\u00e1sadn\u00ed hygienick\u00e1 opat\u0159en\u00ed a ur\u010dit\u011b je s v\u00fdhodou, co\u017e se ukazuje, aplikovat takzvan\u011b postexpozi\u010dn\u011b o\u010dkovac\u00ed l\u00e1tku, kter\u00e1 zamez\u00ed rozvoji toho onemocn\u011bn\u00ed u lid\u00ed, kte\u0159\u00ed byli v kontaktu s n\u011bk\u00fdm, a to onemocn\u011bn\u00ed se na n\u011b p\u0159en\u00e1\u0161elo, nebo ten virus se na n\u011b p\u0159en\u00e1\u0161el, tak\u017ee ur\u010dit\u011b postxpozi\u010dn\u011b o\u010dkovat v tom bezprost\u0159edn\u00edm okol\u00ed lid\u00ed, kte\u0159\u00ed onemocn\u00ed \u017eloutenkou typu A.<\/p>\n\n\n\n<p><strong> moder\u00e1torka<\/strong> No, tak je d\u016fle\u017eit\u00e9 myslet na to \u0161\u00ed\u0159en\u00ed, jak jsme \u0159\u00edkali, tak podchytit to n\u011bjak\u00e9 docela slo\u017eit\u00e9, ale j\u00e1 si pamatuju, \u017ee na z\u00e1kladn\u00ed \u0161kole m\u011bl jeden spolu\u017e\u00e1k \u017eloutenku a \u017ee jsme jako t\u0159\u00edda museli b\u00fdt v karant\u00e9n\u011b po n\u011bjakou dobu. Je\u0161t\u011b se to d\u011bl\u00e1.<\/p>\n\n\n\n<p><strong>mluv\u010d\u00ed 2,<\/strong> V kolektivech karant\u00e9na ve smyslu toho, \u017ee by d\u011bti z\u016fstaly doma a nechodily by do \u0161koly.<\/p>\n\n\n\n<p><strong>moder\u00e1torka<\/strong> My jsme byli odd\u011blen\u00ed a mohli jsme se pohybovat jenom n\u011bjak odd\u011blen\u011b po \u0161kole i po j\u00eddeln\u011b. U\u017e si to p\u0159esn\u011b nepamatuju. <\/p>\n\n\n\n<p><strong>mluv\u010d\u00ed 2,<\/strong> Ale zase z\u00e1le\u017e\u00ed na tom, jak to d\u00edt\u011b z t\u00e9 \u0161koly bylo v kontaktu s t\u011bmi ostatn\u00edmi. Dnes se a\u017e tak rozs\u00e1hl\u00e1 opat\u0159en\u00ed neprov\u00e1d\u011bj\u00ed, postupuje se velmi intenzivn\u011b u t\u011bch, kte\u0159\u00ed byli v \u00fazk\u00e9m kontaktu, mohou se pod\u00e1vat dokonce t\u011bmto lidem nebo d\u011btem hotov\u00e9 protil\u00e1tky, kter\u00e9 by je mohly ochr\u00e1nit, nebo se ty d\u011bti o\u010dkuj\u00ed a t\u00edm se vlastn\u011b v tom neju\u017e\u0161\u00edm okruhu zamez\u00ed tomu dal\u0161\u00edmu p\u0159enosu.<\/p>\n\n\n\n<p><strong> moder\u00e1torka<\/strong> No, a te\u010f to o\u010dkov\u00e1n\u00ed, poj\u010fme je\u0161t\u011b \u0159\u00edct, pro koho je vhodn\u00e9. A i rodi\u010d\u016fm t\u0159eba pr\u00e1v\u011b te\u010f d\u011bti budou nastupovat do \u0161koly, tak hodn\u011b rodi\u010d\u016f o tom uva\u017euje p\u0159ed, ne\u017e nastupuje d\u00edt\u011b do \u0161koly, do \u0161kolky pr\u00e1v\u011b do n\u011bjak\u00fdch v\u011bt\u0161\u00edch skupin.<\/p>\n\n\n\n<p><strong>mluv\u010d\u00ed 2,<\/strong> Tak ur\u010dit\u011b to o\u010dkov\u00e1n\u00ed je dostupn\u00e9 od, \u0159ekn\u011bme, jednoho roku, j\u00e1 si mysl\u00edm, \u017ee se vstupem do \u0161koly je mo\u017en\u00e9 o\u010dkovat, proto\u017ee vlastn\u011b v t\u00e9 dob\u011b j\u00e1 tomu \u0159\u00edk\u00e1m, existuj\u00ed b\u011bhem prvn\u00edho stupn\u011b \u0161koln\u00ed doch\u00e1zky, tzv. o\u010dkovac\u00ed pr\u00e1zdniny, kdy se neaplikuj\u00ed \u017e\u00e1dn\u00e9 jin\u00e9 o\u010dkovac\u00ed l\u00e1tky a je mo\u017en\u00e9 vyu\u017e\u00edt toho \u010dasu k tomu, aby se u p\u0159\u00edslu\u0161n\u00e9ho pediatra nebo pediatryn\u011b aplikovaly o\u010dkovac\u00ed l\u00e1tky proti \u017eloutence typu A. D\u011bti jsou o\u010dkov\u00e1ny od narozen\u00ed proti \u017eloutence typu B, \u010dili oni si to t\u00edmto dopln\u00ed a maj\u00ed ochranu jak proti \u017eloutence typu B, tak proti \u017eloutence typu A na cel\u00fd \u017eivot, u dosp\u011bl\u00fdch lid\u00ed je mo\u017en\u00e9 vyu\u017e\u00edt ty, kte\u0159\u00ed u\u017e byli o\u010dkov\u00e1ni. Dnes je to populace do v\u011bku 34 let, jsou o\u010dkov\u00e1n\u00ed proti \u017eloutence typu B, tak doplnit jenom o\u010dkov\u00e1n\u00ed proti \u017eloutence typu A, to se zase prov\u00e1d\u00ed i u dosp\u011bl\u00fdch jenom dv\u011bma d\u00e1vkami vakc\u00edny, anebo kombinovanou o\u010dkovac\u00ed l\u00e1tkou u lid\u00ed star\u0161\u00edch 35 let, kter\u00e1 je jak proti \u017eloutence typu A, tak proti \u017eloutence typu B a aplikuje se ve t\u0159ech d\u00e1vk\u00e1ch b\u011bhem \u0161esti m\u011bs\u00edc\u016f.<\/p>\n\n\n\n<p><strong>moder\u00e1torka<\/strong> se te\u010f dost\u00e1v\u00e1me ke svrabu s prof. Ji\u0159\u00edm Beranem. Proto\u017ee to je dal\u0161\u00ed onemocn\u011bn\u00ed, kter\u00e9 se v \u010cesku te\u010f \u0161\u00ed\u0159\u00ed, vyskytuje se docela, jsou n\u011bjak\u00e9 p\u0159\u00edpady a je to infek\u010dn\u00ed onemocn\u011bn\u00ed k\u016f\u017ee, kter\u00e9 ale my, j\u00e1 bych \u0159ekla, \u017ee sp\u00ed\u0161 m\u00e1me spojen\u00e9 s histori\u00ed, ale do\u010detla jsem se, \u017ee se svrab vrac\u00ed tak n\u011bjak cyklicky, jestli se to tak d\u00e1 \u0159\u00edct, t\u0159eba zhruba ka\u017ed\u00fdch 15, 20 let, \u010d\u00edm je to zp\u016fsobeno, \u017ee se svrab vrac\u00ed.<\/p>\n\n\n\n<p><strong>mluv\u010d\u00ed 2,<\/strong> Tak j\u00e1 si mysl\u00edm, \u017ee v\u017edycky, kdy\u017e se zhor\u0161\u00ed n\u011bjak\u00fdm zp\u016fsobem ubytovac\u00ed podm\u00ednky, kdy m\u016f\u017ee vzniknout n\u011bjak\u00e9 lo\u017eisko nebo n\u011bjak\u00e9 centrum vzniku toho onemocn\u011bn\u00ed. P\u0159edev\u0161\u00edm na ubytovn\u00e1ch, kde se st\u0159\u00edd\u00e1 velk\u00e9 mno\u017estv\u00ed lid\u00ed a kde n\u011bkdo m\u016f\u017ee onemocn\u011bt, kde se nest\u0159\u00eddaj\u00ed l\u016f\u017ekoviny nebo nem\u011bn\u00ed l\u016f\u017ekoviny \u010dasto, tak k tomu m\u016f\u017ee doj\u00edt. Ten p\u016fvodce je vlastn\u011b parazit, tak, jak jste \u0159\u00edkala, on se dost\u00e1v\u00e1 do povrchov\u00fdch vrstev k\u016f\u017ee a tam si ta sami\u010dka vyvrt\u00e1 d\u00edrky a na konci t\u011bch chodbi\u010dek, kter\u00e9 ud\u011bl\u00e1, tak naklade vaj\u00ed\u010dka, z t\u011bch vaj\u00ed\u010dek se do t\u0159ech t\u00fddn\u016f objev\u00ed zase dal\u0161\u00ed v\u00fdvojov\u00e1 stadia a samoz\u0159ejm\u011b potom d\u00e1l dosp\u011bl\u00e9 sami\u010dky, kter\u00e9 je mo\u017en\u00e9 p\u0159en\u00e1\u0161et d\u00e1l. J\u00e1 bych cht\u011bl \u0159\u00edci, \u017ee \u010dasto lid\u00e9 si mysl\u00ed, \u017ee letm\u00fdm dotykem, jedn\u00fdm pod\u00e1n\u00edm ruky je mo\u017en\u00e9 to onemocn\u011bn\u00ed p\u0159en\u00e9st, co\u017e je vysoce raritn\u00ed, daleko d\u016fle\u017eit\u011bj\u0161\u00ed je p\u0159enos v rodin\u011b p\u0159es l\u016f\u017ekoviny a p\u0159es velmi \u00fazk\u00fd kontakt. Ty p\u0159\u00edznaky nej\u010dast\u011bj\u0161\u00ed jsou na\u010dervenal\u00e9 pup\u00ednky v t\u011bch oblastech, kde m\u00e1me velmi tenkou k\u016f\u017ei, kter\u00e1 se n\u00e1m pot\u00ed, a\u0165 u\u017e je to v podkolenn\u00edch nebo loketn\u00edch jamk\u00e1ch, v t\u0159\u00edslech okolo pohlav\u00ed. Tak v\u0161ude tam je mo\u017en\u00e9, \u017ee se ta z\u00e1ko\u017eka svrabov\u00e1 m\u016f\u017ee objevit a zase dneska ta l\u00e9\u010dba je vcelku \u00fa\u010dinn\u00e1, pou\u017e\u00edvaj\u00ed se pasty a kr\u00e9my, kter\u00fdmi se \u010dlov\u011bk nat\u0159e bu\u010f s obsahem permetrinu nebo s obsahem s\u00edry podle toho, pro koho je ur\u010dena, bu\u010f jednor\u00e1zov\u011b nebo b\u011bhem t\u0159\u00ed dn\u016f t\u0159ikr\u00e1t, tak\u017ee to onemocn\u011bn\u00ed je l\u00e9\u010diteln\u00e9, ale jak jsem \u0159\u00edkal, v\u011bt\u0161inou to souvis\u00ed s t\u00edm, \u017ee se lok\u00e1ln\u011b, n\u011bkde v n\u011bjak\u00e9m ohnisku sn\u00ed\u017e\u00ed hygienick\u00fd standard, n\u011bkdo tam to onemocn\u011bn\u00ed p\u0159inese a pak se p\u0159en\u00e1\u0161\u00ed d\u00e1l a d\u00e1l, ale ur\u010dit\u011b ne tak, \u017ee ve chv\u00edli, kdy se to onemocn\u011bn\u00ed objev\u00ed, \u017ee bychom si p\u0159estali pod\u00e1vat ruku s p\u0159\u00e1teli, to je zase \u00fapln\u011b v pohod\u011b, ale je dobr\u00e9 v\u017edycky zkontrolovat kvalitu l\u016f\u017ekovin tam, kde jsme ubytovan\u00fd. <\/p>\n\n\n\n<p><strong> moder\u00e1torka<\/strong> Jen\u017ee potom, pokud se ten svrab dostane k n\u00e1m dom\u016f, tak tam jsou asi mo\u017en\u00e1 hor\u0161\u00ed ta opat\u0159en\u00ed, kter\u00e1 mus\u00edme ud\u011blat, to znamen\u00e1, nejen v\u0161echno vyprat, ale taky t\u0159eba ply\u0161\u00e1ky, pokud se jedn\u00e1 o mal\u00e9 d\u011bti nebo v\u016fbec ply\u0161ov\u00e9 v\u011bci, \u017ee je dobr\u00e9 d\u00e1t do pytl\u016f, tam n\u011bjak.<\/p>\n\n\n\n<p><strong>mluv\u010d\u00ed 2,<\/strong> Ur\u010dit\u011b do pytl\u016f a p\u0159idat k tomu permetrin, kdy\u017e to nech\u00e1te zav\u0159en\u00e9, \u0159ekn\u011bme, minim\u00e1ln\u011b t\u0159i dny, optim\u00e1ln\u011b t\u00fdden, tak se v\u0161echna ta stadia t\u00e9 z\u00e1ko\u017eky svrabov\u00e9 zni\u010d\u00ed. \u010cili to je vysoce \u00fa\u010dinn\u00e9 a v\u0161echno ostatn\u00ed, co je prateln\u00e9, tak se d\u00e1 do pra\u010dky, mus\u00ed to b\u00fdt na v\u00edce jak 60 stup\u0148\u016f a v tu chv\u00edli to samoz\u0159ejm\u011b tu z\u00e1ko\u017eku a jej\u00ed v\u00fdvojov\u00e1 stadia zahub\u00ed. <\/p>\n\n\n\n<p><strong> moder\u00e1torka<\/strong> Tak\u017ee l\u016f\u017ekoviny, oble\u010den\u00ed, v\u0161echno. A jak se te\u010f hodn\u011b mluv\u00ed o svrabu a jsou taky na internetu r\u016fzn\u00e9 diskuze, tak tam taky n\u011bkdo psal, \u017ee se doporu\u010duje opustit ten byt \u00fapln\u011b t\u0159eba na t\u00fdden. Nev\u00edm te\u010f p\u0159esn\u011b, nakolik tam bylo dn\u00ed, \u017ee prost\u011b ta z\u00e1ko\u017eka nebude m\u00edt se \u010d\u00edm \u017eivit, tak\u017ee tam pom\u0159e. <\/p>\n\n\n\n<p><strong>mluv\u010d\u00ed 2,<\/strong> No, to ur\u010dit\u011b, ale je dobr\u00e9 pou\u017e\u00edvat ten permethrin k tomu, aby se tam daly n\u011bjak\u00e9 napu\u0161t\u011bn\u00e9 p\u00e1sky, kter\u00e9 by napomohly zv\u00fd\u0161it tu koncentraci, d\u00e1t to do t\u011bch m\u00edst, kde se p\u0159edpokl\u00e1d\u00e1, \u017ee by ten parazit mohl b\u00fdt a opustit ho, tak to ur\u010dit\u011b velmi, velmi pom\u016f\u017ee. <\/p>\n\n\n\n<p><strong>moder\u00e1torka<\/strong> Ale hlavn\u011b vyprat pr\u00e1dlo, ru\u010dn\u00edky, l\u016f\u017ekoviny, oble\u010den\u00ed, ply\u0161\u00e1ky, zajistit ba\u010dko, zajistit v\u0161echno, v\u0161echno. A kdo m\u00e1 su\u0161i\u010dku, tak je to\u010dku. <\/p>\n\n\n\n<p><strong>mluv\u010d\u00ed 2,<\/strong> Tak to samoz\u0159ejm\u011b jde, ale skute\u010dn\u011b je pot\u0159eba myslet na v\u0161echno, kde by ten parazit mohl b\u00fdt. To znamen\u00e1 matrace, povlaky t\u011bch matrac\u00ed, je pot\u0159eba j\u00edt v\u0161ude, kde ta z\u00e1ko\u017eka m\u016f\u017ee p\u0159e\u017e\u00edvat. <\/p>\n\n\n\n<p><strong> moder\u00e1torka<\/strong> Tak doufejme, \u017ee n\u00e1s to nepotk\u00e1, \u017ee nebudeme muset likvidovat takov\u00e9hle \u0161k\u016fdce. Prof. Ji\u0159\u00ed Beran z Centra o\u010dkov\u00e1n\u00ed a cestovn\u00ed medic\u00edny v Hradci Kr\u00e1lov\u00e9 byl na\u0161\u00edm hostem. D\u011bkujeme moc za n\u00e1v\u0161t\u011bvu a t\u011b\u0161\u00edme se na sly\u0161enou. <\/p>\n\n\n\n<p><\/p>\n\n\n\n<p><\/p>\n","protected":false},"excerpt":{"rendered":"<div class=\"mh-excerpt\"><p>\u010cRo na\u0161\u00edm hostem prof. Ji\u0159\u00ed Beran z Centra o\u010dkov\u00e1n\u00ed cestovn\u00ed medic\u00edny v Hradci Kr\u00e1lov\u00e9, odborn\u00edk i na problematiku o\u010dkov\u00e1n\u00ed. A my se dnes budeme bavit <a class=\"mh-excerpt-more\" href=\"https:\/\/www.invarena.cz\/?p=60318\" title=\"Pod\u00e1n\u00edm ruky se svrab prakticky nep\u0159enese\">[&#8230;]<\/a><\/p>\n<\/div>","protected":false},"author":1,"featured_media":16664,"comment_status":"open","ping_status":"closed","sticky":false,"template":"","format":"standard","meta":{"footnotes":""},"categories":[11],"tags":[],"class_list":["post-60318","post","type-post","status-publish","format-standard","has-post-thumbnail","hentry","category-zdravi"],"_links":{"self":[{"href":"https:\/\/www.invarena.cz\/index.php?rest_route=\/wp\/v2\/posts\/60318","targetHints":{"allow":["GET"]}}],"collection":[{"href":"https:\/\/www.invarena.cz\/index.php?rest_route=\/wp\/v2\/posts"}],"about":[{"href":"https:\/\/www.invarena.cz\/index.php?rest_route=\/wp\/v2\/types\/post"}],"author":[{"embeddable":true,"href":"https:\/\/www.invarena.cz\/index.php?rest_route=\/wp\/v2\/users\/1"}],"replies":[{"embeddable":true,"href":"https:\/\/www.invarena.cz\/index.php?rest_route=%2Fwp%2Fv2%2Fcomments&post=60318"}],"version-history":[{"count":0,"href":"https:\/\/www.invarena.cz\/index.php?rest_route=\/wp\/v2\/posts\/60318\/revisions"}],"wp:featuredmedia":[{"embeddable":true,"href":"https:\/\/www.invarena.cz\/index.php?rest_route=\/wp\/v2\/media\/16664"}],"wp:attachment":[{"href":"https:\/\/www.invarena.cz\/index.php?rest_route=%2Fwp%2Fv2%2Fmedia&parent=60318"}],"wp:term":[{"taxonomy":"category","embeddable":true,"href":"https:\/\/www.invarena.cz\/index.php?rest_route=%2Fwp%2Fv2%2Fcategories&post=60318"},{"taxonomy":"post_tag","embeddable":true,"href":"https:\/\/www.invarena.cz\/index.php?rest_route=%2Fwp%2Fv2%2Ftags&post=60318"}],"curies":[{"name":"wp","href":"https:\/\/api.w.org\/{rel}","templated":true}]}}