{"id":60324,"date":"2025-08-27T04:42:22","date_gmt":"2025-08-27T02:42:22","guid":{"rendered":"https:\/\/www.invarena.cz\/?p=60324"},"modified":"2025-08-27T04:42:56","modified_gmt":"2025-08-27T02:42:56","slug":"namisto-prazdnin-operacni-sal","status":"publish","type":"post","link":"https:\/\/www.invarena.cz\/?p=60324","title":{"rendered":"M\u00edsto pr\u00e1zdnin opera\u010dn\u00ed s\u00e1l"},"content":{"rendered":"\n<p>Letn\u00ed chirurgick\u00e1 akademie v jabloneck\u00e9 nemocnici p\u0159il\u00e1kala des\u00edtky medik\u016f<\/p>\n\n\n\n<p>Pr\u00e1zdniny na opera\u010dn\u00edm s\u00e1le pro\u017e\u00edvaj\u00ed studenti medic\u00edny v nemocnici<br \/>v Jablonci nad Nisou. Ta letos poprv\u00e9 spustila letn\u00ed chirurgickou akademii, kde si medici na vlastn\u00ed<br \/>k\u016f\u017ei zkou\u0161\u00ed ka\u017edodenn\u00ed chod odd\u011blen\u00ed i z\u00e1kroky na s\u00e1le. C\u00edlem je p\u0159ibl\u00ed\u017eit jim b\u011b\u017enou pr\u00e1ci chirurga<br \/>a tak\u00e9 uk\u00e1zat, \u017ee \u0161pi\u010dkov\u00e1 medic\u00edna se ned\u011bl\u00e1 jen ve fakultn\u00edch nemocnic\u00edch. V Jablonci tak cht\u011bj\u00ed<br \/>oslovit budouc\u00ed mlad\u00e9 l\u00e9ka\u0159sk\u00e9 nad\u011bje, aby se po studiu staly posilou jejich chirurgick\u00e9ho t\u00fdmu.<\/p>\n\n\n\n<p><br \/>Studenti medic\u00edny si mohou b\u011bhem l\u00e9ta vyzkou\u0161et chirurgii v praxi, a to d\u00edky chirurgick\u00e9 akademii<br \/>v jabloneck\u00e9 nemocnici. Medici z posledn\u00edho ro\u010dn\u00edku proch\u00e1zej\u00ed intenzivn\u00ed desetidenn\u00ed st\u00e1\u017e\u00ed, ti mlad\u0161\u00ed<br \/>absolvuj\u00ed zkr\u00e1cenou t\u0159\u00eddenn\u00ed verzi. Ka\u017ed\u00fd den tr\u00e1v\u00ed na jin\u00e9m chirurgick\u00e9m pracovi\u0161ti \u2013 na opera\u010dn\u00edm<br \/>s\u00e1le, v ambulanci i na l\u016f\u017ekov\u00e9m odd\u011blen\u00ed. Sleduj\u00ed pr\u016fb\u011bh z\u00e1krok\u016f, asistuj\u00ed p\u0159i operac\u00edch, p\u0159ich\u00e1zej\u00ed do<br \/>kontaktu s pacienty nebo tr\u00e9nuj\u00ed na laparoskopick\u00e9m trena\u017e\u00e9ru. <\/p>\n\n\n\n<p>\u201eNecht\u011bli jsme j\u00edt cestou z\u00e1\u017eitkov\u00fdch workshop\u016f, kter\u00e9 ned\u00e1vaj\u00ed student\u016fm medic\u00edny \u017e\u00e1dn\u00fd smysl. Neukazujeme jen atraktivn\u00ed \u010d\u00e1sti operac\u00ed na s\u00e1lech. Student\u016fm p\u0159edstavujeme re\u00e1ln\u00fd chod chirurgick\u00e9ho odd\u011blen\u00ed a komplexn\u00ed pr\u00e1ci chirurga na n\u011bm, tedy v\u010detn\u011b pr\u00e1ce na ambulanci, kde se setk\u00e1vaj\u00ed s \u0161irok\u00fdm spektrem chirurgick\u00fdch v\u00fdkon\u016f. Sezn\u00e1m\u00ed se tak\u00e9 s poopera\u010dn\u00ed p\u00e9\u010d\u00ed na odd\u011blen\u00ed. Pr\u00e1v\u011b tyto zku\u0161enosti jsou pro v\u011bt\u0161inu z nich nejcenn\u011bj\u0161\u00ed,\u201c \u0159\u00edk\u00e1 Mgr. Pavel Kure\u0161, vedouc\u00ed person\u00e1ln\u00edho odboru. <br \/>\u201eV\u00edme, \u017ee p\u0159i b\u011b\u017en\u00fdch prax\u00edch v r\u00e1mci studia v\u0161eobecn\u00e9ho l\u00e9ka\u0159stv\u00ed mnohdy nen\u00ed \u010das v\u011bnovat se medik\u016fm intenzivn\u011bji, mnohdy m\u00ed\u0159\u00ed jejich z\u00e1jem p\u0159irozen\u011b i k jin\u00fdm obor\u016fm. Tato akademie d\u00e1v\u00e1 v\u011bt\u0161\u00ed prostor t\u011bm, kte\u0159\u00ed to s chirurgi\u00ed mysl\u00ed v\u00e1\u017en\u011b,\u201c dod\u00e1v\u00e1.<br \/><br \/>Prvn\u00ed \u00fa\u010dastn\u00edci u\u017e maj\u00ed akademii za sebou a hodnot\u00ed ji jako cennou zku\u0161enost. \u201eSt\u00e1\u017e pro m\u011b byla<br \/>opravdu p\u0159\u00ednosn\u00e1. V\u011bt\u0161inu \u010dasu jsem str\u00e1vil na ambulanci a na s\u00e1le, kde jsem asistoval p\u0159i \u0161irok\u00e9m<br \/>spektru p\u0159edev\u0161\u00edm laparoskopick\u00fdch v\u00fdkon\u016f. M\u011bl jsem tak\u00e9 mo\u017enost vyzkou\u0161et si laparoskopick\u00fd<br \/>trena\u017e\u00e9r,\u201c hodnot\u00ed Petr Holub, \u010derstv\u00fd absolvent L\u00e9ka\u0159sk\u00e9 fakulty Univerzity Karlovy v Plzni, kter\u00fd se<br \/>st\u00e1\u017ee v Jablonci nad Nisou p\u0159ed ned\u00e1vnem z\u00fa\u010dastnil.<br \/><br \/>Z\u00e1jem medik\u016f o letn\u00ed chirurgickou akademii p\u0159ed\u010dil o\u010dek\u00e1v\u00e1n\u00ed. B\u011bhem n\u011bkolika dn\u016f od spu\u0161t\u011bn\u00ed<br \/>registrace se p\u0159ihl\u00e1silo t\u00e9m\u011b\u0159 t\u0159icet student\u016f z r\u016fzn\u00fdch l\u00e9ka\u0159sk\u00fdch fakult. Kv\u016fli omezen\u00e9 kapacit\u011b<br \/>musela nemocnice p\u0159ihla\u0161ov\u00e1n\u00ed uzav\u0159\u00edt d\u0159\u00edve. Aby mohla vyhov\u011bt co nejv\u00edce z\u00e1jemc\u016fm, rozprost\u0159ela<br \/>akademii do cel\u00e9ho l\u00e9ta a program pob\u011b\u017e\u00ed a\u017e do konce z\u00e1\u0159\u00ed. \u201eT\u011b\u0161\u00ed n\u00e1s, \u017ee jsme p\u0159il\u00e1kali studenty i bez<br \/>pot\u0159eby atraktivn\u00edch inscenovan\u00fdch v\u00fdkon\u016f. Medici k n\u00e1m p\u0159ich\u00e1zej\u00ed s up\u0159\u00edmn\u00fdm z\u00e1jmem poznat, jak<br \/>u n\u00e1s vypad\u00e1 b\u011b\u017en\u00fd den chirurga. Cht\u011bj\u00ed vid\u011bt realitu, do kter\u00e9 sami brzy nastoup\u00ed. A pr\u00e1v\u011b to jim<br \/>nab\u00edz\u00edme,\u201c \u0159\u00edk\u00e1 Kure\u0161.<br \/><\/p>\n\n\n\n<p> Zku\u0161enosti z akademie tak neslou\u017e\u00ed jen k rozvoji praktick\u00fdch dovednost\u00ed, ale<br \/>i k lep\u0161\u00edmu rozhodov\u00e1n\u00ed se o budouc\u00edm zam\u011b\u0159en\u00ed specializace. Veden\u00ed nemocnice chce mlad\u00fdm<br \/>l\u00e9ka\u0159\u016fm tak\u00e9 uk\u00e1zat, \u017ee chirurgie nen\u00ed jen pro mu\u017ee. Studentky dnes sice na l\u00e9ka\u0159sk\u00fdch fakult\u00e1ch<br \/>p\u0159eva\u017euj\u00ed, ale od chirurgie je \u010dasto odrazuje pov\u011bst \u010dasov\u011b n\u00e1ro\u010dn\u00e9ho a m\u00e1lo flexibiln\u00edho oboru.<br \/>\u201eChirurgie je pestr\u00e1 a pln\u00e1 mo\u017enost\u00ed \u2013 nejen pro operat\u00e9ry, ale i pro operat\u00e9rky. Nab\u00edz\u00ed r\u016fzn\u00e9<br \/>specializace a d\u00e1 se skloubit s rodinn\u00fdm \u017eivotem,\u201c \u0159\u00edk\u00e1 Kure\u0161. Nemocnice v Jablonci nad Nisou nav\u00edc<br \/>akademii vn\u00edm\u00e1 jako zp\u016fsob, jak p\u0159edstavit nejen sv\u00e9 pracovi\u0161t\u011b, ale i cel\u00fd region.<\/p>\n\n\n\n<p> \u201eMedici u n\u00e1s vid\u00ed, \u017ee kvalitn\u00ed chirurgie se ned\u011bl\u00e1 jen ve fakultn\u00edch nemocnic\u00edch. I men\u0161\u00ed nemocnice jako je ta na\u0161e, m\u016f\u017ee nab\u00eddnout \u0161pi\u010dkov\u00e9 z\u00e1zem\u00ed, t\u00fdmovou spolupr\u00e1ci a odborn\u00fd r\u016fst,\u201c \u0159\u00edk\u00e1 MUDr. Tom\u00e1\u0161 Vacek, <br \/>n\u00e1m\u011bstek pro l\u00e9ka\u0159skou p\u00e9\u010di v Nemocnici Jablonec nad Nisou. \u201eV\u011b\u0159\u00edme, \u017ee kdy\u017e mlad\u00ed l\u00e9ka\u0159i poznaj\u00ed<br \/>n\u00e1\u0161 t\u00fdm, prost\u0159ed\u00ed nemocnice a t\u0159eba i to, jak se \u017eije v Jablonci a jeho okol\u00ed, budou o p\u016fsoben\u00ed<br \/>v na\u0161em regionu uva\u017eovat.\u201c<\/p>\n\n\n\n<p>Letn\u00ed chirurgick\u00e1 akademie vznikla ve spolupr\u00e1ci s port\u00e1lem Pracuj ve zdravotnictv\u00ed, kter\u00fd propojuje<br \/>mediky, l\u00e9ka\u0159e a nel\u00e9ka\u0159e s kvalitn\u00edmi pracovn\u00edmi p\u0159\u00edle\u017eitostmi nap\u0159\u00ed\u010d \u010ceskou republikou. D\u00edky<br \/>modern\u00edm n\u00e1stroj\u016fm port\u00e1lu maj\u00ed \u017eadatel\u00e9 mo\u017enost nejen naj\u00edt atraktivn\u00ed st\u00e1\u017ee, ale i hodnotit<br \/>jednotliv\u00e1 za\u0159\u00edzen\u00ed, a sd\u00edlet tak sv\u00e9 zku\u0161enosti s vrstevn\u00edky. \u201eT\u011b\u0161\u00ed n\u00e1s, \u017ee jsme pomohli nemocnici<br \/>oslovit mediky a mlad\u00e9 l\u00e9ka\u0159e, kte\u0159\u00ed maj\u00ed opravdov\u00fd z\u00e1jem o chirurgii a cht\u011bj\u00ed poznat jej\u00ed ka\u017edodenn\u00ed<br \/>realitu. B\u011bhem dev\u00edti dn\u016f od zve\u0159ejn\u011bn\u00ed nab\u00eddky se p\u0159ihl\u00e1silo 24 z\u00e1jemc\u016f, z nich\u017e dev\u011bt byli \u010derstv\u00ed<br \/>absolventi,\u201c \u0159\u00edk\u00e1 Ing. Lucie Ko\u0161anov\u00e1, DiS., marketingov\u00e1 mana\u017eerka platformy Medical Insider, kter\u00e1<br \/>port\u00e1l provozuje. \u201eSpole\u010dn\u011b s jabloneckou nemocnic\u00ed p\u0159ipravujeme dal\u0161\u00ed roz\u0161\u00ed\u0159en\u00ed akademie, a to jak<br \/>z hlediska jej\u00edho praktick\u00e9ho dopadu, tak i pos\u00edlen\u00ed marketingov\u00e9 komunikace sm\u011brem ke komunit\u011b<br \/>medik\u016f,\u201c dod\u00e1v\u00e1.<\/p>\n","protected":false},"excerpt":{"rendered":"<div class=\"mh-excerpt\"><p>Letn\u00ed chirurgick\u00e1 akademie v jabloneck\u00e9 nemocnici p\u0159il\u00e1kala des\u00edtky medik\u016f Pr\u00e1zdniny na opera\u010dn\u00edm s\u00e1le pro\u017e\u00edvaj\u00ed studenti medic\u00edny v nemocniciv Jablonci nad Nisou. Ta letos poprv\u00e9 spustila <a class=\"mh-excerpt-more\" href=\"https:\/\/www.invarena.cz\/?p=60324\" title=\"M\u00edsto pr\u00e1zdnin opera\u010dn\u00ed s\u00e1l\">[&#8230;]<\/a><\/p>\n<\/div>","protected":false},"author":1,"featured_media":58533,"comment_status":"open","ping_status":"closed","sticky":false,"template":"","format":"standard","meta":{"footnotes":""},"categories":[9],"tags":[],"class_list":["post-60324","post","type-post","status-publish","format-standard","has-post-thumbnail","hentry","category-zpravy"],"_links":{"self":[{"href":"https:\/\/www.invarena.cz\/index.php?rest_route=\/wp\/v2\/posts\/60324","targetHints":{"allow":["GET"]}}],"collection":[{"href":"https:\/\/www.invarena.cz\/index.php?rest_route=\/wp\/v2\/posts"}],"about":[{"href":"https:\/\/www.invarena.cz\/index.php?rest_route=\/wp\/v2\/types\/post"}],"author":[{"embeddable":true,"href":"https:\/\/www.invarena.cz\/index.php?rest_route=\/wp\/v2\/users\/1"}],"replies":[{"embeddable":true,"href":"https:\/\/www.invarena.cz\/index.php?rest_route=%2Fwp%2Fv2%2Fcomments&post=60324"}],"version-history":[{"count":0,"href":"https:\/\/www.invarena.cz\/index.php?rest_route=\/wp\/v2\/posts\/60324\/revisions"}],"wp:featuredmedia":[{"embeddable":true,"href":"https:\/\/www.invarena.cz\/index.php?rest_route=\/wp\/v2\/media\/58533"}],"wp:attachment":[{"href":"https:\/\/www.invarena.cz\/index.php?rest_route=%2Fwp%2Fv2%2Fmedia&parent=60324"}],"wp:term":[{"taxonomy":"category","embeddable":true,"href":"https:\/\/www.invarena.cz\/index.php?rest_route=%2Fwp%2Fv2%2Fcategories&post=60324"},{"taxonomy":"post_tag","embeddable":true,"href":"https:\/\/www.invarena.cz\/index.php?rest_route=%2Fwp%2Fv2%2Ftags&post=60324"}],"curies":[{"name":"wp","href":"https:\/\/api.w.org\/{rel}","templated":true}]}}