{"id":60370,"date":"2025-08-30T07:29:00","date_gmt":"2025-08-30T05:29:00","guid":{"rendered":"https:\/\/www.invarena.cz\/?p=60370"},"modified":"2025-08-30T07:31:23","modified_gmt":"2025-08-30T05:31:23","slug":"60370","status":"publish","type":"post","link":"https:\/\/www.invarena.cz\/?p=60370","title":{"rendered":"V\u011bra Strba\u010dkov\u00e1 na p\u00f3di\u00edch i studi\u00edch"},"content":{"rendered":"\n<p><\/p>\n\n\n\n<p>Dne\u0161n\u00ed letn\u00ed dopoledne s \u010cesk\u00fdm rozhlasem Zl\u00edn pat\u0159\u00ed pov\u00edd\u00e1n\u00ed s mladou d\u00edvkou z Huslenek, zp\u011bva\u010dkou, kter\u00e1 se u\u017e n\u011bkolikr\u00e1t p\u0159edstavila nejen na region\u00e1ln\u00edch p\u00f3di\u00edch, ale i n\u011bkolika velk\u00fdch koncertech pro Sv\u011btlu\u0161ku s V\u011brkou Strba\u010dkovou. Ale V\u011brka je i vysoko\u0161kola\u010dka, a tak si budeme te\u010f pov\u00eddat trochu i o studi\u00edch.<\/p>\n\n\n\n<p> V\u011brko, ty jsi vlastn\u011b minul\u00fd rok zah\u00e1jila sv\u00e9 studium na univerzit\u011b v Brn\u011b, na Masarykov\u011b univerzit\u011b. Jak vlastn\u011b velk\u00fd \u017eivotn\u00ed krok to pro tebe byl? <\/p>\n\n\n\n<p><strong>mluv\u010d\u00ed 9,<\/strong> Byl to pro m\u011b obrovsk\u00fd \u017eivotn\u00ed krok, proto\u017ee jsem se z vesnice a z mal\u00e9ho m\u011bsta vydala do velk\u00e9ho m\u011bsta, najednou jsem musela za\u010d\u00edt bydlet sama a celkov\u011b se o sebe v\u00edc starat sama, i kdy\u017e rodi\u010de m\u011b moc podporuj\u00ed. Ale bylo to opravdu takov\u00e1 velk\u00e1 \u017eivotn\u00ed zm\u011bna. Asi jako ka\u017ed\u00e9ho. <\/p>\n\n\n\n<p><strong>mluv\u010d\u00ed 8,<\/strong> J\u00e1, kdy\u017e jsem letos v l\u00e9t\u011b vlastn\u011b proj\u00ed\u017ed\u011bla na kole huslenkami, tak jsem si \u0159\u00edkala, jak tam je n\u00e1dhern\u011b a jsem si na tebe vzpomn\u011bla, \u017ee to je vlastn\u011b tvoje rodn\u00e1 obec. Opravdu kr\u00e1sn\u00e1 vala\u0161sk\u00e1 p\u0159\u00edroda, takov\u00fd klid, pohoda. A jak\u00e9 to bylo najednou to zam\u011bnit za velk\u00e9 m\u011bsto? Za Brno. <\/p>\n\n\n\n<p><strong>mluv\u010d\u00ed 9,<\/strong> No, j\u00e1 m\u00e1m m\u011bsta r\u00e1da, proto\u017ee mi nab\u00edzej\u00ed i v\u00edc p\u0159\u00edle\u017eitost\u00ed k tomu, abych se mohla n\u011bjak sama v nich pohybovat a realizovat. Z\u00e1rove\u0148 je tam hodn\u011b kav\u00e1ren a j\u00e1 m\u00e1m r\u00e1da kav\u00e1rny, tak\u017ee pro m\u011b to nebylo a\u017e tak jako negativn\u00ed, proto\u017ee pro m\u011b vlastn\u011b na t\u00e9 vesnici je to ob\u010das n\u00e1ro\u010dn\u011bj\u0161\u00ed ne\u017e ve m\u011bst\u011b, i kdy\u017e v\u011b\u0159\u00edm nebo souhlas\u00edm s t\u00edm, \u017ee ta p\u0159\u00edroda je kr\u00e1sn\u00e1.<\/p>\n\n\n\n<p><strong>mluv\u010d\u00ed 8,<\/strong> Rozum\u00edm, abysme tro\u0161ku i mo\u017en\u00e1 porozum\u011bli sv\u011btu, ve kter\u00e9m vlastn\u011b nevidom\u00ed se pohybuj\u00ed. Tak co bys t\u0159eba tak zm\u00ednila, \u017ee t\u011b vlastn\u011b v tom Brn\u011b pom\u00e1h\u00e1 t\u0159eba jen takov\u00e9 z\u00e1kladn\u00ed v\u011bci. <\/p>\n\n\n\n<p><strong>mluv\u010d\u00ed 9,<\/strong> Tak ur\u010dit\u011b v ty ulice vlastn\u011b jsou upraven\u00e9 v\u017edycky p\u0159ed p\u0159echodem, t\u0159eba jsou takov\u00e9 upraven\u00e1 speci\u00e1ln\u00ed dla\u017eba, to m\u016f\u017eete vid\u011bt i t\u0159eba ve Zl\u00edn\u011b nebo i v men\u0161\u00edch m\u011bstech, kde tam je takov\u00fd p\u00e1s, kter\u00fd m\u011b, kdy\u017e jdu s b\u00edlou hol\u00ed, navede p\u0159\u00edmo k tomu p\u0159echodu nebo taky ve m\u011bst\u011b jsou takov\u00e9 speci\u00e1ln\u00ed maj\u00e1\u010dky, kter\u00e9 kdy\u017e pou\u017eiju takovou vys\u00edla\u010dku, tak mi t\u0159eba ozn\u00e1m\u00ed n\u011bco, pokud tam je n\u011bco nahran\u00e9 nebo mi pr\u00e1v\u011b spust\u00ed to \u0165uk\u00e1n\u00ed na p\u0159echodu, tak to je takov\u00e1 velk\u00e1 v\u011bc, co mi pom\u00e1h\u00e1. <\/p>\n\n\n\n<p><strong>mluv\u010d\u00ed 8,<\/strong> To je v\u00fdborn\u00e1, je vlastn\u011b te\u010f u\u017e spousta takov\u00fdch technologick\u00fdch mo\u017enost\u00ed, jak trochu usnadnit \u017eivot a je k tomu i univerzita uzp\u016fsoben\u00e1. M\u00e1\u0161 tam vlastn\u011b takovou pomoc n\u011bjakou. <\/p>\n\n\n\n<p><strong>mluv\u010d\u00ed 9,<\/strong> Ano, p\u0159i univerzit\u011b vlastn\u011b funguje st\u0159edisko tyresias, co\u017e je pracovi\u0161t\u011b univerzity, kter\u00e9 zaji\u0161\u0165uje pr\u00e1v\u011b p\u0159\u00edstupnost v\u00fduky i t\u0159eba zkou\u0161ek pro studenty se specifick\u00fdmi pot\u0159ebami. A oni m\u011b pr\u00e1v\u011b u\u010d\u00ed trasy nebo mi p\u0159izp\u016fsobuj\u00ed testy do, do elektronick\u00e9 podoby nebo i u\u010debnice r\u016fzn\u00e9 knihy, tak\u017ee bez nich by to opravdu nebylo mo\u017en\u00e9 to studium. A stra\u0161n\u011b si v\u00e1\u017e\u00edm toho, \u017ee m\u011b tak podporuj\u00ed.<\/p>\n\n\n\n<p><strong>mluv\u010d\u00ed 8,<\/strong> Tak\u017ee m\u00e1\u0161 t\u0159eba i takovou svou vlastn\u00edlici v knihovn\u011b nebo cel\u00e9 reg\u00e1ly. <\/p>\n\n\n\n<p><strong>mluv\u010d\u00ed 9,<\/strong> V takov\u00e9 virtu\u00e1ln\u00ed knihovn\u011b, ale ano, m\u00e1m vlastn\u011b n\u011bco takovou virtu\u00e1ln\u00ed knihovnu, ve kter\u00e9 m\u016f\u017eu si st\u00e1hnout \u00fapln\u011b cokoliv a pokud je t\u0159eba n\u011bco, co tam je\u0161t\u011b nen\u00ed, tak m\u016f\u017eu napsat pan\u00ed knihovnici a ona mi to uprav\u00ed. <\/p>\n\n\n\n<p><strong>mluv\u010d\u00ed 8,<\/strong> A V\u011brko, \u0159\u00edkala si, \u017ee m\u00e1\u0161 r\u00e1da kav\u00e1rny, ale jsi studijn\u00ed typ, tak v\u011b\u0159\u00edm, \u017ee m\u00e1\u0161 r\u00e1da i studovny a knihovny, co m\u00e1\u0161 rad\u0161i, kde tr\u00e1v\u00ed\u0161 v\u00edc \u010dasu.<\/p>\n\n\n\n<p> <strong>mluv\u010d\u00ed 9,<\/strong> Asi v kav\u00e1rn\u00e1ch? Proto\u017ee t\u00edm, \u017ee bydl\u00edm sama, nem\u00e1m spolubydl\u00edc\u00ed, tak se m\u016f\u017eu u\u010dit doma a m\u00e1m tam na to klid, tak\u017ee nemus\u00edm \u00fapln\u011b vyu\u017e\u00edvat tady ty studovny. <\/p>\n\n\n\n<p><strong>mluv\u010d\u00ed 8,<\/strong> \u0158\u00edkala si, \u017ee bydl\u00ed\u0161 sama, tak\u017ee vlastn\u011b si to zvl\u00e1dla. Takov\u00e9 osamostatn\u011bn\u00ed od rodiny. <\/p>\n\n\n\n<p><strong>mluv\u010d\u00ed 9,<\/strong> Ano, ale z\u00e1rove\u0148 bez pomoci rodiny by to po\u0159\u00e1d ne\u0161lo. Ale te\u010fka od z\u00e1\u0159\u00ed bych cht\u011bla nastoupit do kurzu va\u0159en\u00ed a za\u010d\u00edt se u\u010dit va\u0159it.<\/p>\n\n\n\n<p><strong>mluv\u010d\u00ed 8,<\/strong> To je skv\u011bl\u00e9, tak\u017ee to je takov\u00e1 v\u011bc, kter\u00e1 t\u011b te\u010f \u010dek\u00e1, pustit se do kulin\u00e1\u0159sk\u00e9ho um\u011bn\u00ed. <\/p>\n\n\n\n<p><strong>mluv\u010d\u00ed 9,<\/strong> Je to tak. <\/p>\n\n\n\n<p><strong>mluv\u010d\u00ed 8,<\/strong> A mysl\u00ed\u0161, \u017ee bude\u0161 r\u00e1da va\u0159it? R\u00e1da va\u0159\u00ed\u0161 t\u0159eba doma s m\u00e1mou? <\/p>\n\n\n\n<p><strong>mluv\u010d\u00ed 9,<\/strong> Mysl\u00edm si, \u017ee m\u011b to bude bavit, j\u00e1 r\u00e1da j\u00edm a k tomu, aby \u010dlov\u011bk mohl j\u00edst, tak si mus\u00ed n\u011bco uva\u0159it. A je pravda, \u017ee i mamce r\u00e1da doma ob\u010das pom\u00e1h\u00e1m, tak\u017ee v\u011b\u0159\u00edm, \u017ee to p\u016fjde. <\/p>\n\n\n\n<p><strong>mluv\u010d\u00ed 8,<\/strong> Jak rychle jsme se od studia dostali k j\u00eddlu, v\u011bt\u011b. Ono to tak\u00e9 \u010dasto b\u00fdv\u00e1 v konverzac\u00edch, kdy\u017e si pov\u00edd\u00e1me s p\u0159\u00e1teli. Ale poj\u010fme je\u0161t\u011b chvili\u010dku k t\u011bm studi\u00edm. J\u00e1 si \u0159\u00edk\u00e1m, \u017ee, proto\u017ee ty m\u00e1\u0161 p\u0159ed sebou druh\u00fd ro\u010dn\u00edk soci\u00e1ln\u00ed pedagogiky na Masarykov\u011b univerzit\u011b v Brn\u011b. Jak\u00e9 m\u00e1\u0161 vlastn\u011b te\u010fka p\u0159ed za\u010d\u00e1tkem semestru? Pocity, co t\u011b \u010dek\u00e1? V\u00ed\u0161 u\u017e t\u0159eba, jak\u00e9 bude\u0161 m\u00edt p\u0159edm\u011bty?<\/p>\n\n\n\n<p><strong>mluv\u010d\u00ed 9,<\/strong> V\u00edm, u\u017e tak n\u011bjak pomalu si ten rozvrh sestavuju a d\u00e1v\u00e1m do kupy a jsem trochu nerv\u00f3zn\u00ed, proto\u017ee m\u011b \u010dek\u00e1 takov\u00e1 v\u011bt\u0161\u00ed ro\u010dn\u00edkov\u00e1 pr\u00e1ce, kterou budu muset napsat v p\u0159\u00ed\u0161t\u00edm semestru, tak\u017ee jsem zv\u011bdav\u00e1, ale z\u00e1rove\u0148 tam m\u00e1m spoustu takov\u00fdch zaj\u00edmav\u00fdch p\u0159edm\u011bt\u016f, jako t\u0159eba komunikace v krizov\u00e9m poradenstv\u00ed a takov\u00e9, tak\u017ee na to se t\u011b\u0161\u00edm, tak\u017ee pocity jsou tradi\u010dn\u011b sm\u00ed\u0161en\u00e9.<\/p>\n\n\n\n<p> <strong>mluv\u010d\u00ed 2,<\/strong> A V\u011brko, napl\u0148uje to studium tvoje o\u010dek\u00e1v\u00e1n\u00ed? Jako ty si zvolilas vlastn\u011b soci\u00e1ln\u00ed pedagogiku? V\u00ed\u0161, u\u017e \u010d\u00edm bude\u0161 a \u0159\u00edk\u00e1\u0161 si, ano, to studium bylo dobr\u00e1 volba.<\/p>\n\n\n\n<p> <strong>mluv\u010d\u00ed 1,<\/strong> To studium je skv\u011bl\u00e9 pr\u00e1v\u011b proto, \u017ee mi d\u00e1v\u00e1 mo\u017enost se kdykoliv rozhodnout, co chci d\u011blat, vyzkou\u0161et si pr\u00e1ci s jakoukoliv skupinou mo\u017en\u00fdch klient\u016f, v \u010dem\u017e je to super a t\u00edm p\u00e1dem jakoby m\u00e1m u\u017e n\u011bjak\u00e9 pl\u00e1ny, cht\u011bla bych si ud\u011blat Kurz krizov\u00e9 intervence, ale to studium mi d\u00e1v\u00e1 prostor to kdykoliv je\u0161t\u011b zm\u011bnit, anebo pod t\u00edhou n\u011bjak\u00e9 zku\u0161enosti zjistit, \u017ee vlastn\u011b chci j\u00edt jinam, v \u010dem\u017e se mi to l\u00edb\u00ed. <\/p>\n\n\n\n<p><strong>mluv\u010d\u00ed 2,<\/strong> \u0158\u00edk\u00e1 V\u011bra Strba\u010dkov\u00e1, mil\u00e1 mlad\u00e1 d\u00e1ma, kter\u00e1 d\u011bl\u00e1 spoustu zaj\u00edmav\u00fdch v\u011bc\u00ed, m\u00e1 skv\u011bl\u00e9 studijn\u00ed pl\u00e1ny, neboj\u00ed se toho, do v\u0161eho se pust\u00ed a krom\u011b toho i zp\u00edv\u00e1. S V\u011brkou si budeme pov\u00eddat zase za chv\u00edli.  \u010cesk\u00fd rozhlas Zl\u00edn, r\u00e1dio va\u0161eho kraje. <\/p>\n\n\n\n<p><strong>mluv\u010d\u00ed 2,<\/strong> Ve studiu je se mnou dnes V\u011bra Strba\u010dkov\u00e1 z Husslanek, studentka, zp\u011bva\u010dka t\u00e1borov\u00e1, vedouc\u00ed, prost\u011b inspirativn\u00ed mlad\u00e1 d\u00edvka. A j\u00e1 jsem si i vzpomn\u011bla pr\u00e1v\u011b na na\u0161e prvn\u00ed setk\u00e1n\u00ed spolu, a to bylo na p\u00f3diu na zl\u00ednsk\u00e9m N\u00e1m\u011bst\u00ed M\u00edru na v\u00e1no\u010dn\u00edm jarmarku. Pov\u00eddali jsme si spolu pro vys\u00edl\u00e1n\u00ed \u010desk\u00e9ho, rozhlasu Zl\u00edn, ale ty si tam taky zp\u00edvala a j\u00e1 na to opravdu nezapomenu, jak jsem t\u011b sly\u0161ela zp\u00edvat, pamatuji si i toto vystoupen\u00ed, proto\u017ee ty, t\u011bch vystoupen\u00ed u\u017e si m\u011bla v \u017eivot\u011b moc. <\/p>\n\n\n\n<p><strong>mluv\u010d\u00ed 1,<\/strong> Ano, tohle bylo moc kr\u00e1sn\u00e9 vystoupen\u00ed, bylo vlastn\u011b na t\u011bch v\u00e1no\u010dn\u00edch trz\u00edch. Je to v\u017edycky takov\u00e9 specifick\u00e9, \u017ee je tam hodn\u011b lid\u00ed, je to nezn\u00e1m\u00e9 publikum, r\u016fzn\u011b se tam ti lid\u00e9 m\u011bn\u00ed, ale j\u00e1 jsem tam m\u011bla kr\u00e1sn\u00e9 reakce od t\u011bch lid\u00ed a moc jsem si to u\u017eila. <\/p>\n\n\n\n<p><strong>mluv\u010d\u00ed 2,<\/strong> Je to pro tebe d\u016fle\u017eit\u00e9 n\u011bkdy sly\u0161et od t\u011bch lid\u00ed, jak t\u011b sly\u0161\u00ed zp\u00edvat, zp\u00edv\u00e1\u0161 i proto, nebo pro\u010d vlastn\u011b zp\u00edv\u00e1\u0161 pro ty lidi nebo pro sebe?<\/p>\n\n\n\n<p><strong>mluv\u010d\u00ed 1,<\/strong> J\u00e1 mysl\u00edm, \u017ee zp\u00edv\u00e1m hlavn\u011b pro lidi a pro jejich radost, ale bav\u00ed to i m\u011b a jak\u00e9koliv reakce v\u017edycky moc r\u00e1da sly\u0161\u00edm, i kdy\u017e to nen\u00ed tak, \u017ee pokud \u017e\u00e1dn\u00e9 nejsou, tak bych z toho byla jako moc ne\u0161\u0165astn\u00e1, ale kdy\u017e, tak m\u011b to dok\u00e1\u017ee hodn\u011b pot\u011b\u0161it a v\u00edm, \u017ee to m\u00e1 n\u011bjak\u00fd smysl. <strong>mluv\u010d\u00ed 2,<\/strong> Jak \u010dasto t\u0159eba te\u010f vystupuje\u0161? Proto\u017ee ty jsi vlastn\u011b sv\u016fj hudebn\u00ed kari\u00e9ru, bych \u0159ekla, za\u010dala tak p\u0159ed 10 lety tu ve\u0159ejnou, d\u00e1 se to tak \u0159\u00edct? <strong>mluv\u010d\u00ed 1,<\/strong> Ano, mysl\u00edm si, \u017ee to je dost p\u0159esn\u00e9. Te\u010f jsem tu hudebn\u00ed kari\u00e9ru tro\u0161i\u010dku uspala. J\u00e1 teda nev\u00edm, jestli to m\u016f\u017eu v\u016fbec naz\u00fdvat kari\u00e9rou, ale n\u011bjak\u00e9 svoje hudebn\u00ed p\u016fsoben\u00ed jsem te\u010f tro\u0161i\u010dku uspala a v\u017edycky se t\u011b\u0161\u00edm na n\u011bjakou mo\u017enost, kter\u00e1 p\u0159ijde, kter\u00e1 se objev\u00ed a nen\u00ed to tak, \u017ee bych n\u011bjak vylo\u017een\u011b si za t\u00edm \u0161la, ale prost\u011b, kdy\u017e se n\u011bco objev\u00ed, tak jsem moc r\u00e1da a r\u00e1da to ud\u011bl\u00e1m. <strong>mluv\u010d\u00ed 2,<\/strong> Ale j\u00e1, kdy\u017e jsem se te\u010f d\u00edvala na tvoje soci\u00e1ln\u00ed s\u00edt\u011b, tak jsem vid\u011bla t\u0159eba te\u010f na podzim si vlastn\u011b byla u koncertu pro Sv\u011btlu\u0161ku ve Vset\u00edn\u011b. Je to tak. <strong>mluv\u010d\u00ed 1,<\/strong> Ano, to je vlastn\u011b ka\u017edoro\u010dn\u00ed sv\u011btlu\u0161\u010d\u00ed b\u011bh, a to je v\u017edycky moc kr\u00e1sn\u00e1 akce.<\/p>\n\n\n\n<p><strong>moder\u00e1torka<\/strong> J\u00e1 jsem \u0159\u00edkala te\u010f na podzim, myslela jsem pr\u00e1v\u011b lo\u0148sk\u00fd podzim 2024 a pl\u00e1nuje\u0161 to i te\u010fka letos.<\/p>\n\n\n\n<p> <strong>mluv\u010d\u00ed 1,<\/strong> Ano, tentokr\u00e1t teda ne z p\u011bveck\u00e9 \u010d\u00e1sti, ale z moder\u00e1torsk\u00e9 \u010d\u00e1sti spole\u010dn\u011b s maminkou, tak na to se t\u011b\u0161\u00edm. <\/p>\n\n\n\n<p><strong>mluv\u010d\u00ed 2,<\/strong> Ano, vid\u011bla jsem pr\u00e1v\u011b fotografii tebe a maminky, dr\u017eely jste v rukou mikrofony a ty tedy nejsi jenom zp\u011bva\u010dka, ale ob\u010das si i tro\u0161ku zamoderuje\u0161. <\/p>\n\n\n\n<p><strong>mluv\u010d\u00ed 1,<\/strong> Ob\u010das se to tak n\u011bjak stane. <\/p>\n\n\n\n<p><strong>mluv\u010d\u00ed 2,<\/strong> V\u00fdborn\u011b a m\u00e1\u0161 p\u0159ed sebou i n\u011bjak\u00fd je\u0161t\u011b konkr\u00e9tn\u00ed p\u011bveck\u00fd pl\u00e1n. <\/p>\n\n\n\n<p><strong>mluv\u010d\u00ed 1,<\/strong> Ano, te\u010f m\u011b v z\u00e1\u0159\u00ed \u010dek\u00e1 vystoupen\u00ed v Brn\u011b, na to se taky moc t\u011b\u0161\u00edm, v\u011b\u0159\u00edm, \u017ee to bude hezk\u00e1 akce, moc zaj\u00edmav\u00e1. <strong>mluv\u010d\u00ed 2,<\/strong> Ty ale V\u011brko, hraje\u0161 i na hudebn\u00ed n\u00e1stroje, na co hraje\u0161?<\/p>\n\n\n\n<p><strong>mluv\u010d\u00ed 1,<\/strong> A na harfu. Nen\u00ed to teda te\u010f \u00fapln\u011b tak aktu\u00e1ln\u00ed. Je to jedna z t\u011bch v\u011bc\u00ed, co jsem te\u010f trochu uspala, ale r\u00e1da bych se k tomu vr\u00e1tila a je to moc kr\u00e1sn\u00fd. N\u00e1stroj, m\u00e1 kr\u00e1sn\u00fd zvuk a je velmi p\u0159\u00edjemn\u00e9 na n\u011bj hr\u00e1t, moc m\u011b to bav\u00ed. <\/p>\n\n\n\n<p><strong>mluv\u010d\u00ed 2,<\/strong> To je kr\u00e1sn\u00e9. Ty se asi opravdu nenud\u00ed\u0161, vi\u010f, co je\u0161t\u011b d\u011bl\u00e1\u0161. Krom\u011b muziky. <\/p>\n\n\n\n<p><strong>mluv\u010d\u00ed 1,<\/strong> Tak velkou sou\u010d\u00e1st\u00ed m\u00e9ho \u017eivota jsou pr\u00e1v\u011b t\u00e1bory a dal\u0161\u00ed akce s organizac\u00ed \u0161iroko, kter\u00e1 p\u0159ipravuje akce pro d\u011bti se zrakov\u00fdm posti\u017een\u00edm. A tam pr\u00e1v\u011b se pod\u00edl\u00edm jako vedouc\u00ed na t\u011bch letn\u00edch t\u00e1borech, anebo i p\u0159es rok na takov\u00e9m krou\u017eku v Brn\u011b pro d\u011bti. <\/p>\n\n\n\n<p><strong>Tereza St\u00fdblov\u00e1, moder\u00e1torka<\/strong> Ano, j\u00e1, kdy\u017e jsem uv\u00e1d\u011bla tento vstup, tak jsem \u0159\u00edkala, \u017ee si i. t\u00e1borov\u00e1 vedouc\u00ed a za\u017eila i si i letos takov\u00fd t\u00e1bor, kde si mohla v\u00e9st d\u011bti.<\/p>\n\n\n\n<p> <strong>mluv\u010d\u00ed 1,<\/strong> Ano, letos to bylo \u00fa\u017easn\u00e9, byli jsme na nov\u00e9m m\u00edst\u011b, ale jako t\u00e9ma jsme m\u011bli Tobi\u00e1\u0161e, Lon nese, co\u017e je moc hezk\u00e1 kniha. A cel\u00fdch 10 dn\u00ed jsme byli na strom\u011b a za\u017e\u00edvali jsme tam r\u016fzn\u00e1 dobrodru\u017estv\u00ed.<\/p>\n\n\n\n<p><strong>mluv\u010d\u00ed 2,<\/strong> To zn\u00ed \u00fapln\u011b kr\u00e1sn\u011b a ty vlastn\u011b takhle i trochu pom\u00e1h\u00e1\u0161 d\u011btem, kter\u00e9 taky jsou nevidom\u00e9 nebo maj\u00ed n\u011bjakou zrakovou vadu. Jak\u00e9 to pro tebe vzpom\u00edn\u00e1\u0161 si t\u0159eba s nimi i na svoje d\u011btstv\u00ed? <\/p>\n\n\n\n<p><strong>mluv\u010d\u00ed 1,<\/strong> Ano, j\u00e1 jsem na tyto t\u00e1bory jezdila u\u017e jako \u00fa\u010dastn\u00edk, pr\u00e1v\u011b zhruba p\u0159ed 10 lety jsem tam za\u010dala jezdit a tak\u017ee pro m\u011b je to n\u011bco jako takov\u00fd m\u016fj skautsk\u00fd odd\u00edl nebo prost\u011b n\u011bco, nen\u00ed to pro m\u011b \u00fapln\u011b dobrovolnictv\u00ed, ale sp\u00ed\u0161 jako m\u016fj odd\u00edl a jsem r\u00e1da, \u017ee te\u010fka m\u016f\u017eu to, co n\u011bkdo d\u011blal d\u0159\u00edv pro n\u00e1s zase d\u011blat pro n\u011bkoho dal\u0161\u00edho.<\/p>\n\n\n\n<p> <strong>Tereza St\u00fdblov\u00e1, moder\u00e1torka<\/strong> Ur\u010dit\u011b tam vede\u0161 spoustu kamar\u00e1d\u016f, kolik m\u00e1\u0161 d\u011bt\u00ed v odd\u00edle? <\/p>\n\n\n\n<p><strong>mluv\u010d\u00ed 1,<\/strong> No, my to nem\u00e1me \u00fapln\u011b rozd\u011blen\u00e9 takhle na odd\u00edly, ale na ty t\u00e1bory n\u00e1m t\u0159eba jezd\u00ed kolem 25 d\u011bt\u00ed a v tom krou\u017eku, kter\u00fd d\u011bl\u00e1me v Brn\u011b, m\u00e1me \u0161est.<\/p>\n\n\n\n<p> <strong>Tereza St\u00fdblov\u00e1, moder\u00e1torka<\/strong> D\u011bt\u00ed a jak jsou vlastn\u011b star\u00e9 d\u011bti, kter\u00e9 vede\u0161. <strong>mluv\u010d\u00ed 1,<\/strong> V tom Brn\u011b? To m\u00e1me na prvn\u00ed a druh\u00fd stupe\u0148, ale na ty t\u00e1bory jezd\u00ed d\u011bti od osmi do t\u0159eba 26 let s t\u00edm, \u017ee ty dosp\u011bl\u00e9 k tomu maj\u00ed t\u0159eba p\u0159idru\u017een\u00e9 n\u011bjak\u00e9 dal\u0161\u00ed posti\u017een\u00ed k tomu zrakov\u00e9mu.<\/p>\n\n\n\n<p><strong>mluv\u010d\u00ed 2,<\/strong> Jo, tak\u017ee vlastn\u011b m\u00e1\u0161 tam taky dal\u0161\u00ed p\u0159\u00edle\u017eitost i setkat se spoustou kamar\u00e1d\u016f. J\u00e1 si \u0159\u00edk\u00e1m, \u017ee te\u010f od t\u00e1bora, od pr\u00e1zdnin se vr\u00e1t\u00edme je\u0161t\u011b chvili\u010dku zp\u00e1tky ke zp\u011bvu, proto\u017ee j\u00e1 jsem \u0159\u00edkala, \u017ee ty jsi tu svou vlastn\u011b hudebn\u00ed dr\u00e1hu, jestli to takto m\u016f\u017eu \u0159\u00edct, i kdy\u017e jsi \u0159\u00edkala, \u017ee vlastn\u011b te\u010f se v\u011bnuje\u0161 asi v\u00edc studiu a chvili\u010dku mus\u00ed\u0161 ten zp\u011bv tak tro\u0161ku odsunout na tu vedlej\u0161\u00ed kolej, tak my si p\u0159ece jenom pust\u00edme koncert, kter\u00fd vlastn\u011b, to v\u0161echno, si mysl\u00edm, odstartoval, ty n\u00e1m potom \u0159ekne\u0161 v\u00edce, je to koncert, je to p\u00edsni\u010dka z koncertu pro Sv\u011btlu\u0161ku z roku 2015. Zp\u00edv\u00e1 V\u011bra Strba\u010dkov\u00e1, hraje kapela \u010cechomor. <\/p>\n\n\n\n<p><strong>mluv\u010d\u00ed 4,<\/strong> Hv\u011bzd\u00e1\u0159i, co vypo\u010d\u00edta hv\u011bzdi\u010dky na, mus\u00ed. <\/p>\n\n\n\n<p><strong>Tereza St\u00fdblov\u00e1, moder\u00e1torka<\/strong> Dozn\u011bla p\u00edse\u0148, kterou si v roce 2015 zazp\u00edvala tehdy mal\u00e1 je\u0161t\u011b V\u011brka Strba\u010dkov\u00e1 s kapelou \u010cechomor. Dne\u0161n\u00ed dopoledn\u00ed rozhovor je toti\u017e pr\u00e1v\u011b s V\u011brou Strba\u010dkovou, dnes u\u017e mladou studentkou V\u011brkou. Ale zavzpom\u00ednaj\u00ed, kolik ti vlastn\u011b tehdy bylo.<\/p>\n\n\n\n<p> <strong>mluv\u010d\u00ed 1,<\/strong> To mi bylo 10 a bylo to \u00fapln\u011b moje prvn\u00ed takov\u00e9 velik\u00e9 vystoupen\u00ed. Je\u0161t\u011b k tomu rovnou v televizi se spoustou lid\u00ed a s takovou zn\u00e1mou kapelou \u00fapln\u011b. Bylo to hust\u00e9. <\/p>\n\n\n\n<p><strong>mluv\u010d\u00ed 2,<\/strong> Jo, bylo to hust\u00e9. To ti v\u011b\u0159\u00edm, tehdy vlastn\u011b tvoje jm\u00e9no se stalo i docela zn\u00e1m\u00e9, si mysl\u00edm, v regionu. Poc\u00edtilas to tehdy jako mal\u00e1 holka.<\/p>\n\n\n\n<p><strong>mluv\u010d\u00ed 1,<\/strong> Ano, docela, mysl\u00edm si, \u017ee docela hodn\u011b, i t\u0159eba p\u0159es mamku mi chodili hodn\u011b takov\u00e9 r\u016fzn\u00e9 jako vzkazy a v\u00edc si mysl\u00edm, \u017ee i lidi t\u0159eba cht\u011bli, abych n\u011bkde zp\u00edvala potom d\u00e1l a tak. <\/p>\n\n\n\n<p><strong>mluv\u010d\u00ed 2,<\/strong> Tak\u017ee mysl\u00ed\u0161, \u017ee to byl tehdy pro tebe i takov\u00fd motor, jak za\u010d\u00edt v\u00edc zp\u00edvat? <strong>mluv\u010d\u00ed 1,<\/strong> Ano, mysl\u00edm si, \u017ee ano. <\/p>\n\n\n\n<p><strong>mluv\u010d\u00ed 2,<\/strong> A jak\u00e9 to tedy bylo st\u00e1t na takov\u00e9m velk\u00e9m p\u00f3diu? Vzpom\u00edn\u00e1\u0161 si tehdy na ty chv\u00edle je\u0161t\u011b. <strong>mluv\u010d\u00ed 1,<\/strong> No, j\u00e1 v\u00edm, \u017ee jsem byla hrozn\u011b nerv\u00f3zn\u00ed, ale z\u00e1rove\u0148 jsem v\u016fbec nech\u00e1pala, co se d\u011bje, proto\u017ee jsem nem\u011bla s t\u00edm tu zku\u0161enost, \u017ee se to cel\u00e9 mus\u00ed nazvu\u010dit a p\u0159ipravit a \u017ee je pot\u0159eba hrozn\u011b moc lid\u00ed, kte\u0159\u00ed se mus\u00ed zorganizovat, tak\u017ee to pro m\u011b bylo i trochu n\u00e1ro\u010dn\u00e9, ale z\u00e1rove\u0148 jsem si p\u0159ipadala jako n\u011bjak\u00e1 princezna v poh\u00e1dce, proto\u017ee se tam o m\u011b v\u0161ichni hrozn\u011b hezky starali a pamatuju si, \u017ee pr\u00e1v\u011b \u010dlenov\u00e9 \u010cechomoru na m\u011b byli hrozn\u011b hodn\u00ed a bylo to opravdu takov\u00fd stra\u0161n\u011b p\u0159\u00edjemn\u00fd z\u00e1\u017eitek. <\/p>\n\n\n\n<p><strong>mluv\u010d\u00ed 2,<\/strong> Byl to koncert pro Sv\u011btlu\u0161ku, tak\u017ee si takto vlastn\u011b i podporovala lidi, kte\u0159\u00ed to pot\u0159ebuj\u00ed a kte\u0159\u00ed maj\u00ed n\u011bjak\u00fd zrakov\u00fd handicap, jak si to vlastn\u011b vn\u00edmala tehdy? \u0158\u00edkala sis, tohle chci je\u0161t\u011b n\u011bkdy znovu zopakovat.<\/p>\n\n\n\n<p><strong>mluv\u010d\u00ed 1,<\/strong> Mysl\u00edm si, \u017ee ano. Mysl\u00edm si, \u017ee to bylo n\u011bco, co se mi hodn\u011b zal\u00edbilo takhle st\u00e1t na velk\u00e9m p\u00f3diu. A z\u00e1rove\u0148 i t\u00edm, \u017ee Sv\u011btlu\u0161ka podporovala a po\u0159\u00e1d podporuje m\u011b p\u0159i spoust\u011b m\u00fdch aktivit, tak nev\u00edm, jestli to tak brala u\u017e tehdy, ale minim\u00e1ln\u011b pozd\u011bji mi p\u0159i\u0161lo super, \u017ee jim to m\u016f\u017eu n\u011bjak vr\u00e1tit. V podstat\u011b. <\/p>\n\n\n\n<p><strong>mluv\u010d\u00ed 2,<\/strong> Ty si to tehdy potom vr\u00e1tila je\u0161t\u011b n\u011bkolikr\u00e1t, kdy\u017e jsi je\u0161t\u011b potom st\u00e1la na p\u00f3diu na koncert\u011b pro Sv\u011btlu\u0161ku. <\/p>\n\n\n\n<p><strong>mluv\u010d\u00ed 1,<\/strong> Tak naposledy v roce 2023 s Tom\u00e1\u0161em Klusem to bylo \u00fa\u017easn\u00e9 a potom taky s Markem Ztracen\u00fdm nebo s Michalem Hr\u016fzou a v\u0161echno to byly \u00fapln\u011b moc hezk\u00e9 zku\u0161enosti.<\/p>\n\n\n\n<p> <strong>mluv\u010d\u00ed 2,<\/strong> Kdy\u017e jsi to tak poslouchala, vlastn\u011b tuto 10 let starou nahr\u00e1vku, tak ne\u0159\u00edkala sis, \u017ee mo\u017en\u00e1 p\u0159ece jenom zkus\u00ed\u0161 je\u0161t\u011b l\u00edp sladit to studium s t\u00edm voln\u00fdm \u010dasem, je\u0161t\u011b se do toho zp\u011bvu neobuje\u0161 tro\u0161ku v\u00edc. <\/p>\n\n\n\n<p><strong>mluv\u010d\u00ed 1,<\/strong> Ano, je pravda, \u017ee to je n\u011bco, co u\u017e del\u0161\u00ed dobu jako poci\u0165uju, \u017ee bych se k tomu r\u00e1da vr\u00e1tila, a\u0165 u\u017e ke sborov\u00e9mu nebo k s\u00f3lov\u00e9mu zp\u011bvu. A je pravda, \u017ee tohle to m\u011b tak tro\u0161ku je\u0161t\u011b v\u00edce nakoplo, abych se nad t\u00edm v\u00edce zamyslela. <\/p>\n\n\n\n<p><strong>mluv\u010d\u00ed 2,<\/strong> D\u00edvala ses t\u0159eba i v Brn\u011b po n\u011bjak\u00fdch sborov\u00fdch zku\u0161enostech nebo p\u0159\u00edle\u017eitostech.<\/p>\n\n\n\n<p><strong>mluv\u010d\u00ed 1,<\/strong> Ano, te\u010f m\u00e1m dokonce i zapsan\u00fd p\u0159edm\u011bt sborov\u00fd, ale je\u0161t\u011b mus\u00edm zjistit, jestli to budu schopn\u00e1 \u010dasov\u011b zvl\u00e1dnout. Tam doj\u00edt z jedn\u00e9 budovy do druh\u00e9, proto\u017ee to daleko. <\/p>\n\n\n\n<p><strong>mluv\u010d\u00ed 2,<\/strong> No, tak to je jeden z dal\u0161\u00edch pl\u00e1n\u016f a ty te\u010f vlastn\u011b se p\u0159ipravuje\u0161 tedy na studium druh\u00e9ho ro\u010dn\u00edku na vysok\u00e9 \u0161kole na Masarykov\u011b univerzit\u011b. \u0158\u00edkala jsi, \u017ee u\u017e m\u00e1\u0161 i rozvrhnuto, jak\u00e9 bude\u0161 m\u00edt p\u0159edm\u011bty a co t\u011b tedy \u010dek\u00e1? V\u011brko, v p\u0159\u00ed\u0161t\u00edch dnech? To u\u017e bude moje posledn\u00ed ot\u00e1zka dnes, co t\u011b \u010dek\u00e1 te\u010f. <\/p>\n\n\n\n<p><strong>mluv\u010d\u00ed 1,<\/strong> Tak te\u010f m\u011b \u010dekaj\u00ed pr\u00e1v\u011b cesty do Brna za t\u00edm, abych se nau\u010dila doj\u00edt do nov\u00fdch u\u010deben a zjistila, jak to bude vych\u00e1zet pr\u00e1v\u011b v\u0161echno \u010dasov\u011b, dod\u011bl\u00e1v\u00e1n\u00ed rozvrhu a taky n\u011bjak\u00e9 chv\u00edle s rodinou a s p\u0159\u00e1teli, tak\u017ee si mysl\u00edm, \u017ee to bude hezk\u00fd za\u010d\u00e1tek \u0161koln\u00edho roku a konec pr\u00e1zdnin. <\/p>\n\n\n\n<p><strong>moder\u00e1torka<\/strong> \u0158\u00edk\u00e1 dnes ve vys\u00edl\u00e1n\u00ed \u010cesk\u00e9ho rozhlasu Zl\u00edn V\u011bra Strba\u010dkov\u00e1 z Huslenek na Vset\u00ednsku. V\u011brko, moc ti d\u011bkuju, \u017ee jsi si tady se mnou dnes dopoledne pov\u00eddala. Byl to pro m\u011b velmi mil\u00fd rozhovor. <\/p>\n","protected":false},"excerpt":{"rendered":"<div class=\"mh-excerpt\"><p>Dne\u0161n\u00ed letn\u00ed dopoledne s \u010cesk\u00fdm rozhlasem Zl\u00edn pat\u0159\u00ed pov\u00edd\u00e1n\u00ed s mladou d\u00edvkou z Huslenek, zp\u011bva\u010dkou, kter\u00e1 se u\u017e n\u011bkolikr\u00e1t p\u0159edstavila nejen na region\u00e1ln\u00edch p\u00f3di\u00edch, ale <a class=\"mh-excerpt-more\" href=\"https:\/\/www.invarena.cz\/?p=60370\" title=\"V\u011bra Strba\u010dkov\u00e1 na p\u00f3di\u00edch i studi\u00edch\">[&#8230;]<\/a><\/p>\n<\/div>","protected":false},"author":1,"featured_media":60383,"comment_status":"open","ping_status":"closed","sticky":false,"template":"","format":"standard","meta":{"footnotes":""},"categories":[12],"tags":[],"class_list":["post-60370","post","type-post","status-publish","format-standard","has-post-thumbnail","hentry","category-rozhovory"],"_links":{"self":[{"href":"https:\/\/www.invarena.cz\/index.php?rest_route=\/wp\/v2\/posts\/60370","targetHints":{"allow":["GET"]}}],"collection":[{"href":"https:\/\/www.invarena.cz\/index.php?rest_route=\/wp\/v2\/posts"}],"about":[{"href":"https:\/\/www.invarena.cz\/index.php?rest_route=\/wp\/v2\/types\/post"}],"author":[{"embeddable":true,"href":"https:\/\/www.invarena.cz\/index.php?rest_route=\/wp\/v2\/users\/1"}],"replies":[{"embeddable":true,"href":"https:\/\/www.invarena.cz\/index.php?rest_route=%2Fwp%2Fv2%2Fcomments&post=60370"}],"version-history":[{"count":0,"href":"https:\/\/www.invarena.cz\/index.php?rest_route=\/wp\/v2\/posts\/60370\/revisions"}],"wp:featuredmedia":[{"embeddable":true,"href":"https:\/\/www.invarena.cz\/index.php?rest_route=\/wp\/v2\/media\/60383"}],"wp:attachment":[{"href":"https:\/\/www.invarena.cz\/index.php?rest_route=%2Fwp%2Fv2%2Fmedia&parent=60370"}],"wp:term":[{"taxonomy":"category","embeddable":true,"href":"https:\/\/www.invarena.cz\/index.php?rest_route=%2Fwp%2Fv2%2Fcategories&post=60370"},{"taxonomy":"post_tag","embeddable":true,"href":"https:\/\/www.invarena.cz\/index.php?rest_route=%2Fwp%2Fv2%2Ftags&post=60370"}],"curies":[{"name":"wp","href":"https:\/\/api.w.org\/{rel}","templated":true}]}}