{"id":60408,"date":"2025-09-01T06:14:55","date_gmt":"2025-09-01T04:14:55","guid":{"rendered":"https:\/\/www.invarena.cz\/?p=60408"},"modified":"2025-09-01T06:15:04","modified_gmt":"2025-09-01T04:15:04","slug":"duchodci-chteji-zit-naplno","status":"publish","type":"post","link":"https:\/\/www.invarena.cz\/?p=60408","title":{"rendered":"D\u016fchodci cht\u011bj\u00ed \u017e\u00edt naplno"},"content":{"rendered":"\n<p>TV Nova<\/p>\n\n\n\n<p>Senio\u0159i si sv\u016fj \u017eivot cht\u011bj\u00ed \u010d\u00edm d\u00e1l v\u00edc u\u017e\u00edvat naplno. \u010cast\u011bji vyr\u00e1\u017eej\u00ed na dovolenou do zahrani\u010d\u00ed, udr\u017euj\u00ed sv\u00e9 t\u011blo v kondici nebo investuj\u00ed do z\u00e1\u017eitk\u016f nebo sportovn\u00edho vybaven\u00ed. Mnohdy se jedn\u00e1 i o elektrokola. <\/p>\n\n\n\n<p>D\u016fchodci se tak st\u00e1vaj\u00ed v\u00fdznamnou skupinou z\u00e1kazn\u00edk\u016f, na kterou firmy c\u00edl\u00ed a n\u011bkdy podle nich i upravuj\u00ed nab\u00eddku. <\/p>\n\n\n\n<p>Cestov\u00e1n\u00ed do zahrani\u010d\u00ed vyhled\u00e1v\u00e1 v posledn\u00edch letech v\u00edce star\u0161\u00edch lid\u00ed. Pat\u0159\u00ed mezi n\u011b i jedenadevades\u00e1tilet\u00e1 Ji\u0159ina Frol\u00edkov\u00e1, kter\u00e1 na dovolenou u mo\u0159e ned\u00e1 ani ve sv\u00e9m v\u011bku dopustit. <\/p>\n\n\n\n<p><strong>Ji\u0159ina Frol\u00edkov\u00e1, d\u016fchodkyn\u011b<\/strong> V posledn\u00ed dob\u011b to je nejm\u00e9n\u011b dvakr\u00e1t ro\u010dn\u011b. Za t\u00fdden ostrov Korfu a na podzim, listopad, prosinec Marsa Alam. <\/p>\n\n\n\n<p><strong>Jan Pape\u017e, Asociace cestovn\u00edch kancel\u00e1\u0159\u00ed \u010cR<\/strong> Senio\u0159i maj\u00ed \u010das, maj\u00ed pen\u00edze a maj\u00ed velk\u00fd z\u00e1jem cestovat, proto\u017ee v\u011bt\u0161ina z nich se narodila v dob\u011b, kdy se cestovat nesm\u011blo.<\/p>\n\n\n\n<p> <strong>Simona Fischerov\u00e1, Blue Style<\/strong> Dlouhodob\u011b zaznamen\u00e1v\u00e1me zv\u00fd\u0161en\u00fd z\u00e1jem star\u0161\u00edch klient\u016f o zahrani\u010dn\u00ed dovolen\u00e9. Pod\u00edl senior\u016f mezi na\u0161\u00ed klientelou stoupl za \u0161est let t\u00e9m\u011b\u0159 o t\u0159etinu. Jim vyb\u00edr\u00e1me hotely, kter\u00e9 jsou p\u0159\u00edmo na pl\u00e1\u017ei, s pozvoln\u00fdm vstupem do mo\u0159e a zaj\u00edm\u00e1me se tak\u00e9 o to, aby byl p\u0159\u00edmo v hotelov\u00e9m komplexu l\u00e9ka\u0159.<\/p>\n\n\n\n<p><strong>redaktorka<\/strong> Mezi seniory roste z\u00e1jem i o sportovn\u00ed aktivity. <\/p>\n\n\n\n<p><strong>Jakub Strnad, Hamr<\/strong> Lidi jsou \u010d\u00edm d\u00e1l t\u00edm v\u00edc aktivn\u00ed, chod\u00ed na r\u016fzn\u00fd sporty, stoln\u00ed tenis, tenis, badminton, to je asi nejv\u00edc vyu\u017e\u00edvan\u00fd. Po\u0159\u00e1d\u00e1me pro n\u011b turnaje speci\u00e1ln\u011b ve stoln\u00edm tenise. Je tady mo\u017enost vid\u011bt, jak hrajou \u0161achy, hrajou tady karty, diskutujou, pov\u00eddaj&#8230; <\/p>\n\n\n\n<p><strong>Tom\u00e1\u0161 Vokrouhl\u00edk, Mojekolo<\/strong> Z\u00e1kazn\u00edci, kter\u00fd jsou star\u0161\u00ed 65 let plus, tak tvo\u0159\u00ed a\u017e 35 % prodej\u016f ve\u0161ker\u00fdch elektrokol. Ur\u010dit\u011b tam je n\u00e1r\u016fst v t\u00e9hlet\u00e9 v\u011bkov\u00e9 kategorii a to elektrokolo je posouv\u00e1 d\u00e1l po p\u0159\u00edrod\u011b, maj\u00ed to i jako dopravn\u00ed prost\u0159edek. <\/p>\n\n\n\n<p><strong>Ond\u0159ej Mati\u00e1\u0161ek, gener\u00e1ln\u00ed \u0159editel, Hotel Ol\u0161anka<\/strong> Vn\u00edm\u00e1me, \u017ee popt\u00e1vka po na\u0161ich slu\u017eb\u00e1ch i ze strany senior\u016f roste. P\u0159ipravili jsme si za posledn\u00ed roky i pro n\u011b speci\u00e1ln\u00ed nab\u00eddku. Mezi ty nejvyu\u017e\u00edvan\u011bj\u0161\u00ed slu\u017eby je ur\u010dit\u011b baz\u00e9n, aquaerobik, p\u0159\u00edpadn\u011b cvi\u010den\u00ed. <\/p>\n\n\n\n<p><strong> redaktorka<\/strong> Podle n\u011bkter\u00fdch ekonom\u016f se senio\u0159i \u0159ad\u00ed mezi bohat\u0161\u00ed z\u00e1kazn\u00edky. <\/p>\n\n\n\n<p><strong>Pavel Peterka, ekonom<\/strong> To bohatstv\u00ed je sp\u00ed\u0161e o tom naakumulovan\u00e9m majetku a tam d\u00e1v\u00e1 smysl, \u017ee pr\u00e1v\u011b star\u0161\u00ed ro\u010dn\u00edky, kter\u00e9 d\u00e9le pracuj\u00ed, tak logicky maj\u00ed naakumulov\u00e1no v\u00edce.<\/p>\n\n\n\n<p><strong>redaktorka<\/strong> D\u016fchodci moment\u00e1ln\u011b tvo\u0159\u00ed necelou t\u0159etinu \u010desk\u00e9 populace. <\/p>\n\n\n\n<p>televize Nova<\/p>\n","protected":false},"excerpt":{"rendered":"<div class=\"mh-excerpt\"><p>TV Nova Senio\u0159i si sv\u016fj \u017eivot cht\u011bj\u00ed \u010d\u00edm d\u00e1l v\u00edc u\u017e\u00edvat naplno. \u010cast\u011bji vyr\u00e1\u017eej\u00ed na dovolenou do zahrani\u010d\u00ed, udr\u017euj\u00ed sv\u00e9 t\u011blo v kondici nebo investuj\u00ed <a class=\"mh-excerpt-more\" href=\"https:\/\/www.invarena.cz\/?p=60408\" title=\"D\u016fchodci cht\u011bj\u00ed \u017e\u00edt naplno\">[&#8230;]<\/a><\/p>\n<\/div>","protected":false},"author":1,"featured_media":31678,"comment_status":"open","ping_status":"closed","sticky":false,"template":"","format":"standard","meta":{"footnotes":""},"categories":[7],"tags":[],"class_list":["post-60408","post","type-post","status-publish","format-standard","has-post-thumbnail","hentry","category-spolecnost"],"_links":{"self":[{"href":"https:\/\/www.invarena.cz\/index.php?rest_route=\/wp\/v2\/posts\/60408","targetHints":{"allow":["GET"]}}],"collection":[{"href":"https:\/\/www.invarena.cz\/index.php?rest_route=\/wp\/v2\/posts"}],"about":[{"href":"https:\/\/www.invarena.cz\/index.php?rest_route=\/wp\/v2\/types\/post"}],"author":[{"embeddable":true,"href":"https:\/\/www.invarena.cz\/index.php?rest_route=\/wp\/v2\/users\/1"}],"replies":[{"embeddable":true,"href":"https:\/\/www.invarena.cz\/index.php?rest_route=%2Fwp%2Fv2%2Fcomments&post=60408"}],"version-history":[{"count":0,"href":"https:\/\/www.invarena.cz\/index.php?rest_route=\/wp\/v2\/posts\/60408\/revisions"}],"wp:featuredmedia":[{"embeddable":true,"href":"https:\/\/www.invarena.cz\/index.php?rest_route=\/wp\/v2\/media\/31678"}],"wp:attachment":[{"href":"https:\/\/www.invarena.cz\/index.php?rest_route=%2Fwp%2Fv2%2Fmedia&parent=60408"}],"wp:term":[{"taxonomy":"category","embeddable":true,"href":"https:\/\/www.invarena.cz\/index.php?rest_route=%2Fwp%2Fv2%2Fcategories&post=60408"},{"taxonomy":"post_tag","embeddable":true,"href":"https:\/\/www.invarena.cz\/index.php?rest_route=%2Fwp%2Fv2%2Ftags&post=60408"}],"curies":[{"name":"wp","href":"https:\/\/api.w.org\/{rel}","templated":true}]}}