{"id":60413,"date":"2025-09-01T06:37:17","date_gmt":"2025-09-01T04:37:17","guid":{"rendered":"https:\/\/www.invarena.cz\/?p=60413"},"modified":"2025-09-01T06:37:27","modified_gmt":"2025-09-01T04:37:27","slug":"zajem-o-zajezdy-po-konci-letnich-prazdnin-neutucha","status":"publish","type":"post","link":"https:\/\/www.invarena.cz\/?p=60413","title":{"rendered":"Z\u00e1jem o z\u00e1jezdy po konci letn\u00edch pr\u00e1zdnin neutuch\u00e1"},"content":{"rendered":"\n<p>\u010cT 1<\/p>\n\n\n\n<p>Pr\u00e1zdniny kon\u010d\u00ed, z\u00e1jem o zahrani\u010dn\u00ed dovolen\u00e9 ale podle cestovn\u00edch kancel\u00e1\u0159\u00ed v\u00fdrazn\u011b nekles\u00e1. Rodi\u010de s d\u011btmi ve \u0161koln\u00edm v\u011bku te\u010f vyst\u0159\u00eddaj\u00ed t\u0159eba senio\u0159i. Jak uv\u00e1d\u011bj\u00ed prodejci z\u00e1jezd\u016f, za p\u011bt let p\u0159ibylo klient\u016f ve v\u011bku nad 65 let o t\u0159etinu. I kv\u016fli st\u00e1rnut\u00ed populace. <\/p>\n\n\n\n<p><strong>Hana Vorl\u00ed\u010dkov\u00e1, redaktorka \u010cT<\/strong> Ji\u0159in\u011b Frol\u00edkov\u00e9 z Prahy je 91. L\u00e9to bez \u0159eck\u00fdch ostrov\u016f si ale neum\u00ed p\u0159edstavit, k mo\u0159i jezd\u00ed sama, te\u010f odl\u00e9t\u00e1 na Korfu. <\/p>\n\n\n\n<p><strong>Ji\u0159ina Frol\u00edkov\u00e1, turistka<\/strong> V\u017edycky m\u011b n\u011bco nal\u00e1k\u00e1. Jakmile odevzd\u00e1me ten velk\u00fd kufr, tak je \u010dlov\u011bk svobodn\u00fd a sta\u010d\u00ed jenom d\u00e1vat pozor, aby mi to neulet\u011blo. <\/p>\n\n\n\n<p><strong>Hana Vorl\u00ed\u010dkov\u00e1, redaktorka \u010cT<\/strong> Zhruba ka\u017ed\u00fd p\u00e1t\u00fd obyvatel \u010ceska je star\u0161\u00ed 65 let. Zvy\u0161uje se i jejich pod\u00edl mezi klienty cestovn\u00edch kancel\u00e1\u0159\u00ed. <\/p>\n\n\n\n<p><strong>Simona Fischerov\u00e1, mluv\u010d\u00ed CK Blue Style<\/strong> Pod\u00edl senior\u016f mezi klienty na\u0161\u00ed cestovn\u00ed kancel\u00e1\u0159e stoupl mezi lety 2019 a 2025 o 33,6 %. Rostl tak\u00e9 pod\u00edl multigenera\u010dn\u00edch dovolen\u00fdch, tady stoupl pod\u00edl o rovn\u00fdch 22 %.<\/p>\n\n\n\n<p> <strong>Hana Vorl\u00ed\u010dkov\u00e1, redaktorka \u010cT<\/strong> I s takovou dovolenou m\u00e1 Ji\u0159ina Frol\u00edkov\u00e1 zku\u0161enost.<\/p>\n\n\n\n<p><strong>Simona Fischerov\u00e1, mluv\u010d\u00ed CK Blue Style<\/strong> To jezd\u00edm s rodinou na \u010dty\u0159genera\u010dn\u00ed z\u00e1jezdy s mal\u00fdmi mr\u0148aty. Rakousk\u00e9 Alpy, italsk\u00e9 Alpy. Oni jezd\u00ed do hor a j\u00e1 va\u0159\u00edm pol\u00e9vku doma.<\/p>\n\n\n\n<p> <strong>Hana Vorl\u00ed\u010dkov\u00e1, redaktorka \u010cT<\/strong> Do zahrani\u010d\u00ed jezd\u00ed nejen v\u00edc senior\u016f, ale i osob se zdravotn\u00edm handicapem. Potvrzuj\u00ed to na leti\u0161ti v Praze, kde funguje asisten\u010dn\u00ed slu\u017eba. <\/p>\n\n\n\n<p><strong>Viliam Petrbok &#8218;mana\u017eer asisten\u010dn\u00ed slu\u017eby),<\/strong> Odbavujeme v pr\u016fm\u011bru p\u0159es 200 asistenc\u00ed denn\u011b. N\u011bkdy se ty po\u010dty bl\u00ed\u017e\u00ed a\u017e ke 300.<\/p>\n\n\n\n<p> <strong>Hana Vorl\u00ed\u010dkov\u00e1, redaktorka \u010cT<\/strong> Asistence je zdarma a cestuj\u00edc\u00ed o ni po\u017e\u00e1d\u00e1 p\u0159i koupi letenky nebo z\u00e1jezdu. Stejn\u011b jako Jan Strnad s man\u017eelkou Jaroslavou, kte\u0159\u00ed let\u00ed do \u0158ecka na Kr\u00e9tu.<\/p>\n\n\n\n<p> <strong>Jaroslava Strnadov\u00e1, turistka<\/strong> Jsme si objedn\u00e1vali dovolenou u\u017e n\u011bkdy v \u00fanoru, abysme si zajistili hotel, kter\u00fd je vhodn\u00fd pro t\u011blesn\u011b posti\u017een\u00e9. A hned jsem se tam ptala na asisten\u010dn\u00ed slu\u017ebu. <\/p>\n\n\n\n<p><strong>Hana Vorl\u00ed\u010dkov\u00e1, redaktorka \u010cT<\/strong> Jan Strnad byl kdysi n\u00e1mo\u0159n\u00edkem, a i kdy\u017e se po autohav\u00e1rii \u0161patn\u011b pohybuje, k mo\u0159i se chce vracet.<\/p>\n\n\n\n<p><strong>Petr B\u011bla\u0161ka, asistent, Leti\u0161t\u011b Praha<\/strong> V pr\u016fb\u011bhu dvan\u00e1ctihodinov\u00e9 sm\u011bny m\u00edv\u00e1me tak 6\u201310 asistenc\u00ed.<\/p>\n\n\n\n<p> <strong>Ji\u0159\u00ed Hannich, mluv\u010d\u00ed, Leti\u0161t\u011b Praha<\/strong> Cestuj\u00edc\u00ed maj\u00ed mo\u017enost si tuto slu\u017ebu objednat i p\u0159\u00edmo u n\u00e1s. Na leti\u0161ti po cel\u00e9m leti\u0161ti je k dispozici 20 kontaktn\u00edch m\u00edst. <\/p>\n\n\n\n<p><strong>Hana Vorl\u00ed\u010dkov\u00e1, redaktorka \u010cT<\/strong> B\u011bhem roku se o klienty star\u00e1 v\u00edc ne\u017e stovka asistent\u016f. Jejich slu\u017eby vyu\u017e\u00edvaj\u00ed \u010ce\u0161i a cizinci zhruba p\u016fl nap\u016fl. <\/p>\n\n\n\n<p>\u010cesk\u00e1 televize<\/p>\n","protected":false},"excerpt":{"rendered":"<div class=\"mh-excerpt\"><p>\u010cT 1 Pr\u00e1zdniny kon\u010d\u00ed, z\u00e1jem o zahrani\u010dn\u00ed dovolen\u00e9 ale podle cestovn\u00edch kancel\u00e1\u0159\u00ed v\u00fdrazn\u011b nekles\u00e1. Rodi\u010de s d\u011btmi ve \u0161koln\u00edm v\u011bku te\u010f vyst\u0159\u00eddaj\u00ed t\u0159eba senio\u0159i. Jak <a class=\"mh-excerpt-more\" href=\"https:\/\/www.invarena.cz\/?p=60413\" title=\"Z\u00e1jem o z\u00e1jezdy po konci letn\u00edch pr\u00e1zdnin neutuch\u00e1\">[&#8230;]<\/a><\/p>\n<\/div>","protected":false},"author":1,"featured_media":8626,"comment_status":"open","ping_status":"closed","sticky":false,"template":"","format":"standard","meta":{"footnotes":""},"categories":[7],"tags":[],"class_list":["post-60413","post","type-post","status-publish","format-standard","has-post-thumbnail","hentry","category-spolecnost"],"_links":{"self":[{"href":"https:\/\/www.invarena.cz\/index.php?rest_route=\/wp\/v2\/posts\/60413","targetHints":{"allow":["GET"]}}],"collection":[{"href":"https:\/\/www.invarena.cz\/index.php?rest_route=\/wp\/v2\/posts"}],"about":[{"href":"https:\/\/www.invarena.cz\/index.php?rest_route=\/wp\/v2\/types\/post"}],"author":[{"embeddable":true,"href":"https:\/\/www.invarena.cz\/index.php?rest_route=\/wp\/v2\/users\/1"}],"replies":[{"embeddable":true,"href":"https:\/\/www.invarena.cz\/index.php?rest_route=%2Fwp%2Fv2%2Fcomments&post=60413"}],"version-history":[{"count":0,"href":"https:\/\/www.invarena.cz\/index.php?rest_route=\/wp\/v2\/posts\/60413\/revisions"}],"wp:featuredmedia":[{"embeddable":true,"href":"https:\/\/www.invarena.cz\/index.php?rest_route=\/wp\/v2\/media\/8626"}],"wp:attachment":[{"href":"https:\/\/www.invarena.cz\/index.php?rest_route=%2Fwp%2Fv2%2Fmedia&parent=60413"}],"wp:term":[{"taxonomy":"category","embeddable":true,"href":"https:\/\/www.invarena.cz\/index.php?rest_route=%2Fwp%2Fv2%2Fcategories&post=60413"},{"taxonomy":"post_tag","embeddable":true,"href":"https:\/\/www.invarena.cz\/index.php?rest_route=%2Fwp%2Fv2%2Ftags&post=60413"}],"curies":[{"name":"wp","href":"https:\/\/api.w.org\/{rel}","templated":true}]}}