{"id":60457,"date":"2025-09-02T04:28:42","date_gmt":"2025-09-02T02:28:42","guid":{"rendered":"https:\/\/www.invarena.cz\/?p=60457"},"modified":"2025-09-02T04:28:44","modified_gmt":"2025-09-02T02:28:44","slug":"pripravne-tridy-pro-skolaky","status":"publish","type":"post","link":"https:\/\/www.invarena.cz\/?p=60457","title":{"rendered":"P\u0159\u00edpravn\u00e9 t\u0159\u00eddy pro \u0161kol\u00e1ky"},"content":{"rendered":"\n<p>\u010cT 1<\/p>\n\n\n\n<p><\/p>\n\n\n\n<p>S p\u0159\u00edchodem z\u00e1\u0159\u00ed za\u010d\u00edn\u00e1 platit tak\u00e9 novela \u0161kolsk\u00e9ho z\u00e1kona, kter\u00e1 zp\u0159\u00eds\u0148uje pravidla odklad\u016f \u0161koln\u00ed doch\u00e1zky. Podle mezin\u00e1rodn\u00edch srovn\u00e1n\u00ed jich je v \u010cesku dlouhodob\u011b nejv\u00edc z cel\u00e9 Evropy. Pro d\u011bti s odkladem na mnoha m\u00edstech slou\u017e\u00ed tzv. p\u0159\u00edpravn\u00e9 t\u0159\u00eddy. T\u0159eba v Plzni je letos otev\u0159ely na p\u011bti z\u00e1kladn\u00edch \u0161kol\u00e1ch.<\/p>\n\n\n\n<p>\u017eena,<\/p>\n\n\n\n<p>Chci v\u00e1m d\u011bti pop\u0159\u00e1t, aby se v\u00e1m u n\u00e1s ve \u0161kole l\u00edbilo.<\/p>\n\n\n\n<p>00:00:22<\/p>\n\n\n\n<p>Josef Krebs,redaktor<\/p>\n\n\n\n<p>Na t\u0159in\u00e1ct\u00e9 z\u00e1kladn\u00ed \u0161kole v Plzni otev\u00edraj\u00ed p\u0159\u00edpravn\u00e9 t\u0159\u00eddy pravideln\u011b u\u017e 14 let. V tzv. nult\u00e9m ro\u010dn\u00edku dnes p\u0159iv\u00edtali celkem 26 d\u011bt\u00ed. Kv\u016fli odkladu do n\u011bj nastoupil i \u0161estilet\u00fd Patrik.<\/p>\n\n\n\n<p>00:00:33<\/p>\n\n\n\n<p>Radek Hedvik,rodi\u010d<\/p>\n\n\n\n<p>Ve \u0161kolce u\u017e jakoby to pro n\u011bj nebylo, ale do prvn\u00ed t\u0159\u00eddy, proto\u017ee m\u00e1me logopedick\u00fd probl\u00e9my, pot\u0159ebuje R\u0158 doladit, tak si mysl\u00edm, \u017ee ta p\u0159\u00edpravka v tomhletom sm\u011bru pro n\u011b bude jako velice p\u0159\u00ednosn\u00e1.<\/p>\n\n\n\n<p>00:00:45<\/p>\n\n\n\n<p>\u0160\u00e1rka Borkovcov\u00e1,u\u010ditelka, 13. Z\u0160 Plze\u0148<\/p>\n\n\n\n<p>D\u00edky tomu, \u017ee jsou ti \u017e\u00e1ci s p\u0159\u00edpravky vlastn\u011b u\u017e veden\u00ed tady u n\u00e1s p\u0159\u00edmo ve \u0161kole, tak u\u017e znaj\u00ed ten re\u017eim, znaj\u00ed to prost\u0159ed\u00ed, jsou vlastn\u011b v\u00edce p\u0159ipraveni na ten vstup do t\u00e9 prvn\u00ed t\u0159\u00eddy.<\/p>\n\n\n\n<p>00:00:54<\/p>\n\n\n\n<p>Josef Krebs,redaktor<\/p>\n\n\n\n<p>Kv\u016fli legislativn\u00edm zm\u011bn\u00e1m te\u010f ale d\u011bti s odkladem povinn\u00e9 \u0161koln\u00ed doch\u00e1zky v\u00fdrazn\u011b ubude.<\/p>\n\n\n\n<p>00:00:59<\/p>\n\n\n\n<p>Emanuel Vittek,Odbor vn\u011bj\u0161\u00edch vztah\u016f a komunikace M\u0160MT<\/p>\n\n\n\n<p>Pr\u016fm\u011brn\u00fd pod\u00edl d\u011bt\u00ed, kter\u00e9 zah\u00e1j\u00ed \u0161koln\u00ed doch\u00e1zku s odkladem, je dlouhodob\u011b p\u0159es 20 %, zat\u00edmco v \u0159ad\u011b srovnateln\u00fdch zem\u00ed jde jen o jednotky procent.<\/p>\n\n\n\n<p>00:01:09<\/p>\n\n\n\n<p>Zde\u0148ka Vr\u00e1tn\u00edkov\u00e1,\u0159editelka, 13. Z\u0160 Plze\u0148<\/p>\n\n\n\n<p>D\u011bti, kter\u00e9 tady m\u00e1me, mnoh\u00e9 opravdu ten odklad pot\u0159ebovaly, proto\u017ee prost\u011b tam je ten nesoulad s t\u00edm, aby vydr\u017eely n\u00e1ro\u010dnost prvn\u00ed t\u0159\u00eddy.<\/p>\n\n\n\n<p>00:01:20<\/p>\n\n\n\n<p>Josef Krebs,redaktor<\/p>\n\n\n\n<p>Odklad bude nov\u011b mo\u017en\u00fd pouze v p\u0159\u00edpadech z\u00e1va\u017en\u00e9ho fyzick\u00e9ho nebo psychick\u00e9ho posti\u017een\u00ed. K \u017e\u00e1dosti nav\u00edc bude pot\u0159eba dolo\u017eit l\u00e9ka\u0159sk\u00e9 potvrzen\u00ed od specialisty.<\/p>\n\n\n\n<p>00:01:29<\/p>\n\n\n\n<p>Emanuel Vittek,Odbor vn\u011bj\u0161\u00edch vztah\u016f a komunikace M\u0160MT<\/p>\n\n\n\n<p>C\u00edlem je postupn\u011b sn\u00ed\u017eit m\u00edru odkladu tak, abychom uvolnili m\u00edsto v mate\u0159sk\u00fdch \u0161kol\u00e1ch a sn\u00ed\u017eili po\u010det p\u0159\u00edpad\u016f, kdy v p\u0159\u00edpravn\u00fdch t\u0159\u00edd\u00e1ch ztr\u00e1cej\u00ed \u010das d\u011bti, kter\u00e9 to nepot\u0159ebuj\u00ed.<\/p>\n\n\n\n<p>00:01:41<\/p>\n\n\n\n<p>Josef Krebs,redaktor<\/p>\n\n\n\n<p>Nov\u00e1 pravidla za\u010dnou platit postupn\u011b podle data narozen\u00ed. <\/p>\n\n\n\n<p> \u010cesk\u00e1 televize, Plze\u0148.<\/p>\n","protected":false},"excerpt":{"rendered":"<div class=\"mh-excerpt\"><p>\u010cT 1 S p\u0159\u00edchodem z\u00e1\u0159\u00ed za\u010d\u00edn\u00e1 platit tak\u00e9 novela \u0161kolsk\u00e9ho z\u00e1kona, kter\u00e1 zp\u0159\u00eds\u0148uje pravidla odklad\u016f \u0161koln\u00ed doch\u00e1zky. Podle mezin\u00e1rodn\u00edch srovn\u00e1n\u00ed jich je v \u010cesku dlouhodob\u011b <a class=\"mh-excerpt-more\" href=\"https:\/\/www.invarena.cz\/?p=60457\" title=\"P\u0159\u00edpravn\u00e9 t\u0159\u00eddy pro \u0161kol\u00e1ky\">[&#8230;]<\/a><\/p>\n<\/div>","protected":false},"author":1,"featured_media":14680,"comment_status":"open","ping_status":"closed","sticky":false,"template":"","format":"standard","meta":{"footnotes":""},"categories":[9],"tags":[],"class_list":["post-60457","post","type-post","status-publish","format-standard","has-post-thumbnail","hentry","category-zpravy"],"_links":{"self":[{"href":"https:\/\/www.invarena.cz\/index.php?rest_route=\/wp\/v2\/posts\/60457","targetHints":{"allow":["GET"]}}],"collection":[{"href":"https:\/\/www.invarena.cz\/index.php?rest_route=\/wp\/v2\/posts"}],"about":[{"href":"https:\/\/www.invarena.cz\/index.php?rest_route=\/wp\/v2\/types\/post"}],"author":[{"embeddable":true,"href":"https:\/\/www.invarena.cz\/index.php?rest_route=\/wp\/v2\/users\/1"}],"replies":[{"embeddable":true,"href":"https:\/\/www.invarena.cz\/index.php?rest_route=%2Fwp%2Fv2%2Fcomments&post=60457"}],"version-history":[{"count":0,"href":"https:\/\/www.invarena.cz\/index.php?rest_route=\/wp\/v2\/posts\/60457\/revisions"}],"wp:featuredmedia":[{"embeddable":true,"href":"https:\/\/www.invarena.cz\/index.php?rest_route=\/wp\/v2\/media\/14680"}],"wp:attachment":[{"href":"https:\/\/www.invarena.cz\/index.php?rest_route=%2Fwp%2Fv2%2Fmedia&parent=60457"}],"wp:term":[{"taxonomy":"category","embeddable":true,"href":"https:\/\/www.invarena.cz\/index.php?rest_route=%2Fwp%2Fv2%2Fcategories&post=60457"},{"taxonomy":"post_tag","embeddable":true,"href":"https:\/\/www.invarena.cz\/index.php?rest_route=%2Fwp%2Fv2%2Ftags&post=60457"}],"curies":[{"name":"wp","href":"https:\/\/api.w.org\/{rel}","templated":true}]}}