{"id":60461,"date":"2025-09-02T04:35:02","date_gmt":"2025-09-02T02:35:02","guid":{"rendered":"https:\/\/www.invarena.cz\/?p=60461"},"modified":"2025-09-02T04:35:17","modified_gmt":"2025-09-02T02:35:17","slug":"cerne-ovce-sousedka","status":"publish","type":"post","link":"https:\/\/www.invarena.cz\/?p=60461","title":{"rendered":"\u010cern\u00e9 ovce &#8211;\u00a0Sousedka"},"content":{"rendered":"\n<p>\u010cT1<\/p>\n\n\n\n<p>Po letn\u00edch m\u011bs\u00edc\u00edch jsou tu op\u011bt \u010cern\u00e9 ovce, v\u00edtejte. A za\u010dneme report\u00e1\u017e\u00ed, kter\u00e1 pro ty z v\u00e1s, kdo se \u0161t\u00edt\u00edte hmyzu, nebude p\u0159\u00edjemn\u00e1 na pohled. Obyvatelka jednoho z pra\u017esk\u00fdch dom\u016f toti\u017e ve sv\u00e9m byt\u011b hromad\u00ed odpad. A to m\u00e1 sv\u00e9 n\u00e1sledky.<\/p>\n\n\n\n<p>00:00:18<\/p>\n\n\n\n<p>Vlasta Heranov\u00e1,obyvatelka domu<\/p>\n\n\n\n<p>\u0160v\u00e1bi tady b\u011bhaj\u00ed, pod\u00edvejte se po zemi, tam vid\u00edte such\u00fd. T\u0159eba tady. Tamhle, no. J\u00e1 ob\u011bdv\u00e1m a okolo tal\u00ed\u0159e b\u011b\u017e\u00ed \u0161v\u00e1b.<\/p>\n\n\n\n<p>00:00:31<\/p>\n\n\n\n<p>Kate\u0159ina Stibalov\u00e1,moder\u00e1torka<\/p>\n\n\n\n<p>\u0160v\u00e1bi se roz\u0161\u00ed\u0159ili nejen do okoln\u00edch byt\u016f, ale po cel\u00e9m dom\u011b. Nepomohly ani n\u00e1kladn\u00e9 dezinsekce. Dokud bude v byt\u011b odpad, hmyz se bude mno\u017eit d\u00e1l.<\/p>\n\n\n\n<p>00:00:43<\/p>\n\n\n\n<p>Hana Pazderkov\u00e1,obyvatelka domu<\/p>\n\n\n\n<p>Tr\u00e1p\u00ed m\u011b tadyta lod\u017eie, kter\u00e1 je neust\u00e1le zne\u010di\u0161t\u011bn\u00e1. U pan\u00ed hn\u00edzd\u00ed holubi, ka\u017ed\u00fd den jich tam vid\u00edm tak \u010dty\u0159i, p\u011bt sed\u011bt a ka\u017ed\u00fd rok tam vyv\u00e1d\u011bj\u00ed mlad\u00e9.<\/p>\n\n\n\n<p>00:00:56<\/p>\n\n\n\n<p>Bohunka Koci\u00e1nov\u00e1,redaktorka<\/p>\n\n\n\n<p>Pan\u00ed Pazderkov\u00e1 z Prahy p\u0159ed p\u011bti lety upozornila spole\u010denstv\u00ed vlastn\u00edk\u016f jednotek, tedy SVJ, \u017ee na balkon\u011b u sousedky o dv\u011b patra v\u00fd\u0161e se zabydleli holubi a v dom\u011b je z\u00e1pach. V tu dobu se m\u011bnily i stoupa\u010dky, a tak se mohli z\u00e1stupci SVJ do bytu zm\u00edn\u011bn\u00e9 sousedky, pan\u00ed Havl\u00ed\u010dkov\u00e9 pod\u00edvat. A byli v \u0161oku.<\/p>\n\n\n\n<p>00:01:18<\/p>\n\n\n\n<p>Petr Dejl,p\u0159edseda, Sdru\u017een\u00ed vlastn\u00edk\u016f jednotek<\/p>\n\n\n\n<p>Pan\u00ed sousedka schra\u0148uje. To znamen\u00e1, nos\u00ed dom\u016f v\u011bci, nos\u00ed je od popelnic, nos\u00ed je ze skladi\u0161t\u011b, nos\u00ed je ze skl\u00e1dek a tak a pomalu n\u011bjak\u00fdm zp\u016fsobem pln\u00ed ten byt.<\/p>\n\n\n\n<p>00:01:33<\/p>\n\n\n\n<p>Bohunka Koci\u00e1nov\u00e1,redaktorka<\/p>\n\n\n\n<p>Byt byl pln\u00fd r\u016fzn\u00fdch v\u011bc\u00ed v\u010detn\u011b odpadu a zap\u00e1chal. Tehdy se poda\u0159ilo pan\u00ed Havl\u00ed\u010dkovou p\u0159esv\u011bd\u010dit, aby souhlasila s vyklizen\u00edm bytu. \u00daklid zaplatilo SVJ, tedy spole\u010denstv\u00ed vlastn\u00edk\u016f jednotek.<\/p>\n\n\n\n<p>00:01:47<\/p>\n\n\n\n<p>Petr Dejl,p\u0159edseda, Sdru\u017een\u00ed vlastn\u00edk\u016f jednotek<\/p>\n\n\n\n<p>Ve fin\u00e1le to bylo n\u011bco p\u0159es 300 000. Prost\u011b 11 kontejner\u016f, pr\u00e1ce na dva dny prost\u011b pro 10 lid\u00ed.<\/p>\n\n\n\n<p>00:01:55<\/p>\n\n\n\n<p>Bohunka Koci\u00e1nov\u00e1,redaktorka<\/p>\n\n\n\n<p>N\u00e1sleduj\u00edc\u00ed t\u0159i roky byl v dom\u011b klid. Potom pan\u00ed Havl\u00ed\u010dkov\u00e1 p\u0159epsala byt na svoji dceru, a kdy\u017e pot\u00e9 znovu za\u010dala plnit byt odpadem, obr\u00e1tilo se SVJ tedy na dceru jako na majitelku bytu.<\/p>\n\n\n\n<p>00:02:08<\/p>\n\n\n\n<p>Petr Dejl,p\u0159edseda, Sdru\u017een\u00ed vlastn\u00edk\u016f jednotek<\/p>\n\n\n\n<p>Aby se o ten byt za\u010dala trochu zaj\u00edmat a starat, \u017ee ta situace se vyv\u00edj\u00ed k hor\u0161\u00edmu, tak n\u00e1m p\u0159estala br\u00e1t telefony, odpov\u00eddat na maily a podobn\u011b.<\/p>\n\n\n\n<p>00:02:17<\/p>\n\n\n\n<p>Bohunka Koci\u00e1nov\u00e1,redaktorka<\/p>\n\n\n\n<p>Shroma\u017e\u010fov\u00e1n\u00ed odpad\u016f v byt\u011b bohu\u017eel nen\u00ed v\u00fdjime\u010dn\u00e9 a tyto situace se \u0161patn\u011b \u0159e\u0161\u00ed, \u0159\u00edk\u00e1 z\u00e1stupce Svazu \u010desk\u00fdch a moravsk\u00fdch bytov\u00fdch dru\u017estev.<\/p>\n\n\n\n<p>00:02:27<\/p>\n\n\n\n<p>Martin Han\u00e1k,\u0159editel metodick\u00e9ho odboru, Svaz \u010desk\u00fdch a moravsk\u00fdch bytov\u00fdch dru\u017estev<\/p>\n\n\n\n<p>Ty z\u00e1kladn\u00ed nep\u0159\u00edjemnosti, kter\u00e9 jsou spojeny s t\u00edm hromad\u011bn\u00edm t\u011bch odpad\u016f v t\u011bch bytech, je jednak z\u00e1pach, to se projev\u00ed jako prvn\u00ed, pak je to ten hmyz, pak je to n\u011bjak\u00fd to zv\u00fd\u0161en\u00ed rizika bezpe\u010dnosti, hlavn\u011b po\u017e\u00e1rn\u00ed.<\/p>\n\n\n\n<p>00:02:38<\/p>\n\n\n\n<p>Bohunka Koci\u00e1nov\u00e1,redaktorka<\/p>\n\n\n\n<p>A tak to bylo i v tomto p\u0159\u00edpad\u011b. Po z\u00e1pachu se loni z bytu od pan\u00ed Havl\u00ed\u010dkov\u00e9 za\u010dali po dom\u011b \u0161\u00ed\u0159it \u0161v\u00e1bi.<\/p>\n\n\n\n<p>00:02:46<\/p>\n\n\n\n<p>Vlasta Heranov\u00e1,obyvatelka domu<\/p>\n\n\n\n<p>\u0160v\u00e1bi tady b\u011bhaj\u00ed, pod\u00edvejte se po zemi, tam vid\u00edte such\u00fd, t\u0159eba tady, tamhle, no. J\u00e1 ob\u011bdv\u00e1m a okolo tal\u00ed\u0159e mi b\u011b\u017e\u00ed \u0161v\u00e1b. J\u00e1 i v posteli jsem m\u011bla \u0161v\u00e1ba. To je hadr\u016f, co ona p\u0159inese.<\/p>\n\n\n\n<p>00:03:06<\/p>\n\n\n\n<p>Bohunka Koci\u00e1nov\u00e1,redaktorka<\/p>\n\n\n\n<p>Pan\u00ed Heranov\u00e1 bydl\u00ed s pan\u00ed Havl\u00ed\u010dkovou na stejn\u00e9m pat\u0159e. M\u00e1te jich tady teda, vid\u00edm, co jste tady te\u010fka chytila, \u017ee jsou i \u017eiv\u00ed. Je\u0161t\u011b se tam hejbou.<\/p>\n\n\n\n<p>00:03:16<\/p>\n\n\n\n<p>Vlasta Heranov\u00e1,obyvatelka domu<\/p>\n\n\n\n<p>Je\u0161t\u011b se to hejbe, no, ono se to p\u0159ilep\u00ed na tohleto, to je lepic\u00ed a on se ven u\u017e nedostane. Kdy\u017e ho vid\u00edm, tak m\u00e1m tadyhle takovou starou botu a tou ho pra\u0161t\u00edm, seberu to do ubrousku a vyhod\u00edm to do ko\u0161e. Mus\u00edm ho zab\u00edt, no.<\/p>\n\n\n\n<p>00:03:38<\/p>\n\n\n\n<p>Bohunka Koci\u00e1nov\u00e1,redaktorka<\/p>\n\n\n\n<p>Podobn\u011b jsou na tom i dal\u0161\u00ed obyvatel\u00e9 domu, kter\u00fd m\u00e1 \u010dty\u0159i vchody a 120 byt\u016f. V bytech i na balkonech m\u00e1 \u0161v\u00e1by i pan\u00ed Pazderkov\u00e1 nebo pan \u0160tilec, kter\u00fd dokonce bydl\u00ed v jin\u00e9m vchod\u011b. \u0160v\u00e1bi se dostali u\u017e i tam. Venkem p\u0159es balkon v\u00e1m lezou?<\/p>\n\n\n\n<p>00:03:54<\/p>\n\n\n\n<p>Juraj \u0160tilec,obyvatel domu<\/p>\n\n\n\n<p>Ano, a to se domn\u00edv\u00e1m teda, \u017ee to nebude jen vn\u011bj\u0161kem, ale bude to nap\u0159\u00edklad stoupa\u010dkami, kter\u00e9 m\u00e1me dv\u011b v tomto byt\u011b.<\/p>\n\n\n\n<p>00:04:01<\/p>\n\n\n\n<p>Bohunka Koci\u00e1nov\u00e1,redaktorka<\/p>\n\n\n\n<p>A ohro\u017een\u00e9 jsou i byty mimo tento d\u016fm.<\/p>\n\n\n\n<p>00:04:04<\/p>\n\n\n\n<p>Petr Dejl,p\u0159edseda, Sdru\u017een\u00ed vlastn\u00edk\u016f jednotek<\/p>\n\n\n\n<p>My tady v s\u00eddli\u0161ti jsme propojen\u00ed s okoln\u00edmi domy vlastn\u011b teplovodem. V okam\u017eiku, kdy se to rozleze velk\u00fdm zp\u016fsobem, tak p\u0159est\u00e1v\u00e1me b\u00fdt ohro\u017eeni jenom my.<\/p>\n\n\n\n<p>00:04:16<\/p>\n\n\n\n<p>Bohunka Koci\u00e1nov\u00e1,redaktorka<\/p>\n\n\n\n<p>Pan\u00ed Havl\u00ed\u010dkov\u00e1 by m\u011bla bydlet tady v tom byt\u011b, co\u017e u\u017e se pozn\u00e1 podle z\u00e1pachu. Akor\u00e1t \u017ee teda nezvon\u00ed zvonek. Z bytu tak\u00e9 vyl\u00e9zali \u0161v\u00e1bi a pasti\u010dka u dve\u0159\u00ed byla pln\u00e1. Pan\u00ed Havl\u00ed\u010dkov\u00e1, tady je \u010cesk\u00e1 televize, Bohunka Koci\u00e1nov\u00e1. M\u016f\u017eeme s v\u00e1mi mluvit? My bysme v\u00e1m cht\u011bli pomoct ohledn\u011b toho nepo\u0159\u00e1dku, co m\u00e1te v byt\u011b, ohledn\u011b t\u011bch v\u011bc\u00ed.<\/p>\n\n\n\n<p>00:04:48<\/p>\n\n\n\n<p>Petr Dejl,p\u0159edseda, Sdru\u017een\u00ed vlastn\u00edk\u016f jednotek<\/p>\n\n\n\n<p>Pan\u00ed je takov\u00e1 nekomunikativn\u00ed, moc neotv\u00edr\u00e1, nemluv\u00ed a prost\u011b po\u0159\u00e1d nos\u00ed.<\/p>\n\n\n\n<p>00:04:54<\/p>\n\n\n\n<p>Bohunka Koci\u00e1nov\u00e1,redaktorka<\/p>\n\n\n\n<p>Pan\u00ed Havl\u00ed\u010dkov\u00e1 neotev\u0159ela ani n\u00e1m, a to jsme u n\u00ed byli opakovan\u011b.<\/p>\n\n\n\n<p>00:04:59<\/p>\n\n\n\n<p>Petr Dejl,p\u0159edseda, Sdru\u017een\u00ed vlastn\u00edk\u016f jednotek<\/p>\n\n\n\n<p>\u0160\u00ed\u0159\u00ed se to po dom\u011b a nen\u00ed vlastn\u011b proti tomu n\u011bjak\u00e1 obrana. My prov\u00e1d\u00edme dezinsekce, prov\u00e1d\u00edme z\u00e1kroky v bytech okolo, prov\u00e1d\u00edme bari\u00e9rov\u00fd post\u0159iky a je to vlastn\u011b celkem k ni\u010demu, pokud se n\u011bjak\u00fdm zp\u016fsobem nevy\u0159e\u0161\u00ed ta situace v tom byt\u011b.<\/p>\n\n\n\n<p>00:05:13<\/p>\n\n\n\n<p>Bohunka Koci\u00e1nov\u00e1,redaktorka<\/p>\n\n\n\n<p>Kolik v\u00e1s to st\u00e1lo?<\/p>\n\n\n\n<p>00:05:15<\/p>\n\n\n\n<p>Petr Dejl,p\u0159edseda, Sdru\u017een\u00ed vlastn\u00edk\u016f jednotek<\/p>\n\n\n\n<p>V\u0161echny ty z\u00e1sahy, kter\u00e9 jsme provedli, vlastn\u011b d\u00edky tomu, co v tom byt\u011b je a jak ona se chov\u00e1, tak v tuto chv\u00edli u\u017e jsou na n\u011bjak\u00fdch 800 000.<\/p>\n\n\n\n<p>00:05:25<\/p>\n\n\n\n<p>Bohunka Koci\u00e1nov\u00e1,redaktorka<\/p>\n\n\n\n<p>SVJ u\u017e kv\u016fli t\u00e9to situaci p\u0159i\u0161lo o 800 000 K\u010d. A to se majitel\u016fm byt\u016f nel\u00edb\u00ed.<\/p>\n\n\n\n<p>00:05:32<\/p>\n\n\n\n<p>Jitka Svobodov\u00e1,obyvatelka domu<\/p>\n\n\n\n<p>Utr\u00e1c\u00edme spoustu pen\u011bz za dezinsekce, pasti\u010dky, ale nezabralo v\u016fbec nic. Po\u0159\u00e1d je tady m\u00e1me.<\/p>\n\n\n\n<p>00:05:38<\/p>\n\n\n\n<p>Petr Dejl,p\u0159edseda, Sdru\u017een\u00ed vlastn\u00edk\u016f jednotek<\/p>\n\n\n\n<p>N\u011bkte\u0159\u00ed jsou z toho \u00fapln\u011b na pr\u00e1\u0161ky, n\u011bkte\u0159\u00ed nejsou schopni sp\u00e1t, b\u011bhaj\u00ed jim prost\u011b po posteli \u0161v\u00e1bi, jsou tam mal\u00fd d\u011bti, jsou tam sta\u0159\u00ed lid\u00e9, je to prost\u011b alarmuj\u00edc\u00ed hygienick\u00e1 situace.<\/p>\n\n\n\n<p>00:05:51<\/p>\n\n\n\n<p>Bohunka Koci\u00e1nov\u00e1,redaktorka<\/p>\n\n\n\n<p>Na podn\u011bt jednoho z majitel\u016f byt\u016f do domu p\u0159ijely pracovnice hygieny.<\/p>\n\n\n\n<p>00:05:56<\/p>\n\n\n\n<p>Petra Bart\u00f3k,mluv\u010d\u00ed, Hygienick\u00e1 stanice hl. m. Prahy<\/p>\n\n\n\n<p>Na m\u00edst\u011b jsme zjistili, \u017ee byt je pravd\u011bpodobn\u011b pln\u00fd odpadk\u016f. To bylo vid\u011bt u\u017e od dve\u0159\u00ed. Byl c\u00edtit siln\u00fd z\u00e1pach i zbytk\u016f potravin. Vy\u0161lo v\u011bt\u0161\u00ed mno\u017estv\u00ed hmyzu z bytu hned po otev\u0159en\u00ed. Rozhodnut\u00ed o nutn\u00e9 dezinsekci bylo vyd\u00e1no jak pro SVJ, tak pro majitelku bytu.<\/p>\n\n\n\n<p>00:06:18<\/p>\n\n\n\n<p>Bohunka Koci\u00e1nov\u00e1,redaktorka<\/p>\n\n\n\n<p>SVJ tedy sice za\u0159\u00eddilo dal\u0161\u00ed post\u0159iky v dom\u011b, ale do bytu pan\u00ed Havl\u00ed\u010dkov\u00e9 se nikdo nedostal.<\/p>\n\n\n\n<p>00:06:25<\/p>\n\n\n\n<p>Petr Mikysek,advok\u00e1t<\/p>\n\n\n\n<p>Ve\u0161ker\u00e9 v\u011bci, kter\u00e9 se t\u00fdkaj\u00ed n\u00e1hrad \u0161kody nebo v\u016fbec postupu v\u016f\u010di t\u00e9 pan\u00ed, tak by m\u011bly sm\u011b\u0159ovat pr\u00e1v\u011b v\u016f\u010di vlastn\u00edkovi bytu. Ten je odpov\u011bdn\u00fd v\u016f\u010di ostatn\u00edm vlastn\u00edk\u016fm, v\u016f\u010di SVJ atd.<\/p>\n\n\n\n<p>00:06:38<\/p>\n\n\n\n<p>Bohunka Koci\u00e1nov\u00e1,redaktorka<\/p>\n\n\n\n<p>Jak jsme se ale dozv\u011bd\u011bli, dcera pan\u00ed Havl\u00ed\u010dkov\u00e9, tedy majitelka bytu, zem\u0159ela, a tak nen\u00ed na koho se obr\u00e1tit.<\/p>\n\n\n\n<p>00:06:46<\/p>\n\n\n\n<p>Martin Han\u00e1k,\u0159editel metodick\u00e9ho odboru, Svaz \u010desk\u00fdch a moravsk\u00fdch bytov\u00fdch dru\u017estev<\/p>\n\n\n\n<p>Ta situace se d\u00e1 v t\u011bch lep\u0161\u00edch p\u0159\u00edpadech \u0159e\u0161it v okam\u017eiku, kdy je n\u011bjak\u00e1 sou\u010dinnost s rodinou t\u011bchto osob. Kdy\u017e jsou tam n\u011bjak\u00e9 d\u011bti nebo p\u0159\u00edbuzn\u00ed bl\u00edzc\u00ed, kte\u0159\u00ed jsou schopni na v\u00fdzvu toho spr\u00e1vce reagovat.<\/p>\n\n\n\n<p>00:06:59<\/p>\n\n\n\n<p>Bohunka Koci\u00e1nov\u00e1,redaktorka<\/p>\n\n\n\n<p>Zd\u00e1 se, \u017ee ale pan\u00ed Havl\u00ed\u010dkov\u00e1 moc p\u0159\u00edbuzn\u00fdch nem\u00e1.<\/p>\n\n\n\n<p>00:07:03<\/p>\n\n\n\n<p>Petra Bart\u00f3k,mluv\u010d\u00ed, Hygienick\u00e1 stanice hl. m. Prahy<\/p>\n\n\n\n<p>P\u0159\u00edbuzn\u00e1 byla jej\u00ed teta, kter\u00e9 bylo p\u0159es 90 let a nebyla schopn\u00e1 vlastn\u011b zas\u00e1hnout. Dal\u0161\u00ed p\u0159\u00edbuznou byla sestra n\u00e1jemnice, kter\u00e1 sice \u017eije v It\u00e1lii, ale shodou okolnost\u00ed tou dobou byla v \u010cech\u00e1ch, tu se poda\u0159ilo kontaktovat, ale bohu\u017eel se na n\u00e1jemnici nedozvonila.<\/p>\n\n\n\n<p>00:07:25<\/p>\n\n\n\n<p>Vlasta Heranov\u00e1,obyvatelka domu<\/p>\n\n\n\n<p>No, s n\u00ed nen\u00ed domluva. Ona se k v\u00e1m oto\u010d\u00ed z\u00e1dy a stoj\u00ed a p\u0159ipad\u00e1 mi, proti mn\u011b je to mlad\u00e1 \u017eensk\u00e1, j\u00e1 dost m\u00e1m takov\u00fd z\u00e1vrat\u011b, kdyby do m\u011b str\u010dila, co si na ni vezmu?<\/p>\n\n\n\n<p>00:07:43<\/p>\n\n\n\n<p>Martin Han\u00e1k,\u0159editel metodick\u00e9ho odboru, Svaz \u010desk\u00fdch a moravsk\u00fdch bytov\u00fdch dru\u017estev<\/p>\n\n\n\n<p>Ve v\u011bt\u0161in\u011b p\u0159\u00edpad\u016f, to jsou bohu\u017eel smutn\u00e9 p\u0159\u00edpady nebo smutn\u00e9 osudy t\u011bch lid\u00ed, kte\u0159\u00ed trp\u00ed n\u011bjak\u00fdm handicapem zdravotn\u00edm nebo asi i ment\u00e1ln\u00edm, prost\u011b to hromad\u011bn\u00ed toho odpadu, to prost\u011b nen\u00ed norm\u00e1ln\u00ed u\u017e\u00edv\u00e1n\u00ed bytu. Hroz\u00ed tu prost\u011b zv\u00fd\u0161en\u00e9 riziko n\u011bjak\u00e9ho probl\u00e9mu, nejen teda zdravotn\u00edho, hygienick\u00e9ho, ale i toho bezpe\u010dnostn\u00edho.<\/p>\n\n\n\n<p>00:08:01<\/p>\n\n\n\n<p>Petra Bart\u00f3k,mluv\u010d\u00ed, Hygienick\u00e1 stanice hl. m. Prahy<\/p>\n\n\n\n<p>Ten hmyz m\u016f\u017ee ur\u010dit\u011b p\u0159edstavovat zdravotn\u00ed nebezpe\u010d\u00ed, to znamen\u00e1, \u017ee m\u016f\u017ee i \u0161\u00ed\u0159it nemoci.<\/p>\n\n\n\n<p>00:08:07<\/p>\n\n\n\n<p>Bohunka Koci\u00e1nov\u00e1,redaktorka<\/p>\n\n\n\n<p>Boj\u00edte se, \u017ee byste mohl chytit t\u0159eba n\u011bjakou nemoc?<\/p>\n\n\n\n<p>00:08:10<\/p>\n\n\n\n<p>Juraj \u0160tilec,obyvatel domu<\/p>\n\n\n\n<p>No samoz\u0159ejm\u011b. Jak\u00e9koliv potraviny se dotknu, na kter\u00e9 byli oni, tak se vlastn\u011b m\u016f\u017eu nakazit n\u011b\u010d\u00edm, co nechci. P\u0159en\u00e1\u0161ej\u00ed nap\u0159\u00edklad \u017eloutenku&#8230;<\/p>\n\n\n\n<p>00:08:20<\/p>\n\n\n\n<p>Bohunka Koci\u00e1nov\u00e1,redaktorka<\/p>\n\n\n\n<p>A nehroz\u00ed jenom nemoci.<\/p>\n\n\n\n<p>00:08:23<\/p>\n\n\n\n<p>Jitka Svobodov\u00e1,obyvatelka domu<\/p>\n\n\n\n<p>Byt v\u00e1m vlastn\u011b ztr\u00e1c\u00ed na hodnot\u011b, kdybych ho cht\u011bla prodat, tak si mysl\u00edm, \u017ee se sem asi t\u011b\u017eko te\u010f n\u011bkdo nast\u011bhuje.<\/p>\n\n\n\n<p>00:08:30<\/p>\n\n\n\n<p>Bohunka Koci\u00e1nov\u00e1,redaktorka<\/p>\n\n\n\n<p>Proto\u017ee odpov\u011bdn\u00e1 majitelka bytu zem\u0159ela a d\u011bdictv\u00ed obvykle b\u00fdv\u00e1 dlouhodob\u00e1 z\u00e1le\u017eitost, v tomto p\u0159\u00edpad\u011b bude nav\u00edc prob\u00edhat i v USA, kde dcera pan\u00ed Havl\u00ed\u010dkov\u00e9 \u017eila, nelze \u010dekat na to, a\u017e bude rozhodnuto o nov\u00e9m majiteli bytu. Situace pan\u00ed Havl\u00ed\u010dkov\u00e9 se tedy bude muset \u0159e\u0161it jinak.<\/p>\n\n\n\n<p>00:08:49<\/p>\n\n\n\n<p>Martin Han\u00e1k,\u0159editel metodick\u00e9ho odboru, Svaz \u010desk\u00fdch a moravsk\u00fdch bytov\u00fdch dru\u017estev<\/p>\n\n\n\n<p>Pokud by m\u011bla tu ochotu si nechat pomoct, tak ten soci\u00e1ln\u00ed odbor p\u0159\u00edslu\u0161n\u00e9 obce si mysl\u00edm, \u017ee taky je org\u00e1n, kam bychom se m\u011bli obr\u00e1tit s \u017e\u00e1dost\u00ed o n\u011bjakou sou\u010dinnost.<\/p>\n\n\n\n<p>00:08:57<\/p>\n\n\n\n<p>Bohunka Koci\u00e1nov\u00e1,redaktorka<\/p>\n\n\n\n<p>Zavolali jsme tedy na soci\u00e1ln\u00ed odbor Prahy 10. My jsme te\u010fka v dom\u011b, kde je pan\u00ed, kter\u00e1 z\u0159ejm\u011b pot\u0159ebuje n\u011bjakou pomoc, proto\u017ee vlastn\u011b shroma\u017e\u010fuje odpad, ten odpad u\u017e je t\u00e9m\u011b\u0159 do v\u00fd\u0161ky stropu a probl\u00e9m je ten, \u017ee jej\u00ed dcera, kter\u00e1 je majitelkou bytu, zem\u0159ela, tak vlastn\u011b SVJ nev\u00ed, na koho se obr\u00e1tit.<\/p>\n\n\n\n<p>00:09:24<\/p>\n\n\n\n<p>Linda Z\u00e1korov\u00e1,vedouc\u00ed odd. soci\u00e1ln\u00ed pr\u00e1ce, \u00da\u0159ad M\u010c Praha 10<\/p>\n\n\n\n<p>Ur\u010dit\u011b r\u00e1di se pokus\u00edme tady zkontaktovat, nav\u00e1zat s n\u00ed spolupr\u00e1ci a podpo\u0159it ji v tom \u0159e\u0161en\u00ed t\u00e9 jejich slo\u017eit\u00e9 situace, ale pokud n\u00e1s odm\u00edtne, tak my nejsme represivn\u00ed slo\u017eka. My nem\u016f\u017eeme j\u00edt do toho bytu n\u00e1sil\u00edm.<\/p>\n\n\n\n<p>00:09:38<\/p>\n\n\n\n<p>Petra Bart\u00f3k,mluv\u010d\u00ed, Hygienick\u00e1 stanice hl. m. Prahy<\/p>\n\n\n\n<p>J\u00e1 se domn\u00edv\u00e1m, \u017ee te\u010f u\u017e to bude na tom soci\u00e1ln\u00edm odboru a na l\u00e9ka\u0159\u00edch a podobn\u011b, aby se poda\u0159ilo vlastn\u011b zp\u0159\u00edstupnit ten byt. A pot\u00e9, co bude tohle vy\u0159e\u0161eno, tak m\u016f\u017eeme na\u0159\u00eddit znovu dezinsekci.<\/p>\n\n\n\n<p>00:09:53<\/p>\n\n\n\n<p>Martin Han\u00e1k,\u0159editel metodick\u00e9ho odboru, Svaz \u010desk\u00fdch a moravsk\u00fdch bytov\u00fdch dru\u017estev<\/p>\n\n\n\n<p>Jedn\u00edm z pomoci nebo z v\u00fdstup\u016f jedn\u00e1n\u00ed s t\u00edm soci\u00e1ln\u00edm odborem m\u016f\u017ee b\u00fdt situace, kdy ta p\u0159\u00edslu\u0161n\u00e1 obec nab\u00edz\u00ed t\u011bm lidem v t\u00e9to situaci n\u011bjak\u00e9 n\u00e1hradn\u00ed ubytov\u00e1n\u00ed nebo ubytov\u00e1n\u00ed s n\u011bjakou soci\u00e1ln\u00ed pomoc\u00ed.<\/p>\n\n\n\n<p>00:10:04<\/p>\n\n\n\n<p>Bohunka Koci\u00e1nov\u00e1,redaktorka<\/p>\n\n\n\n<p>Po nat\u00e1\u010den\u00ed t\u00e9to report\u00e1\u017ee jsme se dozv\u011bd\u011bli, \u017ee se poda\u0159ilo soci\u00e1ln\u00edm pracovnic\u00edm Prahy 10 s pan\u00ed Havl\u00ed\u010dkovou spojit a nab\u00eddly j\u00ed pomoc. Jestli se t\u00edm situace vy\u0159e\u0161\u00ed, to budeme sledovat d\u00e1l.<\/p>\n\n\n\n<p>00:10:17<\/p>\n\n\n\n<p>Jitka Svobodov\u00e1,obyvatelka domu<\/p>\n\n\n\n<p>Vlastn\u011b nev\u00edm, jestli tady v\u016fbec chci \u017e\u00edt. U\u017e samoz\u0159ejm\u011b p\u0159em\u00fd\u0161l\u00edm i nad t\u00edm, \u017ee ten byt prod\u00e1me klidn\u011b asi i pod tou cenou a odst\u011bhujeme se n\u011bkam jinam, proto\u017ee s t\u00edm opravdu \u017e\u00edt tady nechceme.<\/p>\n\n\n\n<p>00:10:29<\/p>\n\n\n\n<p>Kate\u0159ina Stibalov\u00e1,moder\u00e1torka<\/p>\n\n\n\n<p>Kr\u00e1tce po dokon\u010den\u00ed report\u00e1\u017ee m\u011bla situace v dom\u011b zaj\u00edmav\u00fd v\u00fdvoj. Pokra\u010dov\u00e1n\u00ed pro v\u00e1s proto p\u0159ipravujeme hned na p\u0159\u00ed\u0161t\u00ed t\u00fdden.<\/p>\n","protected":false},"excerpt":{"rendered":"<div class=\"mh-excerpt\"><p>\u010cT1 Po letn\u00edch m\u011bs\u00edc\u00edch jsou tu op\u011bt \u010cern\u00e9 ovce, v\u00edtejte. A za\u010dneme report\u00e1\u017e\u00ed, kter\u00e1 pro ty z v\u00e1s, kdo se \u0161t\u00edt\u00edte hmyzu, nebude p\u0159\u00edjemn\u00e1 na <a class=\"mh-excerpt-more\" href=\"https:\/\/www.invarena.cz\/?p=60461\" title=\"\u010cern\u00e9 ovce &#8211;\u00a0Sousedka\">[&#8230;]<\/a><\/p>\n<\/div>","protected":false},"author":1,"featured_media":48306,"comment_status":"open","ping_status":"closed","sticky":false,"template":"","format":"standard","meta":{"footnotes":""},"categories":[7],"tags":[],"class_list":["post-60461","post","type-post","status-publish","format-standard","has-post-thumbnail","hentry","category-spolecnost"],"_links":{"self":[{"href":"https:\/\/www.invarena.cz\/index.php?rest_route=\/wp\/v2\/posts\/60461","targetHints":{"allow":["GET"]}}],"collection":[{"href":"https:\/\/www.invarena.cz\/index.php?rest_route=\/wp\/v2\/posts"}],"about":[{"href":"https:\/\/www.invarena.cz\/index.php?rest_route=\/wp\/v2\/types\/post"}],"author":[{"embeddable":true,"href":"https:\/\/www.invarena.cz\/index.php?rest_route=\/wp\/v2\/users\/1"}],"replies":[{"embeddable":true,"href":"https:\/\/www.invarena.cz\/index.php?rest_route=%2Fwp%2Fv2%2Fcomments&post=60461"}],"version-history":[{"count":0,"href":"https:\/\/www.invarena.cz\/index.php?rest_route=\/wp\/v2\/posts\/60461\/revisions"}],"wp:featuredmedia":[{"embeddable":true,"href":"https:\/\/www.invarena.cz\/index.php?rest_route=\/wp\/v2\/media\/48306"}],"wp:attachment":[{"href":"https:\/\/www.invarena.cz\/index.php?rest_route=%2Fwp%2Fv2%2Fmedia&parent=60461"}],"wp:term":[{"taxonomy":"category","embeddable":true,"href":"https:\/\/www.invarena.cz\/index.php?rest_route=%2Fwp%2Fv2%2Fcategories&post=60461"},{"taxonomy":"post_tag","embeddable":true,"href":"https:\/\/www.invarena.cz\/index.php?rest_route=%2Fwp%2Fv2%2Ftags&post=60461"}],"curies":[{"name":"wp","href":"https:\/\/api.w.org\/{rel}","templated":true}]}}